{"id":614800,"date":"2025-12-22T00:27:14","date_gmt":"2025-12-22T00:27:14","guid":{"rendered":"https:\/\/www.europesays.com\/fr\/614800\/"},"modified":"2025-12-22T00:27:14","modified_gmt":"2025-12-22T00:27:14","slug":"paris-est-passee-de-capitale-de-la-vie-courte-a-championne-de-la-longevite-2","status":"publish","type":"post","link":"https:\/\/www.europesays.com\/fr\/614800\/","title":{"rendered":"Paris est pass\u00e9e de capitale de la vie courte \u00e0 championne de la long\u00e9vit\u00e9"},"content":{"rendered":"<p class=\"mb-4 text-lg md:leading-8 break-words\"><strong>d\u00e9mographie &#8211; En un si\u00e8cle, la ville est devenue l\u2019un des territoires o\u00f9 l\u2019on vit le plus longtemps au monde<\/strong><\/p>\n<p class=\"mb-4 text-lg md:leading-8 break-words\"><strong>Une plong\u00e9e dans les archives de la capitale permet de retracer les causes de la transformation de Paris, devenue en cent ans l\u2019une des villes o\u00f9 l\u2019on vit le plus longtemps au monde. Florian Bonnet, Catalina Torres et France Mesl\u00e9, d\u00e9mographes \u00e0 l\u2019Institut national d\u2019\u00e9tudes d\u00e9mographiques, analysent ce changement.<\/strong><\/p>\n<p class=\"mb-4 text-lg md:leading-8 break-words\">Combien de temps peut-on esp\u00e9rer vivre\u00a0? Derri\u00e8re cette question d\u2019apparence simple se cache un des indicateurs les plus br\u00fblants pour appr\u00e9hender le d\u00e9veloppement socio-\u00e9conomique d\u2019un pays. Car l\u2019esp\u00e9rance de vie \u00e0 la naissance ne mesure pas seulement la dur\u00e9e moyenne de la vie\u00a0; elle r\u00e9sume \u00e0 elle seule l\u2019\u00e9tat sanitaire, les conditions de vie ainsi que les in\u00e9galit\u00e9s sociales au sein d\u2019une population.<\/p>\n<p class=\"mb-4 text-lg md:leading-8 break-words\">En\u00a02024, la France figurait parmi les pays les plus long\u00e9vifs au monde (autrement dit, l\u2019un des pays o\u00f9 l\u2019on vit le plus longtemps). <a href=\"https:\/\/www.insee.fr\/fr\/statistiques\/8327319?at_medium=RSS%20feed&amp;at_campaign=ynews&amp;utm_source=yahoo&amp;utm_medium=rss&amp;utm_campaign=news_feed&amp;utm_content=in_article_link\" rel=\"nofollow noopener\" target=\"_blank\" data-ylk=\"slk:L\u2019esp\u00e9rance de vie y \u00e9tait de 80 ans pour les hommes et de 85 ans et 7 mois pour les femmes,;elm:context_link;itc:0;sec:content-canvas\" class=\"link \">L\u2019esp\u00e9rance de vie y \u00e9tait de 80 ans pour les hommes et de 85 ans et 7 mois pour les femmes,<\/a> selon l\u2019Insee. Derri\u00e8re ces moyennes nationales se cachent toutefois des disparit\u00e9s territoriales notables.<\/p>\n<p class=\"mb-4 text-lg md:leading-8 break-words\">\u00c0 Paris, par exemple, l\u2019esp\u00e9rance de vie atteignait 82 ans pour les hommes et 86 ans et 8 mois pour les femmes \u2013 soit un avantage de 1 \u00e0 2 ans par rapport \u00e0 la moyenne nationale selon le sexe. Mais cela n\u2019a pas toujours \u00e9t\u00e9 le cas. Retour sur cent cinquante ans d\u2019\u00e9volutions.<\/p>\n<p>Une esp\u00e9rance de vie longtemps inf\u00e9rieure \u00e0 la moyenne fran\u00e7aise<\/p>\n<p class=\"mb-4 text-lg md:leading-8 break-words\">Paris n\u2019a pas toujours \u00e9t\u00e9 un havre de long\u00e9vit\u00e9. Il y a cent cinquante ans, la vie moyenne des hab(&#8230;)<\/p>\n<p class=\"mb-4 text-lg md:leading-8 break-words\"><a href=\"https:\/\/www.20minutes.fr\/paris\/4191988-20251221-paris-passee-capitale-vie-courte-championne-longevite?at_medium=RSS%20feed&amp;at_campaign=ynews&amp;utm_source=yahoo&amp;utm_medium=rss&amp;utm_campaign=news_feed&amp;utm_content=read_more_link&quot;\" rel=\"nofollow noopener\" target=\"_blank\" data-ylk=\"slk:Lire la suite sur 20minutes;elm:context_link;itc:0;sec:content-canvas\" class=\"link \">Lire la suite sur 20minutes<\/a><\/p>\n<p>\u00c0 lire aussi :<br \/><a href=\"https:\/\/www.20minutes.fr\/sante\/4186134-20251117-systeme-immunitaire-femmes-bien-plus-developpe-celui-hommes-voici-pourquoi?at_medium=RSS%20feed&amp;at_campaign=ynews&amp;utm_source=yahoo&amp;utm_medium=rss&amp;utm_campaign=news_feed&amp;utm_content=related_content_link\" rel=\"nofollow noopener\" target=\"_blank\" data-ylk=\"slk:Le syst\u00e8me immunitaire des femmes est bien plus d\u00e9velopp\u00e9 que celui des hommes, voici pourquoi;elm:context_link;itc:0;sec:content-canvas\" class=\"link \">Le syst\u00e8me immunitaire des femmes est bien plus d\u00e9velopp\u00e9 que celui des hommes, voici pourquoi<\/a><br \/><a href=\"https:\/\/www.20minutes.fr\/societe\/4191645-20251215-esperance-vie-francais-plus-aises-vivent-treize-ans-plus-plus-pauvres-selon-etude?at_medium=RSS%20feed&amp;at_campaign=ynews&amp;utm_source=yahoo&amp;utm_medium=rss&amp;utm_campaign=news_feed&amp;utm_content=related_content_link\" rel=\"nofollow noopener\" target=\"_blank\" data-ylk=\"slk:Esp\u00e9rance de vie\u00a0: Les Fran\u00e7ais les plus ais\u00e9s vivent treize ans de plus que les plus pauvres, selon une \u00e9tude;elm:context_link;itc:0;sec:content-canvas\" class=\"link \">Esp\u00e9rance de vie\u00a0: Les Fran\u00e7ais les plus ais\u00e9s vivent treize ans de plus que les plus pauvres, selon une \u00e9tude<\/a><\/p>\n","protected":false},"excerpt":{"rendered":"d\u00e9mographie &#8211; En un si\u00e8cle, la ville est devenue l\u2019un des territoires o\u00f9 l\u2019on vit le plus longtemps&hellip;\n","protected":false},"author":2,"featured_media":614801,"comment_status":"","ping_status":"","sticky":false,"template":"","format":"standard","meta":{"footnotes":""},"categories":[1888],"tags":[1111,1928,11,1927,72548,8445,1777,674,1011,27,12502,12,1926,626,1925,25,72546,72547],"class_list":{"0":"post-614800","1":"post","2":"type-post","3":"status-publish","4":"format-standard","5":"has-post-thumbnail","7":"category-paris","8":"tag-actu","9":"tag-actu-paris","10":"tag-actualites","11":"tag-actualites-paris","12":"tag-catalina-torres","13":"tag-esperance-de-vie","14":"tag-eu","15":"tag-europe","16":"tag-fr","17":"tag-france","18":"tag-lesperance-de-vie","19":"tag-news","20":"tag-news-paris","21":"tag-paris","22":"tag-paris-news","23":"tag-republique-francaise","24":"tag-transformation-de-paris","25":"tag-vie-moyenne"},"share_on_mastodon":{"url":"https:\/\/pubeurope.com\/@fr\/115760388219418499","error":""},"_links":{"self":[{"href":"https:\/\/www.europesays.com\/fr\/wp-json\/wp\/v2\/posts\/614800","targetHints":{"allow":["GET"]}}],"collection":[{"href":"https:\/\/www.europesays.com\/fr\/wp-json\/wp\/v2\/posts"}],"about":[{"href":"https:\/\/www.europesays.com\/fr\/wp-json\/wp\/v2\/types\/post"}],"author":[{"embeddable":true,"href":"https:\/\/www.europesays.com\/fr\/wp-json\/wp\/v2\/users\/2"}],"replies":[{"embeddable":true,"href":"https:\/\/www.europesays.com\/fr\/wp-json\/wp\/v2\/comments?post=614800"}],"version-history":[{"count":0,"href":"https:\/\/www.europesays.com\/fr\/wp-json\/wp\/v2\/posts\/614800\/revisions"}],"wp:featuredmedia":[{"embeddable":true,"href":"https:\/\/www.europesays.com\/fr\/wp-json\/wp\/v2\/media\/614801"}],"wp:attachment":[{"href":"https:\/\/www.europesays.com\/fr\/wp-json\/wp\/v2\/media?parent=614800"}],"wp:term":[{"taxonomy":"category","embeddable":true,"href":"https:\/\/www.europesays.com\/fr\/wp-json\/wp\/v2\/categories?post=614800"},{"taxonomy":"post_tag","embeddable":true,"href":"https:\/\/www.europesays.com\/fr\/wp-json\/wp\/v2\/tags?post=614800"}],"curies":[{"name":"wp","href":"https:\/\/api.w.org\/{rel}","templated":true}]}}