{"id":614808,"date":"2025-12-22T00:31:15","date_gmt":"2025-12-22T00:31:15","guid":{"rendered":"https:\/\/www.europesays.com\/fr\/614808\/"},"modified":"2025-12-22T00:31:15","modified_gmt":"2025-12-22T00:31:15","slug":"ukraine-se-cacher-pour-eviter-le-front-le-temoignage-dun-deserteur-ukrainien-reportage-international","status":"publish","type":"post","link":"https:\/\/www.europesays.com\/fr\/614808\/","title":{"rendered":"Ukraine: se cacher pour \u00e9viter le front, le t\u00e9moignage d&rsquo;un d\u00e9serteur ukrainien &#8211; Reportage international"},"content":{"rendered":"<p>\n                                                Pendant qu&rsquo;\u00e0 Miami les \u00c9tats-Unis tiennent depuis trois jours des pourparlers s\u00e9par\u00e9ment avec les d\u00e9l\u00e9gations ukrainienne et russe, dans l&rsquo;espoir de mettre un fin au conflit en Ukraine, sur le front, la situation est toujours aussi difficile. Les pertes des deux c\u00f4t\u00e9s ne sont pas communiqu\u00e9es mais elles semblent lourdes. Plusieurs centaines de milliers de soldats tu\u00e9s depuis le d\u00e9but de la guerre. C\u00f4t\u00e9 ukrainien, chaque homme entre 25 et 60 ans peut \u00eatre mobilis\u00e9. Il peut l\u2019\u00eatre de force. Dans tout le pays, la police ukrainienne fait la chasse aux potentiels soldats qui ne sont pas en r\u00e8gle ou qui n\u2019ont pas r\u00e9pondu \u00e0 leur ordre de mobilisation. Alors pour \u00e9chapper au front et \u00e0 la mort, beaucoup d\u2019hommes se cachent. Probablement des dizaines de milliers. Pour RFI, notre correspondant a rencontr\u00e9 l\u2019un d\u2019entre eux.                    <\/p>\n<p>Alexandre, c\u2019est le pr\u00e9nom qu\u2019il s\u2019est choisi pour cette interview, nous a donn\u00e9 rendez-vous quelque part en Ukraine, au fin fond d\u2019un tout petit village. Routes en terre, toits en t\u00f4le, maisons en bois. C\u2019est ici qu\u2019il a d\u00e9cid\u00e9 de se cacher.\u00a0<\/p>\n<p>\u00ab La derni\u00e8re fois que je suis sorti d\u2019ici, c\u2019\u00e9tait le 7 mars. Exactement, il y a neuf mois. Neuf mois que je ne suis pas all\u00e9 une seule fois en ville. Quand j\u2019y \u00e9tais, je ne sortais presque pas dehors. Seulement pour aller au magasin. Sans n\u00e9cessit\u00e9 je ne sortais pas du tout, explique Alexandre.\u00a0\u00c0 n\u2019importe quel moment, quand tu marches dehors, tu peux \u00eatre enlev\u00e9 et mobilis\u00e9 par des militaires ou par la police.\u00bb<\/p>\n<p>Quand on lui demande les raisons pour lesquelles il fuit l&rsquo;arm\u00e9e et la mobilisation, il r\u00e9pond\u00a0:\u00a0\u00ab\u00a0Je ne veux pas aller \u00e0 la guerre. Parce que j\u2019ai peur de mourir \u00bb. Il soupire et ajoute\u00a0: \u00ab Pour moi, la vie, c\u2019est plus important que\u2026Je ne sais pas \u00bb. \u00ab Mais pour moi c\u2019est plus important que de \u00ab\u00a0d\u00e9fendre\u00a0\u00bb, d\u00e9fendre \u00ab\u00a0leurs int\u00e9r\u00eats\u00a0\u00bb\u00a0\u00bb, poursuit-il, apr\u00e8s un rire g\u00ean\u00e9.\u00a0<\/p>\n<p> \u00ab C\u2019est toujours mieux que le front \u00bb <\/p>\n<p>Pour vivre, Alexandre s\u2019est trouv\u00e9 un t\u00e9l\u00e9travail. Pour le reste, il vit normalement. \u00ab Ici, je ne me cache pas vraiment des militaires. Ils ne passent jamais par l\u00e0. Je peux sortir dehors. Dans le jardin. Dans le quartier. Il n\u2019y a personne. Je peux aussi aller sans peur dans le village voisin pour acheter quelque chose. Ici, il n\u2019y a pas de probl\u00e8me. Maman vient en voiture. Elle ach\u00e8te tout. Elle apporte tout. Et elle cuisine pour moi. M\u00eame si bon\u00a0! C\u2019est vrai que je pourrais cuisiner moi-m\u00eame sans sortir d\u2019ici. Donc, voil\u00e0 comment je vis\u00a0\u00bb, dit-il en riant.<\/p>\n<p>La fin de la guerre, Alexandre l\u2019attend. Mais il craint de nombreux probl\u00e8mes apr\u00e8s avoir fui les combats. Des probl\u00e8mes qui dispara\u00eetront selon lui avec le temps. \u00ab C\u2019est toujours mieux que le front \u00bb, souffle l\u2019Ukrainien, qui risque d\u2019ores et d\u00e9j\u00e0 la prison pour s\u2019\u00eatre cach\u00e9.<\/p>\n<p class=\"a-read-more\">\u00c0 lire aussi<a target=\"_self\" href=\"https:\/\/www.rfi.fr\/fr\/europe\/20250110-ukraine-une-vaste-op\u00e9ration-polici\u00e8re-lanc\u00e9e-contre-des-r\u00e9fractaires-\u00e0-la-mobilisation\" class=\"a-read-more__link\" rel=\"noopener\">Ukraine: une vaste op\u00e9ration polici\u00e8re lanc\u00e9e contre des r\u00e9fractaires \u00e0 la mobilisation<\/a><\/p>\n<p class=\"a-read-more\">\u00c0 lire aussi<a target=\"_self\" href=\"https:\/\/www.rfi.fr\/fr\/europe\/20250906-ukraine-la-soci\u00e9t\u00e9-civile-se-mobilise-contre-le-durcissement-des-peines-inflig\u00e9es-aux-soldats-en-cas-d-infraction\" class=\"a-read-more__link\" rel=\"noopener\">Ukraine: la soci\u00e9t\u00e9 civile se soul\u00e8ve contre la criminalisation des soldats<\/a><\/p>\n","protected":false},"excerpt":{"rendered":"Pendant qu&rsquo;\u00e0 Miami les \u00c9tats-Unis tiennent depuis trois jours des pourparlers s\u00e9par\u00e9ment avec les d\u00e9l\u00e9gations ukrainienne et russe,&hellip;\n","protected":false},"author":2,"featured_media":614809,"comment_status":"","ping_status":"","sticky":false,"template":"","format":"standard","meta":{"footnotes":""},"categories":[1590],"tags":[11,1777,674,12,2436,220],"class_list":{"0":"post-614808","1":"post","2":"type-post","3":"status-publish","4":"format-standard","5":"has-post-thumbnail","7":"category-ukraine","8":"tag-actualites","9":"tag-eu","10":"tag-europe","11":"tag-news","12":"tag-reportage-international","13":"tag-ukraine"},"share_on_mastodon":{"url":"https:\/\/pubeurope.com\/@fr\/115760403957400662","error":""},"_links":{"self":[{"href":"https:\/\/www.europesays.com\/fr\/wp-json\/wp\/v2\/posts\/614808","targetHints":{"allow":["GET"]}}],"collection":[{"href":"https:\/\/www.europesays.com\/fr\/wp-json\/wp\/v2\/posts"}],"about":[{"href":"https:\/\/www.europesays.com\/fr\/wp-json\/wp\/v2\/types\/post"}],"author":[{"embeddable":true,"href":"https:\/\/www.europesays.com\/fr\/wp-json\/wp\/v2\/users\/2"}],"replies":[{"embeddable":true,"href":"https:\/\/www.europesays.com\/fr\/wp-json\/wp\/v2\/comments?post=614808"}],"version-history":[{"count":0,"href":"https:\/\/www.europesays.com\/fr\/wp-json\/wp\/v2\/posts\/614808\/revisions"}],"wp:featuredmedia":[{"embeddable":true,"href":"https:\/\/www.europesays.com\/fr\/wp-json\/wp\/v2\/media\/614809"}],"wp:attachment":[{"href":"https:\/\/www.europesays.com\/fr\/wp-json\/wp\/v2\/media?parent=614808"}],"wp:term":[{"taxonomy":"category","embeddable":true,"href":"https:\/\/www.europesays.com\/fr\/wp-json\/wp\/v2\/categories?post=614808"},{"taxonomy":"post_tag","embeddable":true,"href":"https:\/\/www.europesays.com\/fr\/wp-json\/wp\/v2\/tags?post=614808"}],"curies":[{"name":"wp","href":"https:\/\/api.w.org\/{rel}","templated":true}]}}