{"id":614810,"date":"2025-12-22T00:32:13","date_gmt":"2025-12-22T00:32:13","guid":{"rendered":"https:\/\/www.europesays.com\/fr\/614810\/"},"modified":"2025-12-22T00:32:13","modified_gmt":"2025-12-22T00:32:13","slug":"americains-et-ukrainiens-saluent-des-reunions-productives-et-constructives-a-miami-pour-la-fin-de-la-guerre-en-ukraine","status":"publish","type":"post","link":"https:\/\/www.europesays.com\/fr\/614810\/","title":{"rendered":"Am\u00e9ricains et Ukrainiens saluent des \u00ab\u00a0r\u00e9unions productives et constructives\u00a0\u00bb \u00e0 Miami pour la fin de la guerre en Ukraine"},"content":{"rendered":"<p>R\u00e9unis \u00e0 Miami pour des n\u00e9gociations en vue de mettre fin \u00e0 la guerre en Ukraine, Am\u00e9ricains et Ukrainiens ont indiqu\u00e9, ce dimanche, que les \u00e9changes ont \u00e9t\u00e9 \u00ab\u00a0productifs et constructifs\u00a0\u00bb. Des n\u00e9gociateurs europ\u00e9ens \u00e9taient \u00e9galement pr\u00e9sents.<\/p>\n<p>Les d\u00e9l\u00e9gations am\u00e9ricaine et ukrainienne ont salu\u00e9 ce dimanche 21 d\u00e9cembre la tenue d&rsquo;\u00e9changes \u00ab\u00a0productifs et constructifs\u00a0\u00bb lors de <a href=\"https:\/\/www.bfmtv.com\/international\/europe\/ukraine\/guerre-en-ukraine-des-pourparlers-etats-unis-russie-prevus-a-miami-ce-week-end_AD-202512180195.html\" title=\"Guerre en Ukraine: des pourparlers \u00c9tats-Unis-Russie pr\u00e9vus \u00e0 Miami ce week-end\" class=\"internal_link\" target=\"_blank\" rel=\"noopener\">n\u00e9gociations organis\u00e9es \u00e0 Miam<\/a>i en pr\u00e9sence d&rsquo;alli\u00e9s europ\u00e9ens en vue de mettre fin \u00e0 la guerre en Ukraine.<\/p>\n<p>\u00ab\u00a0Au cours des trois derniers jours en Floride, la d\u00e9l\u00e9gation ukrainienne a tenu une s\u00e9rie de r\u00e9unions productives et constructives avec ses partenaires am\u00e9ricains et europ\u00e9ens\u00a0\u00bb ont \u00e9crit Steve Witkoff, l&rsquo;envoy\u00e9 sp\u00e9cial de Donald Trump, et Roustem Oumerov, n\u00e9gociateur en chef de Kiev, sur le r\u00e9seau social X.<\/p>\n<p>Le pr\u00e9sident ukrainien, Volodymyr Zelensky, avait auparavant d\u00e9clar\u00e9 que les travaux se poursuivaient \u00ab\u00a0sur les documents relatifs \u00e0 la fin de la guerre, aux garanties de s\u00e9curit\u00e9 et \u00e0 la reconstruction\u00a0\u00bb. \u00ab\u00a0Chaque point est examin\u00e9 en d\u00e9tail et la partie am\u00e9ricaine se montre constructive\u00a0\u00bb, avait-il assur\u00e9.<\/p>\n<p>Des n\u00e9gociateurs ukrainiens, europ\u00e9ens et am\u00e9ricains se trouvaient \u00e0 Miami pour une s\u00e9rie de discussions men\u00e9es depuis vendredi par Steve Witkoff et <a href=\"https:\/\/www.bfmtv.com\/international\/amerique-nord\/etats-unis\/donald-trump\/guerre-en-ukraine-donald-trump-assure-qu-un-accord-n-a-jamais-ete-aussi-proche_AD-202512150921.html\" title=\"Guerre en Ukraine: Donald Trump assure qu&#039;un accord n&#039;a &quot;jamais&quot; \u00e9t\u00e9 aussi &quot;proche&quot;\" class=\"internal_link\" target=\"_blank\" rel=\"noopener\">Jared Kushner<\/a>, le gendre du pr\u00e9sident am\u00e9ricain.<\/p>\n<p><img decoding=\"async\" src=\"https:\/\/www.europesays.com\/fr\/wp-content\/uploads\/2025\/12\/principale-24_2.jpg\"  alt=\"Guerre en Ukraine: qu'est-ce que la zone d\u00e9militaris\u00e9e au c\u0153ur des n\u00e9gociations de paix?\" title=\"Guerre en Ukraine: qu'est-ce que la zone d\u00e9militaris\u00e9e au c\u0153ur des n\u00e9gociations de paix?\"\/>Guerre en Ukraine: qu&rsquo;est-ce que la zone d\u00e9militaris\u00e9e au c\u0153ur des n\u00e9gociations de paix?Un \u00e9missaire russe sur place<\/p>\n<p>Les Am\u00e9ricains s&rsquo;entretiennent \u00e9galement sur place avec <a href=\"https:\/\/www.bfmtv.com\/international\/europe\/ukraine\/guerre-en-ukraine-un-emissaire-russe-en-route-pour-les-etats-unis-ou-se-poursuivent-les-pourparlers_AD-202512200181.html\" title=\"Guerre en Ukraine: un \u00e9missaire russe en route pour les \u00c9tats-Unis o\u00f9 se poursuivent les pourparlers\" class=\"internal_link\" target=\"_blank\" rel=\"noopener\">l&rsquo;\u00e9missaire russe<\/a> Kirill Dmitriev pour tenter de trouver une issue au conflit en Ukraine, d\u00e9clench\u00e9 il y a pr\u00e8s de quatre ans par l&rsquo;invasion russe. Kirill Dmitriev a \u00e9galement salu\u00e9 dimanche le caract\u00e8re constructif des \u00e9changes.<\/p>\n<p>La pr\u00e9sidence russe a affirm\u00e9 par la voix de son conseiller diplomatique, Iouri Ouchakov, qu&rsquo;une <a href=\"https:\/\/www.bfmtv.com\/international\/asie\/russie\/la-russie-assure-qu-une-rencontre-trilaterale-avec-les-etats-unis-et-l-ukraine-n-est-pas-en-cours-de-preparation_AN-202512210114.html\" title=\"La Russie assure qu&#039;une rencontre trilat\u00e9rale avec les \u00c9tats-Unis et l&#039;Ukraine n&#039;est &quot;pas en cours de pr\u00e9paration&quot;\" class=\"internal_link\" target=\"_blank\" rel=\"noopener\">rencontre trilat\u00e9rale Russie\/Etats-Unis\/Ukraine<\/a> n&rsquo;\u00e9tait \u00ab\u00a0pas en cours de pr\u00e9paration\u00a0\u00bb, alors que les Ukrainiens avaient fait \u00e9tat d&rsquo;une proposition de Washington en ce sens.<\/p>\n<p><img width=\"1\" height=\"1\" class=\"lozad\"  alt=\"Tous les soirs dans Le Titre \u00e0 la Une, d\u00e9couvrez ce qui se cache derri\u00e8re les gros titres. Zacharie Legros vous raconte une histoire, un r\u00e9cit de vie, avec aussi le t\u00e9moignage intime de celles et ceux qui font l'actualit\u00e9.\"\/>Territoires ukrainiens contre non-agression russe: \u00e0 qui profite le plan de paix propos\u00e9 par Trump ?<\/p>\n<p>Les pourparlers se sont acc\u00e9l\u00e9r\u00e9s ces derni\u00e8res semaines. Volodymyr Zelensky a \u00e0 cet \u00e9gard mentionn\u00e9 des \u00ab\u00a0progr\u00e8s\u00a0\u00bb dans les discussions ukraino-am\u00e9ricaines en vue d&rsquo;amender le plan propos\u00e9 il y a plus d&rsquo;un mois par les \u00c9tats-Unis, au d\u00e9part per\u00e7u comme \u00e9tant largement favorable \u00e0 la Russie.<\/p>\n<p>Les d\u00e9tails de la nouvelle mouture ne sont pas connus mais, selon le pr\u00e9sident ukrainien, impliquent des concessions territoriales de la part de l&rsquo;Ukraine en \u00e9change de garanties de s\u00e9curit\u00e9 occidentales.<\/p>\n<p>Inclusion directe des Europ\u00e9ens<\/p>\n<p>Le Kremlin semblait n\u00e9anmoins peu susceptible d&rsquo;accepter ces modifications, qu&rsquo;il avait qualifi\u00e9es de \u00ab\u00a0non constructives\u00a0\u00bb. L&rsquo;\u00e9missaire russe \u00ab\u00a0devrait recevoir des informations sur ce qui a \u00e9t\u00e9 \u00e9labor\u00e9 par les Am\u00e9ricains et les Europ\u00e9ens\u00a0\u00bb et rendre compte ult\u00e9rieurement \u00e0 Moscou, a pr\u00e9cis\u00e9 le porte-parole du Kremlin, Dmitri Peskov, \u00e0 la t\u00e9l\u00e9vision d&rsquo;\u00c9tat.<\/p>\n<p>Le chef de la diplomatie am\u00e9ricaine, Marco Rubio, avait promis vendredi qu&rsquo;aucun accord ne serait impos\u00e9 aux Ukrainiens ou aux Russes.<\/p>\n<p>L&rsquo;inclusion directe des Europ\u00e9ens constituait une nouveaut\u00e9 par rapport aux r\u00e9unions r\u00e9cemment tenues. Et, dimanche, la <a href=\"https:\/\/www.bfmtv.com\/politique\/elysee\/guerre-en-ukraine-l-elysee-juge-bienvenu-que-vladimir-poutine-soit-pret-a-parler-a-emmanuel-macron-et-avisera-dans-les-prochains-jours-selon-quelles-modalites_AD-202512210134.html\" title=\"Guerre en Ukraine: l&#039;\u00c9lys\u00e9e juge &quot;bienvenu&quot; que Vladimir Poutine soit pr\u00eat \u00e0 parler \u00e0 Emmanuel Macron et avisera &quot;dans les prochains jours&quot; selon quelles modalit\u00e9s\" class=\"internal_link\" target=\"_blank\" rel=\"noopener\">pr\u00e9sidence fran\u00e7aise<\/a> a salu\u00e9 les propos du chef de l&rsquo;Etat russe, Vladimir Poutine, qui s&rsquo;est dit \u00ab\u00a0pr\u00eat au dialogue\u00a0\u00bb avec son homologue fran\u00e7ais Emmanuel Macron.<\/p>\n<blockquote class=\"embed embed_quote\"><p>\u00ab\u00a0Il est bienvenu que le Kremlin donne un accord public \u00e0 cette d\u00e9marche. Nous aviserons dans les prochains jours sur la meilleure mani\u00e8re de proc\u00e9der\u00a0\u00bb, a-t-elle fait savoir.<\/p><\/blockquote>\n<p>Samedi, Volodymyr Zelensky avait appel\u00e9 Washington \u00e0 accentuer la pression sur la Russie en cas d&rsquo;\u00e9chec des pourparlers.<\/p>\n<p>Des combats toujours en cours<\/p>\n<p>\u00ab\u00a0Les \u00c9tats-Unis doivent dire clairement: s&rsquo;il n&rsquo;y a pas de voie diplomatique, alors il y aura une pression totale\u00a0\u00bb, avait-il lanc\u00e9 devant la presse, jugeant que seuls les Am\u00e9ricains \u00e9taient capables de persuader Moscou d&rsquo;arr\u00eater le conflit.<\/p>\n<p><img decoding=\"async\" src=\"https:\/\/www.europesays.com\/fr\/wp-content\/uploads\/2025\/12\/principale-24_2.jpg\"  alt=\"Une rencontre entre Poutine et Zelensky peut-elle aboutir \u00e0 un accord de paix?\" title=\"Une rencontre entre Poutine et Zelensky peut-elle aboutir \u00e0 un accord de paix?\"\/>Une rencontre entre Poutine et Zelensky peut-elle aboutir \u00e0 un accord de paix?<\/p>\n<p>Sur le terrain, l&rsquo;arm\u00e9e ukrainienne a annonc\u00e9 dimanche qu&rsquo;elle s&rsquo;effor\u00e7ait de repousser une tentative de perc\u00e9e des troupes russes dans une zone frontali\u00e8re de la r\u00e9gion de Soumy (nord-est), d&rsquo;o\u00f9 Kiev accuse Moscou d&rsquo;avoir ill\u00e9galement d\u00e9port\u00e9 des civils en Russie.<\/p>\n<p>\u00ab\u00a0Des combats sont en cours dans le village de Grabovske\u00a0\u00bb, ont d\u00e9clar\u00e9 les forces ukrainiennes, d\u00e9mentant la pr\u00e9sence de soldats russes dans la petite localit\u00e9 voisine de Riasne.<\/p>\n<p>La Russie n&rsquo;a pour l&rsquo;heure pas fait de commentaires officiels \u00e0 ce sujet, mais avait revendiqu\u00e9 la veille la prise de Vyssoke, un village proche de Grabovske.<\/p>\n<p>Cette zone frontali\u00e8re \u00e0 l&rsquo;est de la ville de Soumy avait \u00e9t\u00e9 jusqu&rsquo;\u00e0 pr\u00e9sent relativement \u00e9pargn\u00e9e, apr\u00e8s une contre-offensive \u00e9clair ukrainienne \u00e0 l&rsquo;issue de laquelle les unit\u00e9s russes avaient \u00e9t\u00e9 contraintes de se retirer en 2022.<\/p>\n<p>\u00ab\u00a0Les signaux de la Russie restent n\u00e9gatifs\u00a0\u00bb<\/p>\n<blockquote class=\"embed embed_quote\"><p>\u00ab\u00a0Malheureusement, les v\u00e9ritables signaux en provenance de la Russie restent uniquement n\u00e9gatifs: des assauts le long de la ligne de front, des crimes de guerre russes dans les zones frontali\u00e8res et des frappes continues contre nos infrastructures\u00a0\u00bb, a d\u00e9nonc\u00e9 dimanche le pr\u00e9sident ukrainien.<\/p><\/blockquote>\n<p>Selon lui, \u00ab\u00a0cette semaine, la Russie a lanc\u00e9 approximativement 1.300 attaques de drones, (largu\u00e9) presque 1.200 bombes a\u00e9riennes guid\u00e9es et (tir\u00e9) neuf missiles de diff\u00e9rents types\u00a0\u00bb sur le territoire ukrainien, touchant particuli\u00e8rement le sud, \u00e0 commencer par la cit\u00e9 portuaire d&rsquo;Odessa, sur la mer Noire.<\/p>\n<p>\u00ab\u00a0Il s&rsquo;agit d&rsquo;une tentative de la Russie de bloquer l&rsquo;acc\u00e8s de l&rsquo;Ukraine \u00e0 la logistique maritime\u00a0\u00bb, a-t-il \u00e0 cet \u00e9gard conclu.<\/p>\n","protected":false},"excerpt":{"rendered":"R\u00e9unis \u00e0 Miami pour des n\u00e9gociations en vue de mettre fin \u00e0 la guerre en Ukraine, Am\u00e9ricains et&hellip;\n","protected":false},"author":2,"featured_media":614811,"comment_status":"","ping_status":"","sticky":false,"template":"","format":"standard","meta":{"footnotes":""},"categories":[1589],"tags":[11,73,1866,12,1864,1865,1863,308],"class_list":{"0":"post-614810","1":"post","2":"type-post","3":"status-publish","4":"format-standard","5":"has-post-thumbnail","7":"category-etats-unis","8":"tag-actualites","9":"tag-etats-unis","10":"tag-etats-unis-damerique","11":"tag-news","12":"tag-united-states","13":"tag-united-states-of-america","14":"tag-us","15":"tag-usa"},"share_on_mastodon":{"url":"https:\/\/pubeurope.com\/@fr\/115760408684096010","error":""},"_links":{"self":[{"href":"https:\/\/www.europesays.com\/fr\/wp-json\/wp\/v2\/posts\/614810","targetHints":{"allow":["GET"]}}],"collection":[{"href":"https:\/\/www.europesays.com\/fr\/wp-json\/wp\/v2\/posts"}],"about":[{"href":"https:\/\/www.europesays.com\/fr\/wp-json\/wp\/v2\/types\/post"}],"author":[{"embeddable":true,"href":"https:\/\/www.europesays.com\/fr\/wp-json\/wp\/v2\/users\/2"}],"replies":[{"embeddable":true,"href":"https:\/\/www.europesays.com\/fr\/wp-json\/wp\/v2\/comments?post=614810"}],"version-history":[{"count":0,"href":"https:\/\/www.europesays.com\/fr\/wp-json\/wp\/v2\/posts\/614810\/revisions"}],"wp:featuredmedia":[{"embeddable":true,"href":"https:\/\/www.europesays.com\/fr\/wp-json\/wp\/v2\/media\/614811"}],"wp:attachment":[{"href":"https:\/\/www.europesays.com\/fr\/wp-json\/wp\/v2\/media?parent=614810"}],"wp:term":[{"taxonomy":"category","embeddable":true,"href":"https:\/\/www.europesays.com\/fr\/wp-json\/wp\/v2\/categories?post=614810"},{"taxonomy":"post_tag","embeddable":true,"href":"https:\/\/www.europesays.com\/fr\/wp-json\/wp\/v2\/tags?post=614810"}],"curies":[{"name":"wp","href":"https:\/\/api.w.org\/{rel}","templated":true}]}}