{"id":614818,"date":"2025-12-22T00:37:15","date_gmt":"2025-12-22T00:37:15","guid":{"rendered":"https:\/\/www.europesays.com\/fr\/614818\/"},"modified":"2025-12-22T00:37:15","modified_gmt":"2025-12-22T00:37:15","slug":"accord-ue-mercosur-michel-edouard-leclerc-regrette-le-silence-des-patrons-favorables-au-traite","status":"publish","type":"post","link":"https:\/\/www.europesays.com\/fr\/614818\/","title":{"rendered":"Accord UE-Mercosur : Michel-\u00c9douard Leclerc regrette le silence des patrons favorables au trait\u00e9"},"content":{"rendered":"<p>Invit\u00e9 sur <a href=\"https:\/\/www.tf1info.fr\/economie\/mercosur-michel-edouard-leclerc-ne-comprend-pas-pourquoi-les-patrons-ne-viennent-pas-defendre-ce-traite-2414078.html\" target=\"_blank\" rel=\"noopener\">LCI<\/a>, dimanche 21 d\u00e9cembre, Michel-\u00c9douard Leclerc n\u2019a pas m\u00e2ch\u00e9 ses mots pour exprimer son incompr\u00e9hension concernant les derni\u00e8res d\u00e9clarations <a href=\"https:\/\/www.capital.fr\/economie-politique\/accord-ue-mercosur-le-compte-ny-est-pas-pour-la-france-selon-emmanuel-macron-1521989https:\/\/www.capital.fr\/economie-politique\/accord-ue-mercosur-le-compte-ny-est-pas-pour-la-france-selon-emmanuel-macron-1521989\" target=\"_blank\" rel=\"noopener\">sur l\u2019accord UE-Mercosur<\/a>. Pour le pr\u00e9sident du comit\u00e9 strat\u00e9gique des centres E. Leclerc, <strong>trop peu de patrons d\u00e9fendent publiquement ce trait\u00e9 et sa signature.<\/strong> \u00abJe ne comprends pas pourquoi les patrons ne viennent pas d\u00e9fendre ce trait\u00e9, alors qu\u2019en priv\u00e9, ils trouvent que c\u2019est important de le signer\u00bb, indique-t-il.<\/p>\n<p>Un choix des patrons<strong> qui nourrit un d\u00e9bat d\u00e9s\u00e9quilibr\u00e9,<\/strong> selon lui. \u00abIl n\u2019y a pas de d\u00e9bat (&#8230;), alors qu\u2019un trait\u00e9 doit \u00eatre port\u00e9, expliqu\u00e9, construit\u00bb, affirme-t-il. Pour lui, le d\u00e9bat <strong>est trop simpliste<\/strong> et l\u2019Am\u00e9rique latine<strong> souffre d\u2019une image d\u00e9grad\u00e9e.<\/strong> Une situation qui emp\u00eache selon lui toute discussion sereine autour de ce trait\u00e9.<\/p>\n<p>\u00ab\u00catre protecteur, mais aussi conqu\u00e9rants\u00bb<\/p>\n<p>Mais Michel-\u00c9douard Leclerc ne semble pas toutefois balayer <a href=\"https:\/\/www.capital.fr\/economie-politique\/accord-ue-mercosur-un-coup-de-poignard-denoncent-des-agriculteurs-en-colere-1506645\" target=\"_blank\" rel=\"noopener\">les inqui\u00e9tudes des agriculteurs<\/a>. Il appelle d\u2019ailleurs \u00e0 une approche d\u00e9fensive, et regrette \u00abqu\u2019il n\u2019y ait personne dans la vie publique pour dire qu\u2019on peut contr\u00f4ler les importations\u00bb. Selon lui, les discussions concernant ce trait\u00e9 devraient donc <strong>tourner autour des moyens de contr\u00f4le, plut\u00f4t que de rejeter par principe cet accord.<\/strong><\/p>\n<p>Pour Michel-\u00c9douard Leclerc, il est n\u00e9cessaire d\u2019avoir une vision \u00e0 long terme. \u00abUn accord, \u00e7a se construit sur quinze ans\u00bb, explique-t-il. Il esquisse d\u2019ailleurs une m\u00e9thode, selon laquelle <strong>il r\u00e9unirait \u00ab<\/strong><strong>les acteurs de l\u2019Am\u00e9rique du Sud<\/strong><strong>\u00bb et inviterait \u00ab<\/strong><strong>la distribution \u00e0 l\u2019\u00c9lys\u00e9e pour signer un accord<\/strong><strong>\u00bb,<\/strong> afin de replacer le trait\u00e9 dans un contexte \u00e9conomique et g\u00e9opolitique plus large.<\/p>\n","protected":false},"excerpt":{"rendered":"Invit\u00e9 sur LCI, dimanche 21 d\u00e9cembre, Michel-\u00c9douard Leclerc n\u2019a pas m\u00e2ch\u00e9 ses mots pour exprimer son incompr\u00e9hension concernant&hellip;\n","protected":false},"author":2,"featured_media":614819,"comment_status":"","ping_status":"","sticky":false,"template":"","format":"standard","meta":{"footnotes":""},"categories":[1586],"tags":[11,327,1777,674,1779,1011,27,6908,72551,21426,72550,12,25,1778,364],"class_list":{"0":"post-614818","1":"post","2":"type-post","3":"status-publish","4":"format-standard","5":"has-post-thumbnail","7":"category-europe","8":"tag-actualites","9":"tag-agriculture","10":"tag-eu","11":"tag-europe","12":"tag-european-union","13":"tag-fr","14":"tag-france","15":"tag-grande-distribution","16":"tag-manifestation-des-agriculteurs","17":"tag-mercosur","18":"tag-michel-u00c9douard-leclerc","19":"tag-news","20":"tag-republique-francaise","21":"tag-ue","22":"tag-union-europeenne"},"share_on_mastodon":{"url":"https:\/\/pubeurope.com\/@fr\/115760427431129353","error":""},"_links":{"self":[{"href":"https:\/\/www.europesays.com\/fr\/wp-json\/wp\/v2\/posts\/614818","targetHints":{"allow":["GET"]}}],"collection":[{"href":"https:\/\/www.europesays.com\/fr\/wp-json\/wp\/v2\/posts"}],"about":[{"href":"https:\/\/www.europesays.com\/fr\/wp-json\/wp\/v2\/types\/post"}],"author":[{"embeddable":true,"href":"https:\/\/www.europesays.com\/fr\/wp-json\/wp\/v2\/users\/2"}],"replies":[{"embeddable":true,"href":"https:\/\/www.europesays.com\/fr\/wp-json\/wp\/v2\/comments?post=614818"}],"version-history":[{"count":0,"href":"https:\/\/www.europesays.com\/fr\/wp-json\/wp\/v2\/posts\/614818\/revisions"}],"wp:featuredmedia":[{"embeddable":true,"href":"https:\/\/www.europesays.com\/fr\/wp-json\/wp\/v2\/media\/614819"}],"wp:attachment":[{"href":"https:\/\/www.europesays.com\/fr\/wp-json\/wp\/v2\/media?parent=614818"}],"wp:term":[{"taxonomy":"category","embeddable":true,"href":"https:\/\/www.europesays.com\/fr\/wp-json\/wp\/v2\/categories?post=614818"},{"taxonomy":"post_tag","embeddable":true,"href":"https:\/\/www.europesays.com\/fr\/wp-json\/wp\/v2\/tags?post=614818"}],"curies":[{"name":"wp","href":"https:\/\/api.w.org\/{rel}","templated":true}]}}