{"id":614824,"date":"2025-12-22T00:40:25","date_gmt":"2025-12-22T00:40:25","guid":{"rendered":"https:\/\/www.europesays.com\/fr\/614824\/"},"modified":"2025-12-22T00:40:25","modified_gmt":"2025-12-22T00:40:25","slug":"las-monaco-vient-a-bout-de-laj-auxerre-et-lance-son-epopee","status":"publish","type":"post","link":"https:\/\/www.europesays.com\/fr\/614824\/","title":{"rendered":"L\u2019AS Monaco vient \u00e0 bout de l\u2019AJ Auxerre et lance son \u00e9pop\u00e9e"},"content":{"rendered":"<p><strong>Victorieux d\u2019Auxerre au terme d\u2019un match intense, les Mon\u00e9gasques ont valid\u00e9 leur billet pour les seizi\u00e8mes de finale de la Coupe de France gr\u00e2ce \u00e0 un doubl\u00e9 de Mika Biereth.<\/strong><\/p>\n<p>L\u2019AS Monaco a lanc\u00e9 son parcours en Coupe de France avec une victoire m\u00e9rit\u00e9e en terre bourguignonne. Pour le seul affrontement entre deux \u00e9quipes de Ligue 1 lors de ces 32es de finale, les hommes de S\u00e9bastien Pocognoli ont su s\u2019appuyer sur l\u2019efficacit\u00e9 retrouv\u00e9e de Mika Biereth, auteur d\u2019un doubl\u00e9. Malgr\u00e9 un penalty conc\u00e9d\u00e9 en premi\u00e8re p\u00e9riode, les Mon\u00e9gasques ont tout fait pour ne pas regretter leurs nombreuses occasions et s\u2019imposer (1-2).<\/p>\n<p>D\u00e9but de match encourageant<\/p>\n<p>Soutenus par 500 supporters mon\u00e9gasques pr\u00e9sents en parcage, les Rouge et Blanc ont imm\u00e9diatement pris le contr\u00f4le des op\u00e9rations. D\u00e8s la premi\u00e8re minute, Mika Biereth titualris\u00e9 \u00e0 la pointe de l\u2019attaque aux c\u00f4t\u00e9s de Folarin Balogun, se met en \u00e9vidence avec une tentative de lob qui passe de peu \u00e0 c\u00f4t\u00e9. La domination Rouge et Blanche se confirmait avec des occasions franches pour Maghnes Akliouche (3e) et Folarin Balogun (5e).<\/p>\n<p>\u00c0 la 8e minute, l\u2019ASM va logiquement ouvrir le score. Biereth place une t\u00eate qui lobe De Percin, apr\u00e8s un centre millim\u00e9tr\u00e9 d\u2019Akliouche (0-1). Un but m\u00e9rit\u00e9 pour des Mon\u00e9gasques entreprenants et bien en place, qui continuaient de pousser pour faire le break.<\/p>\n<p>Un p\u00e9nalty qui relance l\u2019AJA<\/p>\n<p>Ma\u00eetres du jeu durant la premi\u00e8re demi-heure, les Mon\u00e9gasques n\u2019\u00e9taient pas loin de doubler la mise lorsque Balogun a vu sa t\u00eate fr\u00f4ler la barre transversale (12e). Mais \u00e0 force de ne pas concr\u00e9tiser, Monaco s\u2019exposait. Apr\u00e8s un retour d\u00e9fensif de Aleksandr Golovin, l\u2019arbitre accorde un penalty litigieux aux locaux. En l\u2019absence de VAR lors des premiers tours de Coupe de France, impossible de revenir sur cette d\u00e9cision. Le capitaine Auxerrois Diouss\u00e9 ne se fait pas prier et tire plein axe pour tromper Hradecky et \u00e9galiser (28e, 1-1).<\/p>\n<p>Un coup d\u2019arr\u00eat brutal pour Monaco qui avait pourtant plusieurs fois eu l\u2019occasion de faire le break, notamment par Akliouche (26e) qui a manqu\u00e9 son face \u00e0 face avec De Percin. La fin de premi\u00e8re p\u00e9riode se compliquait encore avec la sortie sur civi\u00e8re de Takumi Minamino, contraint de c\u00e9der sa place \u00e0 Mamadou Coulibaly (32e). Plus hauts sur le terrain, les Auxerrois, d\u00e9j\u00e0 <a href=\"https:\/\/www.monaco-tribune.com\/2025\/09\/las-monaco-simpose-a-auxerre-et-met-le-cap-sur-la-ligue-des-champions\/\" target=\"_blank\" rel=\"noopener\">battus par l\u2019AS Monaco en championnat en d\u00e9but de saison<\/a>, se sont montr\u00e9s plus entreprenants, mais sans parvenir \u00e0 trouver la faille avant la mi-temps.<\/p>\n<p>Le show Mamadou Coulibaly<\/p>\n<p>La seconde p\u00e9riode a d\u00e9marr\u00e9 tambour battant avec un AJ Auxerre revigor\u00e9. Hradeck\u00fd a sorti le grand jeu devant Oppegard (48e) avant que Matondo ne voie sa frappe fr\u00f4ler le cadre sur le rebond. Pendant une vingtaine de minutes, les Rouge et Blanc ont rencontr\u00e9 des difficult\u00e9s pour poser le pied sur le ballon. C\u2019est finalement Balogun qui va r\u00e9veiller les siens avec une jolie frappe envelopp\u00e9e for\u00e7ant De Percin \u00e0 une belle horizontale (67\u2019, 1-1).<\/p>\n<p>Comme souvent \u00e0 l\u2019AS Monaco, l\u2019inspiration est venue par l\u2019interm\u00e9diaire d\u2019un joueur form\u00e9 au club. Entr\u00e9 en jeu, Mamadou Coulibaly r\u00e9alise un superbe slalom au c\u0153ur de la d\u00e9fense auxerroise avant de servir parfaitement Biereth. L\u2019attaquant danois ne tremble pas et croise sa frappe pour s\u2019offrir un doubl\u00e9 m\u00e9rit\u00e9 (74e, 1-2).<\/p>\n<p>Une fin de match haletante<\/p>\n<p>Monaco aurait pu se mettre d\u00e9finitivement \u00e0 l\u2019abri. Balogun manquait l\u2019immanquable apr\u00e8s un service d\u2019Akliouche (79e), tandis que Biereth \u00e9tait tout proche du tripl\u00e9 apr\u00e8s une frappe puissante repouss\u00e9e par De Percin (82e). Dans la foul\u00e9e, Thilo Kehrer voyait sa t\u00eate s\u2019\u00e9craser sur le poteau (83e).<\/p>\n<p><img fetchpriority=\"high\" decoding=\"async\" width=\"1024\" height=\"574\" src=\"https:\/\/www.europesays.com\/fr\/wp-content\/uploads\/2025\/12\/as-monaco-aj-auxerre-coupe-de-france-salisu-1024x574.jpg\" alt=\"as-monaco-aj-auxerre-coupe-de-france-salisu\" class=\"wp-image-331938\"  \/>Les Mon\u00e9gasques ont \u00e9t\u00e9 solides en fin de match \u00a9 AS Monaco<\/p>\n<p>En face, l\u2019AJA a tent\u00e9 le tout pour le tout dans les derni\u00e8res minutes. Hradecky est rest\u00e9 vigilant face aux ultimes assauts bourguignons (90e et 94e) et a \u00e9vit\u00e9 aux Rouge et Blanc une dangereuse s\u00e9ance de p\u00e9naltys.<\/p>\n<p>Mika Biereth : \u00ab La saison est difficile pour moi \u00bb<\/p>\n<p>Auteur d\u2019un doubl\u00e9, Mika Biereth s\u2019est montr\u00e9 lucide sur la performance de son \u00e9quipe en zone mixte : \u00ab Nous aurions pu faire mieux sur certaines situations, le plus important est de se qualifier pour le tour suivant. \u00bb En difficult\u00e9 depuis le d\u00e9but de saison, le danois a \u00e9voqu\u00e9 sa situation personnelle : \u00ab C\u2019est une saison difficile pour moi jusqu\u2019\u00e0 pr\u00e9sent, j\u2019esp\u00e8re que ce match va servir de d\u00e9clic, et que je pourrais jouer comme la saison derni\u00e8re. \u00bb<\/p>\n<p>S\u00e9bastien Pocognoli a lui clairement affich\u00e9 les ambitions du club dans cette comp\u00e9tition : \u00abOn a l\u2019ambition d\u2019aller le plus loin possible. La Coupe de France peut \u00eatre une opportunit\u00e9 d\u2019aller chercher l\u2019Europe, c\u2019est le chemin le plus court pour y arriver. \u00bb<\/p>\n<p>Une victoire qui permet \u00e0 l\u2019AS Monaco de cl\u00f4turer l\u2019ann\u00e9e 2025 sur une note positive apr\u00e8s <a href=\"https:\/\/www.monaco-tribune.com\/2025\/12\/ligue-1-defaite-cruelle-pour-las-monaco-malgre-un-match-de-grande-qualite-a-marseille\/\" target=\"_blank\" rel=\"noopener\">la d\u00e9faite en championnat face \u00e0 Marseille<\/a>. Le club princier disputera le 16\u1d49 de finale de la Coupe de France le week-end du 9 au 11 janvier 2026 sur la pelouse de l\u2019US Orl\u00e9ans, actuellement troisi\u00e8me de National 1. En championnat, les Mon\u00e9gasques recevront l\u2019Olympique Lyonnais le 3 janvier \u00e0 17h, pour tenter de recoller au wagon de t\u00eate.<\/p>\n","protected":false},"excerpt":{"rendered":"Victorieux d\u2019Auxerre au terme d\u2019un match intense, les Mon\u00e9gasques ont valid\u00e9 leur billet pour les seizi\u00e8mes de finale&hellip;\n","protected":false},"author":2,"featured_media":614825,"comment_status":"","ping_status":"","sticky":false,"template":"","format":"standard","meta":{"footnotes":""},"categories":[4],"tags":[11,2266,1011,27,12,25],"class_list":{"0":"post-614824","1":"post","2":"type-post","3":"status-publish","4":"format-standard","5":"has-post-thumbnail","7":"category-france","8":"tag-actualites","9":"tag-as-monaco","10":"tag-fr","11":"tag-france","12":"tag-news","13":"tag-republique-francaise"},"share_on_mastodon":{"url":"https:\/\/pubeurope.com\/@fr\/115760440041409049","error":""},"_links":{"self":[{"href":"https:\/\/www.europesays.com\/fr\/wp-json\/wp\/v2\/posts\/614824","targetHints":{"allow":["GET"]}}],"collection":[{"href":"https:\/\/www.europesays.com\/fr\/wp-json\/wp\/v2\/posts"}],"about":[{"href":"https:\/\/www.europesays.com\/fr\/wp-json\/wp\/v2\/types\/post"}],"author":[{"embeddable":true,"href":"https:\/\/www.europesays.com\/fr\/wp-json\/wp\/v2\/users\/2"}],"replies":[{"embeddable":true,"href":"https:\/\/www.europesays.com\/fr\/wp-json\/wp\/v2\/comments?post=614824"}],"version-history":[{"count":0,"href":"https:\/\/www.europesays.com\/fr\/wp-json\/wp\/v2\/posts\/614824\/revisions"}],"wp:featuredmedia":[{"embeddable":true,"href":"https:\/\/www.europesays.com\/fr\/wp-json\/wp\/v2\/media\/614825"}],"wp:attachment":[{"href":"https:\/\/www.europesays.com\/fr\/wp-json\/wp\/v2\/media?parent=614824"}],"wp:term":[{"taxonomy":"category","embeddable":true,"href":"https:\/\/www.europesays.com\/fr\/wp-json\/wp\/v2\/categories?post=614824"},{"taxonomy":"post_tag","embeddable":true,"href":"https:\/\/www.europesays.com\/fr\/wp-json\/wp\/v2\/tags?post=614824"}],"curies":[{"name":"wp","href":"https:\/\/api.w.org\/{rel}","templated":true}]}}