{"id":614828,"date":"2025-12-22T00:42:16","date_gmt":"2025-12-22T00:42:16","guid":{"rendered":"https:\/\/www.europesays.com\/fr\/614828\/"},"modified":"2025-12-22T00:42:16","modified_gmt":"2025-12-22T00:42:16","slug":"pas-de-cadeaux-avant-noel","status":"publish","type":"post","link":"https:\/\/www.europesays.com\/fr\/614828\/","title":{"rendered":"pas de cadeaux avant No\u00ebl"},"content":{"rendered":"<p>Si de nombreux enfants vont attendre avec impatience le passage du P\u00e8re No\u00ebl le 25\u00a0d\u00e9cembre, il y avait beaucoup moins d\u2019excitation pour les clubs professionnels fran\u00e7ais de volley de voir tomber les d\u00e9cisions de la Commission d\u2019aide et de contr\u00f4le des clubs professionnels (CACCP). Et on comprend pourquoi. Hors collectif France Avenir li\u00e9s \u00e0 la F\u00e9d\u00e9ration fran\u00e7aise de volley, sur les 36 \u00e9quipes engag\u00e9es en MSL, Saforelle Power 6 et Ligue B, quatorze ont \u00e9t\u00e9 sanctionn\u00e9es, dont neuf ont \u00e9cop\u00e9 d\u2019amendes fermes.<\/p>\n<p>Dans l\u2019\u00e9lite masculine, c\u2019est le cas de Tourcoing (10.000\u00a0\u20ac fermes\u00a0et 3.000\u00a0\u20ac avec sursis), de l\u2019Arago de S\u00e8te (6.000\u00a0\u20ac fermes) et surtout du GFC Ajaccio qui, en plus d\u2019une amende de 9.000\u00a0\u20ac ferme, a \u00e9t\u00e9 frapp\u00e9 d\u2019une interdiction de recrutement et p\u00e9nalis\u00e9 d\u2019un retrait de 3 points au classement. Un coup dur pour le promu corse qui avait d\u00e9j\u00e0 d\u00fb se s\u00e9parer d\u2019un joueur avant le d\u00e9but de la saison et a fait appel de la d\u00e9cision de la Direction nationale d\u2019aide et de contr\u00f4le de gestion (DNACG)&#8230;. <\/p>\n<p>    Cet article a \u00e9t\u00e9 tronqu\u00e9. Abonnez-vous pour lire l&rsquo;article complet sur notre site.<\/p>\n<p style=\"margin: 0 !important; padding: 0 !important; font-size: 12px !important;\">Cet article a \u00e9t\u00e9 tronqu\u00e9. Abonnez-vous pour lire l&rsquo;article complet.<\/p>\n<p>    <a href=\"https:\/\/www.lanouvellerepublique.fr\/abonnements\" style=\"display: inline-block; margin-top: 5px !important; padding: 6px 12px !important; background: #cb1c27; color: white; text-decoration: none; border-radius: 4px; font-size: 12px !important;\" target=\"_blank\" rel=\"noopener\"><br \/>\n      S&rsquo;abonner<br \/>\n    <\/a><\/p>\n","protected":false},"excerpt":{"rendered":"Si de nombreux enfants vont attendre avec impatience le passage du P\u00e8re No\u00ebl le 25\u00a0d\u00e9cembre, il y avait&hellip;\n","protected":false},"author":2,"featured_media":614829,"comment_status":"","ping_status":"","sticky":false,"template":"","format":"standard","meta":{"footnotes":""},"categories":[1417],"tags":[1654,1011,27,1387,1655,1653,60,1390,1471,2767,1584,1470,1469],"class_list":{"0":"post-614828","1":"post","2":"type-post","3":"status-publish","4":"format-standard","5":"has-post-thumbnail","7":"category-volley","8":"tag-alterna-stade-poitevin-volley-ball","9":"tag-fr","10":"tag-france","11":"tag-indre-et-loire","12":"tag-ligue-a","13":"tag-poitiers","14":"tag-sports","15":"tag-tours","16":"tag-tours-volley-ball","17":"tag-tvb-37","18":"tag-vienne","19":"tag-volley","20":"tag-volleyball"},"share_on_mastodon":{"url":"https:\/\/pubeurope.com\/@fr\/115760447119636536","error":""},"_links":{"self":[{"href":"https:\/\/www.europesays.com\/fr\/wp-json\/wp\/v2\/posts\/614828","targetHints":{"allow":["GET"]}}],"collection":[{"href":"https:\/\/www.europesays.com\/fr\/wp-json\/wp\/v2\/posts"}],"about":[{"href":"https:\/\/www.europesays.com\/fr\/wp-json\/wp\/v2\/types\/post"}],"author":[{"embeddable":true,"href":"https:\/\/www.europesays.com\/fr\/wp-json\/wp\/v2\/users\/2"}],"replies":[{"embeddable":true,"href":"https:\/\/www.europesays.com\/fr\/wp-json\/wp\/v2\/comments?post=614828"}],"version-history":[{"count":0,"href":"https:\/\/www.europesays.com\/fr\/wp-json\/wp\/v2\/posts\/614828\/revisions"}],"wp:featuredmedia":[{"embeddable":true,"href":"https:\/\/www.europesays.com\/fr\/wp-json\/wp\/v2\/media\/614829"}],"wp:attachment":[{"href":"https:\/\/www.europesays.com\/fr\/wp-json\/wp\/v2\/media?parent=614828"}],"wp:term":[{"taxonomy":"category","embeddable":true,"href":"https:\/\/www.europesays.com\/fr\/wp-json\/wp\/v2\/categories?post=614828"},{"taxonomy":"post_tag","embeddable":true,"href":"https:\/\/www.europesays.com\/fr\/wp-json\/wp\/v2\/tags?post=614828"}],"curies":[{"name":"wp","href":"https:\/\/api.w.org\/{rel}","templated":true}]}}