{"id":614832,"date":"2025-12-22T00:48:51","date_gmt":"2025-12-22T00:48:51","guid":{"rendered":"https:\/\/www.europesays.com\/fr\/614832\/"},"modified":"2025-12-22T00:48:51","modified_gmt":"2025-12-22T00:48:51","slug":"sud-gironde-cyclisme-cavalier-seul-de-mathieu-morichon-pour-le-cyclo-cross-de-montbron-eymouthiers","status":"publish","type":"post","link":"https:\/\/www.europesays.com\/fr\/614832\/","title":{"rendered":"Sud Gironde \u2013 CYCLISME \u2014 \u2014 Cavalier seul de Mathieu Morichon pour le cyclo-cross de Montbron Eymouthiers"},"content":{"rendered":"<p>&#13;<br \/>\n    &#13;<\/p>\n<p class=\"uk-article-meta\">Publi\u00e9 le 21 d\u00e9cembre 2025 dans R\u00e9sultats<\/p>\n<p>&#13;<\/p>\n<p>Mathieu Morichon souvent sur le podium s\u2019impose enfin \u00e0 Montbron Eymouhiers<\/p>\n<p>&#13;<\/p>\n<p class=\"has-luminous-vivid-amber-background-color has-background\"><strong>DIMANCHE 21 DECEMBRE 2025<br \/>MONTBRON-EYMOUTHIERS (16)<br \/>47e CYCLO CROSS DU CHAMBON , Manche 4-2 TRJCx<br \/>ORGANISATION : UA LA ROCHEFOUCAULD<\/strong><\/p>\n<p><strong>Speakers : Daniel Mangeas-Jean Luc Pr\u00e9vot<\/strong><\/p>\n<p>195 participants pour la 47\u00e8me \u00e9ditions de ce cyclo-cross au centre de plein air du Chambon, c\u2019est une belle r\u00e9ussite !!!<\/p>\n<p> De l\u00e0 haut Maxime Aupy peut en \u00eatre fier de ses successeurs Marcelle et Jean Louis Mor\u00e9li\u00e9ras !<\/p>\n<p class=\"has-pale-cyan-blue-background-color has-background\"><strong>Victoire de Mathieu Morichon (C\u2019Chartres Cyclisme)<\/strong><\/p>\n<p><img fetchpriority=\"high\" decoding=\"async\" width=\"1024\" height=\"682\" src=\"https:\/\/www.europesays.com\/fr\/wp-content\/uploads\/2025\/12\/DSC_3455.JPG-1-1024x682.jpg\" alt=\"\" class=\"wp-image-126431\"  \/><\/p>\n<p>2 Tom Mainguenaud 3 Anthony Br\u00e9gi\u00e8re\u2026..<\/p>\n<p>La m\u00e9t\u00e9o humide, les averses ont rendu le parcours tr\u00e8s glissant mais n\u2019ont pas emp\u00each\u00e9 le public toujours aussi nombreux de venir assister aux diverses courses du jour.<\/p>\n<p><img loading=\"lazy\" decoding=\"async\" width=\"1024\" height=\"682\" src=\"https:\/\/www.europesays.com\/fr\/wp-content\/uploads\/2025\/12\/DSC_3472-1024x682.jpg\" alt=\"\" class=\"wp-image-126447\"  \/><\/p>\n<p><strong>Elites-Open Access<\/strong><\/p>\n<p>Ils \u00e9taient une grosse cinquantaine pour prendre le d\u00e9part apr\u00e8s un moment de recueillement en m\u00e9moire de Tristan Merle le jeune coureur de l\u2019AVC Angoul\u00e8me fauch\u00e9 hier sur la route dans sa passion.<\/p>\n<p><img loading=\"lazy\" decoding=\"async\" width=\"1024\" height=\"682\" src=\"https:\/\/www.europesays.com\/fr\/wp-content\/uploads\/2025\/12\/DSC_3293-1024x682.jpg\" alt=\"\" class=\"wp-image-126439\"  \/><\/p>\n<p>C\u2019est Tom Mainguenaud qui prenait le meilleur d\u00e9part avant que Mathieu Morichon ne s\u2019installe en t\u00eate de la course pour ne plus la quitter.<\/p>\n<p><img loading=\"lazy\" decoding=\"async\" width=\"1024\" height=\"682\" src=\"https:\/\/www.europesays.com\/fr\/wp-content\/uploads\/2025\/12\/DSC_3297-1024x682.jpg\" alt=\"\" class=\"wp-image-126440\"  \/><\/p>\n<p><img loading=\"lazy\" decoding=\"async\" width=\"1024\" height=\"682\" src=\"https:\/\/www.europesays.com\/fr\/wp-content\/uploads\/2025\/12\/DSC_3378-1024x682.jpg\" alt=\"\" class=\"wp-image-126441\"  \/><\/p>\n<p><img loading=\"lazy\" decoding=\"async\" width=\"1024\" height=\"682\" src=\"https:\/\/www.europesays.com\/fr\/wp-content\/uploads\/2025\/12\/DSC_3380-1024x682.jpg\" alt=\"\" class=\"wp-image-126442\"  \/><\/p>\n<p>Derri\u00e8re ces 2 leaders les places \u00e9volu\u00e8rent au fur et \u00e0 mesure des glissades, c\u2019est finalement Anhony Br\u00e9gi\u00e8re qui s\u2019octroya la 3\u00e8me place devan\u00e7ant Gabin Gauthier.<\/p>\n<p><img loading=\"lazy\" decoding=\"async\" width=\"1024\" height=\"682\" src=\"https:\/\/www.europesays.com\/fr\/wp-content\/uploads\/2025\/12\/DSC_3383-1024x682.jpg\" alt=\"\" class=\"wp-image-126443\"  \/><\/p>\n<p><img loading=\"lazy\" decoding=\"async\" width=\"1024\" height=\"682\" src=\"https:\/\/www.europesays.com\/fr\/wp-content\/uploads\/2025\/12\/DSC_3385-1024x682.jpg\" alt=\"\" class=\"wp-image-126444\"  \/><\/p>\n<p>C\u00e9lestin Deluche l\u2019emportait pour les Access<\/p>\n<p><img loading=\"lazy\" decoding=\"async\" width=\"1024\" height=\"682\" src=\"https:\/\/www.europesays.com\/fr\/wp-content\/uploads\/2025\/12\/DSC_3410-1024x682.jpg\" alt=\"\" class=\"wp-image-126445\"  \/><\/p>\n<p>Mathieu Morichon \u00e9tait le plus fort malgr\u00e9 une crevaison dans le final, roue arri\u00e8re !<\/p>\n<p><img loading=\"lazy\" decoding=\"async\" width=\"1024\" height=\"682\" src=\"https:\/\/www.europesays.com\/fr\/wp-content\/uploads\/2025\/12\/DSC_3457-1024x682.jpg\" alt=\"\" class=\"wp-image-126472\"  \/><\/p>\n<p>Protocole du podium \u00e9lite-Open<\/p>\n<p><img loading=\"lazy\" decoding=\"async\" width=\"1024\" height=\"682\" src=\"https:\/\/www.europesays.com\/fr\/wp-content\/uploads\/2025\/12\/DSC_3498-1024x682.jpg\" alt=\"\" class=\"wp-image-126449\"  \/><\/p>\n<p>Podium access<\/p>\n<p><img loading=\"lazy\" decoding=\"async\" width=\"1024\" height=\"682\" src=\"https:\/\/www.europesays.com\/fr\/wp-content\/uploads\/2025\/12\/DSC_3490-1024x682.jpg\" alt=\"\" class=\"wp-image-126448\"  \/><\/p>\n<p>Podium dames<\/p>\n<p><img loading=\"lazy\" decoding=\"async\" width=\"1024\" height=\"682\" src=\"https:\/\/www.europesays.com\/fr\/wp-content\/uploads\/2025\/12\/DSC_3488.JPG-1-1024x682.jpg\" alt=\"\" class=\"wp-image-126468\"  \/><\/p>\n<p>L\u2019interview de Mathieu Morichon par Daniel Mangeas.<\/p>\n<p><img loading=\"lazy\" decoding=\"async\" width=\"613\" height=\"919\" src=\"https:\/\/www.europesays.com\/fr\/wp-content\/uploads\/2025\/12\/DSC_3501.jpg\" alt=\"\" class=\"wp-image-126450\"  \/><\/p>\n<p class=\"has-medium-font-size\"><strong><a href=\"https:\/\/photos.google.com\/share\/AF1QipPmMtIdQAm9iSu6OIxZrN4bzzqvExknQm-_c2mrsuC8xPZ9g60iXCVtQ4pgRRKVaA?key=djBrVGFPVkQtZURQaUJ1bVF2RWxnTkYzWUhhSThR\" data-type=\"link\" data-id=\"https:\/\/photos.google.com\/share\/AF1QipPmMtIdQAm9iSu6OIxZrN4bzzqvExknQm-_c2mrsuC8xPZ9g60iXCVtQ4pgRRKVaA?key=djBrVGFPVkQtZURQaUJ1bVF2RWxnTkYzWUhhSThR\" target=\"_blank\" rel=\"noreferrer noopener\">Album Photos en cliquant sur l\u2019image ci-dessous (une toilette sera n\u00e9cessaire!)<\/a><\/strong><\/p>\n<p><a href=\"https:\/\/photos.google.com\/share\/AF1QipPmMtIdQAm9iSu6OIxZrN4bzzqvExknQm-_c2mrsuC8xPZ9g60iXCVtQ4pgRRKVaA?key=djBrVGFPVkQtZURQaUJ1bVF2RWxnTkYzWUhhSThR\" target=\"_blank\" rel=\" noreferrer noopener\"><img loading=\"lazy\" decoding=\"async\" width=\"613\" height=\"919\" src=\"https:\/\/www.europesays.com\/fr\/wp-content\/uploads\/2025\/12\/DSC_3466.jpg\" alt=\"\" class=\"wp-image-126446\"  \/><\/a><\/p>\n<p><strong>Classements, remerciements \u00e0 Bernard P\u00e9rillaud<\/strong><\/p>\n<p><strong>Elites Open<\/strong><\/p>\n<p>1 10 MORICHON Mathieu Open 1 C\u2019CHARTRES CYCLISME 58\u201959<br \/>2 6 MAINGUENAUD Tom Elite Pro P. ST FLORENT NIORT 59\u201931<br \/>3 12 BREGIERE Anthony Open 1 ENTENTE CYCLISTE 3 M 1h00\u201923<br \/>4 11 GAUTHIER Gabin Open 1 MONTLUCON CYCLISME 1h00\u201959<br \/>5 2 VADIC Baptiste Elite Pro TOTAL DIRECT ENERGIE \u2013 CREUSE OXYGENE 1h01\u201955<br \/>6 7 LANGELLA Lenaic Elite Pro CIC U NANTES \u2013 CC MARMANDAIS 1h02\u201907<br \/>7 13 DEBORDE Emilien Open 3 UV POITIERS 1h02\u201949<br \/>8 9 CALMEJANE Lilian Open 1 ALBI VELO SPORT 1h02\u201953<br \/>9 3 DELAPLACE Anthony Elite Pro TEAM ARKEA-SAMSIC \u2013 AS TOURLAVILLE CYCLISME 1h03\u201904<br \/>10 16 PAILLOT Yoann Open 1 ANGOULEME VC 1h03\u201948<br \/>11 4 LOZOUET L\u00e9andre Elite Pro TEAM ARKEA-SAMSIC \u2013 UC BRICQUEBEC CYCLISME 1h04\u201959<br \/>12 14 CRON Eli Open 1 UA LA ROCHEFOUCAULD 1h05\u201926<br \/>13 29 CHAMINAUD Romain Open 1 VC BAZAS\/BERNOS BEAULAC 1h05\u201935<br \/>14 18 DARRICADES Simon Open 1 GUIDON MANSLOIS<br \/>15 30 DIEGO Romain Open 3 EC ST FELIX DE FONCAUDE 1h06\u201953<br \/>16 17 PELLIER Pierre Mathieu Open 1 DORDOGNE SUD CYCLISME \u00e0 1 tour<br \/>17 20 BOISSONNOT Lucas Open 2 UV ANGERIENNE<br \/>18 19 BOUTET Joran Open 3 VC MONTMORILLON<br \/>19 15 PETITEAU Valentin Open 2 ANGOULEME VC<br \/>20 23 BOULANGER RYBAK Maxence Open 3 ENTENTE CYCLISTE 3 M<br \/>21 34 MARCADIER Nathan Open 3 AAJ BLOIS CYCLISME<br \/>22 21 BARBIER Paul Open 3 UNION CYCLISTE SARLADAISE<br \/>23 32 DELAGE Cl\u00e9ment Open 3 STADE MONTOIS CYCLISME<br \/>24 24 KEROMNES Erwann Open 3 CLUB COMPETITION NIEUL<br \/>25 33 DELBARRE Rapha\u00ebl Open 3 EC AMBAZAC<br \/>26 28 PUJOL Matahi Open 1 DORDOGNE SUD CYCLISME<br \/>27 31 ROLAND Benjamin Open 1 VC CHATILLONAIS<\/p>\n<p><strong>Access<\/strong><\/p>\n<p>1 45 DELUCHE C\u00e9lestin Acc. 1 CREUSE OXYGENE 39\u201902<br \/>2 44 BUREAU Cl\u00e9ment Acc. 1 TC LE CHATEAU D\u2019OLERON 40\u201933<br \/>3 41 BIELOFF Mathieu Acc. 1 VELO SAUVAGE POITEVIN 41\u201917<br \/>4 53 HAUMIER Gabriel Acc. 3 ENTENTE CYCLISTE 3 M 42\u201909<br \/>5 43 GARRAUD Simon Acc. 1 CC PERIGUEUX DORDOGNE 42\u201923<br \/>6 42 BONNIN Math\u00e9o Acc. 1 CC VERVANT 45\u201928<br \/>7 46 ROBOAM Damien Acc. 1 AFTERWORK CYCLING CLUB 45\u201959<br \/>8 47 DEBEAU Alexandre Acc. 2 Indiv. 46\u201919<br \/>9 49 RECOTILLON Yohann Acc. 2 UC CONDAT 47\u201936<br \/>10 57 COUTE Laurent Acc. 3 TEAM STS<br \/>11 55 GUICHARD Jean Christophe Acc. 3 VC SAINTAIS<br \/>12 50 AMIRA Hamdi Acc. 3 TULLE CYCLISME COMPETITION<br \/>13 56 BREUIL Vincent Acc. 3 CC VERVANT<\/p>\n<p class=\"has-medium-font-size\"><strong>\u2014\u2014\u2014\u2014\u2014\u2014\u2014\u2014\u2014\u2014\u2014\u2014\u2013<\/strong><\/p>\n<p><strong>Comme c\u2019est la tradition ce sont les \u00e9preuves des plus jeunes qui avaient ouvert l\u2019apr\u00e8s-midi.<\/strong><\/p>\n<p>Gros pelotons aux d\u00e9part et des courses tr\u00e8s disput\u00e9es.<\/p>\n<p><img loading=\"lazy\" decoding=\"async\" width=\"1024\" height=\"683\" src=\"https:\/\/www.europesays.com\/fr\/wp-content\/uploads\/2025\/12\/DSC_2530-1-1024x683.jpg\" alt=\"\" class=\"wp-image-126473\"  \/><\/p>\n<p><img loading=\"lazy\" decoding=\"async\" width=\"1024\" height=\"683\" src=\"https:\/\/www.europesays.com\/fr\/wp-content\/uploads\/2025\/12\/DSC_2531-1-1024x683.jpg\" alt=\"\" class=\"wp-image-126474\"  \/><\/p>\n<p><img loading=\"lazy\" decoding=\"async\" width=\"1024\" height=\"683\" src=\"https:\/\/www.europesays.com\/fr\/wp-content\/uploads\/2025\/12\/DSC_2556-1-1024x683.jpg\" alt=\"\" class=\"wp-image-126475\"  \/><\/p>\n<p><img loading=\"lazy\" decoding=\"async\" width=\"1024\" height=\"683\" src=\"https:\/\/www.europesays.com\/fr\/wp-content\/uploads\/2025\/12\/DSC_2596-1-1024x683.jpg\" alt=\"\" class=\"wp-image-126476\"  \/><\/p>\n<p><img loading=\"lazy\" decoding=\"async\" width=\"1024\" height=\"683\" src=\"https:\/\/www.europesays.com\/fr\/wp-content\/uploads\/2025\/12\/DSC_2642-1-1024x683.jpg\" alt=\"\" class=\"wp-image-126477\"  \/><\/p>\n<p>Timot\u00e9i Eclancher pour les U 13,<\/p>\n<p><img loading=\"lazy\" decoding=\"async\" width=\"1024\" height=\"683\" src=\"https:\/\/www.europesays.com\/fr\/wp-content\/uploads\/2025\/12\/DSC_2592-1-1024x683.jpg\" alt=\"\" class=\"wp-image-126478\"  \/><\/p>\n<p>Martin Russeil pour les U 15<\/p>\n<p><img loading=\"lazy\" decoding=\"async\" width=\"1024\" height=\"683\" src=\"https:\/\/www.europesays.com\/fr\/wp-content\/uploads\/2025\/12\/DSC_2634-1-1024x683.jpg\" alt=\"\" class=\"wp-image-126479\"  \/><\/p>\n<p>Maxime Vanaelst pour les U 17<\/p>\n<p><img loading=\"lazy\" decoding=\"async\" width=\"1024\" height=\"683\" src=\"https:\/\/www.europesays.com\/fr\/wp-content\/uploads\/2025\/12\/DSC_2702-1-1024x683.jpg\" alt=\"\" class=\"wp-image-126480\"  \/><\/p>\n<p>Batiste Vanaelst pour les U 19<\/p>\n<p><img loading=\"lazy\" decoding=\"async\" width=\"1024\" height=\"683\" src=\"https:\/\/www.europesays.com\/fr\/wp-content\/uploads\/2025\/12\/DSC_2710.JPG-1-1-1024x683.jpg\" alt=\"\" class=\"wp-image-126483\"  \/><\/p>\n<p>Johanna Lavens pour les dames<\/p>\n<p><img loading=\"lazy\" decoding=\"async\" width=\"1024\" height=\"683\" src=\"https:\/\/www.europesays.com\/fr\/wp-content\/uploads\/2025\/12\/DSC_2705-1-1024x683.jpg\" alt=\"\" class=\"wp-image-126482\"  \/><\/p>\n<p>\u2026ont \u00e9t\u00e9 les vainqueurs.<\/p>\n<p><strong>Pour les \u00e9preuves U 17 et U 19 un Vanaelst peut en cacher un autre\u00a0! M\u00eame s\u2019ils ne sont plus dans le m\u00eame club ils dominent toujours autant leurs cat\u00e9gories.<\/strong><\/p>\n<p><strong>Les podiums<\/strong><\/p>\n<p><img loading=\"lazy\" decoding=\"async\" width=\"1024\" height=\"682\" src=\"https:\/\/www.europesays.com\/fr\/wp-content\/uploads\/2025\/12\/DSC_3269-1-1024x682.jpg\" alt=\"\" class=\"wp-image-126484\"  \/><\/p>\n<p><img loading=\"lazy\" decoding=\"async\" width=\"1024\" height=\"682\" src=\"https:\/\/www.europesays.com\/fr\/wp-content\/uploads\/2025\/12\/DSC_3272-1-1024x682.jpg\" alt=\"\" class=\"wp-image-126485\"  \/><\/p>\n<p><img loading=\"lazy\" decoding=\"async\" width=\"1024\" height=\"682\" src=\"https:\/\/www.europesays.com\/fr\/wp-content\/uploads\/2025\/12\/DSC_3274-1024x682.jpg\" alt=\"\" class=\"wp-image-126491\"  \/><\/p>\n<p><img loading=\"lazy\" decoding=\"async\" width=\"1024\" height=\"682\" src=\"https:\/\/www.europesays.com\/fr\/wp-content\/uploads\/2025\/12\/DSC_3278-1-1024x682.jpg\" alt=\"\" class=\"wp-image-126492\"  \/><\/p>\n<p><img loading=\"lazy\" decoding=\"async\" width=\"1024\" height=\"574\" src=\"https:\/\/www.europesays.com\/fr\/wp-content\/uploads\/2025\/12\/DSC_3481-2-1024x574.jpg\" alt=\"\" class=\"wp-image-126496\"  \/><\/p>\n<p><img loading=\"lazy\" decoding=\"async\" width=\"1024\" height=\"682\" src=\"https:\/\/www.europesays.com\/fr\/wp-content\/uploads\/2025\/12\/DSC_3485.JPG-1-2-1024x682.jpg\" alt=\"\" class=\"wp-image-126495\"  \/><\/p>\n<p class=\"has-medium-font-size\"><strong><a href=\"https:\/\/photos.google.com\/share\/AF1QipOJtlsBeIgBpFBm-8N23ak9VVvQZHiWG8IhIT-0xn3qvlRDZaQSI1RXeIfPrCfriQ?key=N000bVhENkF5Wm93bnZCbVY0b1lMcmhFUkRDZWxR\" data-type=\"link\" data-id=\"https:\/\/photos.google.com\/share\/AF1QipOJtlsBeIgBpFBm-8N23ak9VVvQZHiWG8IhIT-0xn3qvlRDZaQSI1RXeIfPrCfriQ?key=N000bVhENkF5Wm93bnZCbVY0b1lMcmhFUkRDZWxR\" target=\"_blank\" rel=\"noreferrer noopener\">Album photos de toutes ces cat\u00e9gories en cliquant sur l\u2019image ci-dessous<\/a><\/strong><\/p>\n<p><a href=\"https:\/\/photos.google.com\/share\/AF1QipOJtlsBeIgBpFBm-8N23ak9VVvQZHiWG8IhIT-0xn3qvlRDZaQSI1RXeIfPrCfriQ?key=N000bVhENkF5Wm93bnZCbVY0b1lMcmhFUkRDZWxR\" target=\"_blank\" rel=\" noreferrer noopener\"><img loading=\"lazy\" decoding=\"async\" width=\"1024\" height=\"683\" src=\"https:\/\/www.europesays.com\/fr\/wp-content\/uploads\/2025\/12\/DSC_2704-1-1024x683.jpg\" alt=\"\" class=\"wp-image-126481\"  \/><\/a><\/p>\n<p><strong>Les classements, merci Bernard P\u00e9rillaud<\/strong><\/p>\n<p><strong>U 9<\/strong><\/p>\n<p>1 104 SEES Lucas U9-2 CC PERIGUEUX DORDOGNE #REF! 4\u201941\u201900<br \/>2 103 GESSON Lucas U9-1 GPVTT (Grand P\u00e9rigueux) #REF! 5\u201930\u201900<br \/>3 101 ETOURNEAU Sacha U9-2 UA LA ROCHEFOUCAULD #REF! 5\u201948\u201900<br \/>4 102 BOURRINET Nathan U9-1 UNION CYCLISTE SARLADAISE #REF! 5\u201956\u201900<br \/>5 105 BIELOFF Suzanne U9-2 F\u00e9m VELO SAUVAGE POITEVIN #REF! 6\u201904<\/p>\n<p><strong>U 11<\/strong><\/p>\n<p>1 81 RIVIERE Louis U11-2 VTT ESTUAIRE CLUB GAURIAC #REF! 6\u201921<br \/>2 82 LAROCHE ZANNI Nohan U11-2 TEAM EVASION NATURE #REF! 6\u201934<br \/>3 84 MAUREL Elo\u00efs U11-1 UC CONDAT #REF! 7\u201901<br \/>4 83 RECOTILLON Ethan U11-2 UC CONDAT #REF! 7\u201908<br \/>5 95 CANTERO Emil U11-1 VTT EVASION POURPRE #REF! 7\u201924<br \/>6 93 RONCIN Lenny U11-1 UA LA ROCHEFOUCAULD #REF! 7\u201928<br \/>7 91 FOUSSAC Jade U11-2 F\u00e9m UA LA ROCHEFOUCAULD #REF! 7\u201929<br \/>8 85 DO NASCIMENTO CORREIA Tim\u00e9o U11-1 VTT EVASION POURPRE #REF! 7\u201936<br \/>9 86 DUPUIS MALLINGER Armand U11-2 GUIDON MANSLOIS #REF! 7\u201941<br \/>10 90 AMIRA Inaya U11-1 F\u00e9m TULLE CYCLISME COMPETITION #REF! 7\u201945<br \/>11 94 VAUZELLE Lalie U11-2 F\u00e9m UC CONDAT #REF! 7\u201945<br \/>12 88 DUBOIS Bastien U11-1 VS CANTON DE BEAUVOIR #REF! 7\u201945<br \/>13 92 CHARROUX Lola U11-1 F\u00e9m GUIDON MANSLOIS #REF! 7\u201952<br \/>14 87 JACQUES Arthur U11-1 VC SAINTAIS #REF! 7\u201952<br \/>15 97 CHAGNOLEAU PALLAT Ma\u00ebl U11-2 UA LA ROCHEFOUCAULD #REF! 8\u201919<br \/>16 89 BOURG Ad\u00e8le U11-2 F\u00e9m UC CONDAT #REF! 8\u201937<br \/>17 96 BREUIL Capucine U11-1 F\u00e9m CC VERVANT 11\u201931<\/p>\n<p><strong>U 13<\/strong><\/p>\n<p>1 42 ECLANCHER Timotei U13-2 VTT EVASION POURPRE #REF! 16\u201917<br \/>2 41 GUILLOT CAZOT Robin U13-2 GUIDON MANSLOIS #REF! 16\u201923<br \/>3 51 ESPESO Imanol U13-2 CLUB COMPETITION NIEUL #REF! 17\u201935<br \/>4 44 MURILLO Matt\u00e9o U13-2 UV POITIERS #REF! 17\u201949<br \/>5 46 MASLE Lo\u00efc U13-2 EC AMBAZAC #REF! 18\u201946<br \/>6 45 MARQUET Tom U13-1 VC SAINTAIS #REF! 19\u201908<br \/>7 72 FRANCILLOUT Arthur U13-2 UC CONDAT #REF! 19\u201925<br \/>8 43 BRAILLY Th\u00e9o U13-2 ANGOULEME VC #REF! 19\u201931<br \/>9 48 BARES Aaron U13-1 VTT EVASION POURPRE #REF! 19\u201933<br \/>10 49 FAURIE Baptiste U13-2 UC CONDAT #REF! 19\u201944<br \/>11 63 WAGNER Jules U13-2 UA LA ROCHEFOUCAULD #REF! 20\u201901<br \/>12 57 VAUZELLE Gabin U13-2 UC CONDAT #REF! 20\u201901<br \/>13 66 CHARLES Paul U13-2 GUIDON MANSLOIS #REF! 20\u201915<br \/>14 50 CHARROUX Nathan U13-2 GUIDON MANSLOIS #REF! 20\u201922<br \/>15 53 ROUX Lily U13-2 F\u00e9m UC CONDAT #REF! 20\u201928<br \/>16 65 VILLETTE Jules U13-2 UA LA ROCHEFOUCAULD #REF! 20\u201944<br \/>17 55 DUCOUDERT Jasmin U13-1 VC ROCHEFORT #REF! 20\u201954<br \/>18 47 AUVRAY Lucas U13-2 CC PERIGUEUX DORDOGNE #REF! 20\u201959<br \/>19 70 ODEMER Maxime U13-2 GSC BLAGNAC VELO SPORT 31 #REF! 21\u201912<br \/>20 52 DUBOIS Paul U13-1 VS CANTON DE BEAUVOIR #REF! 21\u201924<br \/>21 56 MARTON T\u00e9a U13-1 F\u00e9m JPC LUSSAC #REF! 21\u201935<br \/>22 61 AMIRA Younes U13-1 TULLE CYCLISME COMPETITION #REF! 21\u201938<br \/>23 64 LEPERS Cl\u00e9mence U13-2 F\u00e9m UC CONDAT #REF! 22\u201924<br \/>24 54 SEES Jules U13-1 CC PERIGUEUX DORDOGNE #REF! 23\u201903<br \/>25 67 PEAULT Tom U13-1 CC PERIGUEUX DORDOGNE #REF! 23\u201915<br \/>26 58 GESSON Valentin U13-1 GPVTT (Grand P\u00e9rigueux) #REF! 23\u201937<br \/>27 59 PARATTE PROST Aymerick U13-1 GUIDON MANSLOIS #REF! 1 tour<br \/>28 71 RENOUX Louis U13-1 VC SAINTAIS #REF! 1 tour<br \/>29 62 BIELOFF Marius U13-1 VELO SAUVAGE POITEVIN #REF! 1 tour<br \/>30 68 CAULLLIEZ Constance U13-2 F\u00e9m P.S.F.NIORT #REF! 1 tour<br \/>31 60 BUSIN Armand U13-2 CC PERIGUEUX DORDOGNE #REF! 1 tour<\/p>\n<p><strong>U 15<\/strong><\/p>\n<p>1 1 RUSSEIL Merlin U15-2 UV POITIERS #REF! 20\u201959<br \/>2 5 JOUHANDEAUD Victor U15-2 US NANTIAT CYCLO #REF! 21\u201949<br \/>3 3 DECAS Victor U15-1 CREUSE OXYGENE #REF! 22\u201925<br \/>4 4 DEL\u00c9TANG Josselin U15-2 VELOPHILE NAINTRE #REF! 22\u201945<br \/>5 2 VERGER Tilio U15-2 VC SAINTAIS #REF! 23\u201916<br \/>6 6 VANAELST Victor U15-1 VELO SILEX #REF! 23\u201933<br \/>7 7 ROUX Marius U15-2 UC CONDAT #REF! 23\u201933<br \/>8 11 FOUSSAC Maxime U15-2 UA LA ROCHEFOUCAULD #REF! 23\u201957<br \/>9 19 MIALHE Ana\u00ebl U15-2 VC ROCHEFORT #REF! 24\u201922<br \/>10 32 MACUDA Maxence U15-2 VC ROCHEFORT #REF! 24\u201939<br \/>11 8 COUTE Enzo U15-2 VTT ESTUAIRE CLUB GAURIAC #REF! 24\u201947<br \/>12 9 BREGAINT Noe U15-2 EC AMBAZAC #REF! 24\u201947<br \/>13 17 LARUE Alexandre U15-2 UV POITIERS #REF! 24\u201947<br \/>14 14 BOURG Simon U15-1 UC CONDAT #REF! 25\u201946<br \/>15 10 GUICHARD Armand U15-2 VC SAINTAIS #REF! 26\u201933<br \/>16 13 MARQUET Enzo U15-2 VC SAINTAIS #REF! 26\u201938<br \/>17 21 GAUTHIER Alo\u00efs U15-2 ANGOULEME VC #REF! 26\u201938<br \/>18 12 GUERITAULT Emy U15-1 F\u00e9m VELOPHILE NAINTRE #REF! 27\u201957<br \/>19 15 BREUIL Gaspard U15-2 CC VERVANT #REF! 1 tour<br \/>20 18 MURILLO Aliz\u00e9e U15-2 F\u00e9m UV POITIERS #REF! 1 tour<br \/>21 26 HUGUENOT Tom U15-2 UCC VIVONNE #REF! 1 tour<br \/>22 22 KURAS Anna U15-1 F\u00e9m VTT EVASION POURPRE #REF! 1 tour<br \/>23 30 PAPIN Lizie U15-2 F\u00e9m VC SAINTAIS #REF! 1 tour<br \/>24 31 PALARD Lionel U15-2 UA LA ROCHEFOUCAULD #REF! 1 tour<br \/>25 25 BERGERON Enola U15-1 F\u00e9m TEAM EVASION NATURE #REF! 1 tour<br \/>26 24 LALLOU\u00cbT Madal\u00e8ne U15-1 F\u00e9m EC AMBAZAC #REF! 1 tour<br \/>27 29 RASSAT MARTIN Tom U15-2 UA LA ROCHEFOUCAULD #REF! 1 tour<br \/>28 28 GOYON Florie U15-1 F\u00e9m VC SAINTAIS #REF! 1 tour<br \/>29 27 DO NASCIMENTO CORREIA Loucia U15-1 F\u00e9m VTT EVASION POURPRE #REF! 1 tour<\/p>\n<p><strong>U 17<\/strong><\/p>\n<p>1 104 VANAELST Maxime U17-2 VELO SILEX 30\u201913<br \/>2 101 LALLOUET Arthur U17-2 EC AMBAZAC 30\u201944<br \/>3 120 PINEAU Tom U17-2 VC SAINTAIS 31\u201925<br \/>4 111 VILLETTE Emile U17-2 UA LA ROCHEFOUCAULD 31\u201943<br \/>5 107 BERGERON Tom U17-1 TEAM EVASION NATURE 31\u201946<br \/>6 106 FRIOU H\u00e9li\u00e8s U17-1 VC SAINTAIS 32\u201922<br \/>7 102 CHAVANEL Hugo U17-1 AC CHATELLERAUDAIS 32\u201928<br \/>8 112 ROUMY Arno U17-2 CC MARMANDAIS 32\u201950<br \/>9 109 BENOIST Paul U17-2 VC ROCHEFORT 33\u201909<br \/>10 108 SACHOT Cl\u00e9ment U17-2 UV POITIERS 33\u201933<br \/>11 103 BOYER Remi U17-2 UV POITIERS 33\u201951<br \/>12 116 SYLVAIN Mael U17-1 EC AMBAZAC 34\u201924<br \/>13 110 BRAILLY Tom U17-1 ANGOULEME VC 34\u201953<br \/>14 105 FERRON Tom U17-2 UV POITIERS 37\u201906<br \/>15 114 DELBARRE Anais U17-2 F\u00e9m EC AMBAZAC 1 tour<br \/>16 122 LANGELLA L\u00e9a U17-2 F\u00e9m CC MARMANDAIS 1 tour<br \/>17 118 LEPERS Antoine U17-1 UC CONDAT 1 tour<br \/>18 123 MASLE Sacha U17-1 EC AMBAZAC 1 tour<br \/>19 119 VADAGNIN Melle U17-1 F\u00e9m AVC LIBOURNAIS 1 tour<br \/>20 115 BARRIER PAIVA Thais U17-2 F\u00e9m TEAM U LH 1 tour<br \/>21 113 LALLOUET Jean U17-1 EC AMBAZAC 1 tour<br \/>22 124 MASLE Lily Rose U17-1 F\u00e9m CREUSE OXYGENE 1 tour<br \/>23 126 LAMBERDIERE MERCIER Gabin U17-1 UA LA ROCHEFOUCAULD 1 tour<\/p>\n<p><strong>U 19<\/strong> <strong>et Dames<\/strong><\/p>\n<p>1 72 VANAELST Batiste U19-1 TEAM U LH 35\u201941<br \/>2 74 THOUREAU Lucas U19-2 TEAM U LH 36\u201931<br \/>3 73 DEBENNE Matis U19-2 A.PO.GE CYCLISTE 37\u201912<br \/>4 75 CHABOT Maxence U19-1 TEAM U LH 37\u201936<br \/>5 82 SAUZEAU Yann U19-1 UV POITIERS 38\u201902<br \/>6 85 BERGEON Evan U19-2 UCC VIVONNE 38\u201929<br \/>7 83 CHEVALIER BAILLOU Pierre U19-2 TEAM U LH 39\u201917<br \/>8 76 BARRIER PAIVA Tiago U19-1 TEAM U LH 39\u201917<br \/>9 88 GASCHET Jules U19-2 CYCLE POITEVIN 39\u201917<br \/>10 71 GILBERT Antoine U19-1 A.PO.GE CYCLISTE 40\u201901<br \/>11 90 LEPERS Louis U19-1 UC CONDAT 40\u201914<br \/>12 84 COTIER Bastien U19-2 CREUSE OXYGENE 41\u201907<br \/>13 91 PAPIN Ethan U19-2 A.PO.GE CYCLISTE 41\u201907<br \/>14 80 LABROUSSE Lucas U19-1 ANGOULEME VC 41\u201941<br \/>15 97 LAVENS Johanna Open 1 F\u00e9m. TEAM CROSS TECHNO CONCEPT URBALOC 42\u201937<br \/>16 77 CHAMINAUD Zacharie U19-1 AVC LIBOURNAIS 42\u201942<br \/>17 95 BONNIN No\u00e9mie Open 1 F\u00e9m. US VERN CYCLISME 43\u201959<br \/>18 87 DUCONGE Paul U19-2 ANGOULEME VC<br \/>19 26 FROUARD Diane Open 1 F\u00e9m. CC MARMANDAIS<br \/>20 79 HAUMIER Maxence U19-1 ENTENTE CYCLISTE 3 M<br \/>21 86 BREUIL Eliot U19-2 GUIDON MANSLOIS<br \/>22 25 BOULANGER RYBACK C\u00e9lia Open 3 F\u00e9m. CC MARMANDAIS<br \/>23 98 BOISSON Colyne Open 3 F\u00e9m. CC VERVANT<br \/>24 78 GAILLARD Quentin U19-1 VC ROCHEFORT<\/p>\n<p>&#13;<\/p>\n","protected":false},"excerpt":{"rendered":"&#13; &#13; Publi\u00e9 le 21 d\u00e9cembre 2025 dans R\u00e9sultats &#13; Mathieu Morichon souvent sur le podium s\u2019impose enfin&hellip;\n","protected":false},"author":2,"featured_media":614833,"comment_status":"","ping_status":"","sticky":false,"template":"","format":"standard","meta":{"footnotes":""},"categories":[1411],"tags":[1154,207,1011,27,60],"class_list":{"0":"post-614832","1":"post","2":"type-post","3":"status-publish","4":"format-standard","5":"has-post-thumbnail","7":"category-cyclisme","8":"tag-cycling","9":"tag-cyclisme","10":"tag-fr","11":"tag-france","12":"tag-sports"},"share_on_mastodon":{"url":"https:\/\/pubeurope.com\/@fr\/115760477123117133","error":""},"_links":{"self":[{"href":"https:\/\/www.europesays.com\/fr\/wp-json\/wp\/v2\/posts\/614832","targetHints":{"allow":["GET"]}}],"collection":[{"href":"https:\/\/www.europesays.com\/fr\/wp-json\/wp\/v2\/posts"}],"about":[{"href":"https:\/\/www.europesays.com\/fr\/wp-json\/wp\/v2\/types\/post"}],"author":[{"embeddable":true,"href":"https:\/\/www.europesays.com\/fr\/wp-json\/wp\/v2\/users\/2"}],"replies":[{"embeddable":true,"href":"https:\/\/www.europesays.com\/fr\/wp-json\/wp\/v2\/comments?post=614832"}],"version-history":[{"count":0,"href":"https:\/\/www.europesays.com\/fr\/wp-json\/wp\/v2\/posts\/614832\/revisions"}],"wp:featuredmedia":[{"embeddable":true,"href":"https:\/\/www.europesays.com\/fr\/wp-json\/wp\/v2\/media\/614833"}],"wp:attachment":[{"href":"https:\/\/www.europesays.com\/fr\/wp-json\/wp\/v2\/media?parent=614832"}],"wp:term":[{"taxonomy":"category","embeddable":true,"href":"https:\/\/www.europesays.com\/fr\/wp-json\/wp\/v2\/categories?post=614832"},{"taxonomy":"post_tag","embeddable":true,"href":"https:\/\/www.europesays.com\/fr\/wp-json\/wp\/v2\/tags?post=614832"}],"curies":[{"name":"wp","href":"https:\/\/api.w.org\/{rel}","templated":true}]}}