{"id":614836,"date":"2025-12-22T00:51:13","date_gmt":"2025-12-22T00:51:13","guid":{"rendered":"https:\/\/www.europesays.com\/fr\/614836\/"},"modified":"2025-12-22T00:51:13","modified_gmt":"2025-12-22T00:51:13","slug":"muriel-robin-entre-gene-et-sarcasme-apres-une-erreur-de-la-part-de-quelle-epoque","status":"publish","type":"post","link":"https:\/\/www.europesays.com\/fr\/614836\/","title":{"rendered":"Muriel Robin entre g\u00eane et sarcasme apr\u00e8s une erreur de la part de \u00abQuelle \u00e9poque !\u00bb"},"content":{"rendered":"<p>    Muriel Robin dans \u00abQuelle \u00e9poque\u00a0!\u00bb<br \/>\n                Capture d&rsquo;\u00e9cran<\/p>\n<p>\n    La com\u00e9dienne et humoriste \u00e9tait invit\u00e9e aux c\u00f4t\u00e9s, entre autres, de Louise Bourgoin dans le talk-show pr\u00e9sent\u00e9 par L\u00e9a Salam\u00e9 ce samedi 20 d\u00e9cembre.<\/p>\n<p class=\"fig-paragraph\">L\u2019erreur est humaine\u00a0? Ce samedi 20 d\u00e9cembre, l\u2019\u00e9mission <strong>\u00abQuelle \u00e9poque\u00a0!\u00bb<\/strong> sur\u00a0<a href=\"https:\/\/tvmag.lefigaro.fr\/programme-tv\/chaine\/4\/tous-les-programmes-de-france-2\" target=\"_blank\" rel=\"sponsored noopener\" data-gtm-custom-categorie=\"navigation\" data-gtm-custom-action=\"crossclick\" data-gtm-custom-label=\"Contextuel\" data-gtm-event=\"customEventSPE\">France 2<\/a>\u00a0l\u2019a une nouvelle fois prouv\u00e9e. Alors que\u00a0<a href=\"https:\/\/www.lefigaro.fr\/tag\/lea-salame\" target=\"_blank\" rel=\"sponsored noopener\" data-gtm-custom-categorie=\"navigation\" data-gtm-custom-action=\"crossclick\" data-gtm-custom-label=\"Contextuel\" data-gtm-event=\"customEventSPE\">L\u00e9a Salam\u00e9<\/a>\u00a0recevait Lou Deleuze, Laurent Luyat, Antoine de Caunes, Philippe Man\u0153uvre, Serge Papin, Samuel Hartman, mais aussi\u00a0<a href=\"https:\/\/www.lefigaro.fr\/tag\/louise-bourgoin\" target=\"_blank\" rel=\"sponsored noopener\" data-gtm-custom-categorie=\"navigation\" data-gtm-custom-action=\"crossclick\" data-gtm-custom-label=\"Contextuel\" data-gtm-event=\"customEventSPE\">Louise Bourgoin<\/a>\u00a0et\u00a0<a href=\"https:\/\/www.lefigaro.fr\/tag\/muriel-robin\" target=\"_blank\" rel=\"sponsored noopener\" data-gtm-custom-categorie=\"navigation\" data-gtm-custom-action=\"crossclick\" data-gtm-custom-label=\"Contextuel\" data-gtm-event=\"customEventSPE\"><strong>Muriel Robin<\/strong><\/a>, une confusion s\u2019est gliss\u00e9e dans une s\u00e9quence.<\/p>\n<p class=\"fig-paragraph\">Les deux com\u00e9diennes \u00e9taient pr\u00e9sentes sur le plateau \u00e0 l\u2019occasion de la sortie en salle ce mercredi du film La pire m\u00e8re au monde. Muriel Robin se livrait alors sur la complexit\u00e9 de sa propre relation avec sa m\u00e8re. \u00abJe suis pass\u00e9e \u00e0 c\u00f4t\u00e9 parce que je me suis tromp\u00e9e. Je ne vais pas raconter ma vie mais on a fini par se retrouver\u00bb, a-t-elle expliqu\u00e9 alors m\u00eame qu\u2019une photo en noir et blanc d\u2019un enfant accompagn\u00e9 de sa m\u00e8re apparaissait \u00e0 l\u2019\u00e9cran.<\/p>\n<p class=\"fig-body-link\">\n            \u00c0 lire aussi<br \/>\n        <a class=\"fig-body-link__link\" href=\"http:\/\/tvmag.lefigaro.fr\/programme-tv\/actu-tele\/qui-sont-les-invites-de-quelle-epoque-ce-samedi-20-decembre-sur-france-2-20251220\" target=\"_blank\" data-fig-type=\"Article\" rel=\"noopener\" data-gtm-custom-categorie=\"navigation\" data-gtm-custom-action=\"crossclick\" data-gtm-custom-label=\"Contextuel\" data-gtm-event=\"customEventSPE\" data-fig-domain=\"TVMAG\"><\/p>\n<p>        Qui sont les invit\u00e9s de \u00abQuelle \u00e9poque!\u00bb, ce samedi 20 d\u00e9cembre, sur France 2?<br \/>\n    <\/a>\n<\/p>\n<p>                                                                <a class=\"fig-a11y-skip\" href=\"#fig-a11y-skip-main-inarticle\" data-module=\"a11y-skip\" data-context=\"was @visible\"><br \/>\n    Passer la publicit\u00e9<br \/>\n<\/a>            <\/p>\n<p class=\"fig-paragraph\">\u00abOn vient de te voir enfant justement. On peut la revoir\u00a0?\u00bb a lanc\u00e9 Louise Bourgoin avant d\u2019ajouter, une fois la photo affich\u00e9e\u00a0: \u00abMais c\u2019est Muriel \u00e7a\u00a0?\u00bb Ni une ni deux, l\u2019int\u00e9ress\u00e9e a r\u00e9torqu\u00e9 par la n\u00e9gative. \u00abMais pas du tout\u00a0! C\u2019est un gar\u00e7on enfin\u00a0!\u00bb S\u00fbre d\u2019elle, L\u00e9a Salam\u00e9 a poursuivi en soutenant qu\u2019il s\u2019agissait bel et bien de Muriel Robin enfant dans les bras de sa m\u00e8re. \u00abCe n\u2019est pas ma m\u00e8re, et ce n\u2019est pas moi\u00bb, a rench\u00e9ri la com\u00e9dienne, mieux plac\u00e9e que personne pour d\u00e9tenir cette information.<\/p>\n<p class=\"fig-paragraph\">\u00abMais qu\u2019est-ce qu\u2019elle fout l\u00e0 cette photo\u00a0?\u00bb, s\u2019est \u00e9tonn\u00e9e la pr\u00e9sentatrice. Une confusion qui a valu un l\u00e9ger moment de flottement rapidement remplac\u00e9 par un fou rire g\u00e9n\u00e9ral. Renforc\u00e9 par la r\u00e9ponse de Muriel Robin \u00e0 l\u2019intention de la remarque de L\u00e9a Salam\u00e9 quelques secondes auparavant. \u00abEt L\u00e9a qui dit\u00a0: \u201cSi, c\u2019est vous.\u201d Vous l\u2019avez regard\u00e9 la photo\u00a0? Mais enfin, vous voyez bien que ce ne sont pas mes genoux quand m\u00eame\u00bb, a d\u00e9clar\u00e9 Muriel Robin, particuli\u00e8rement amus\u00e9e face \u00e0 l\u2019animatrice tentant de ma\u00eetriser, tant bien que mal, son rire. \u00abC\u2019est la m\u00eame coiffure\u00bb, a tent\u00e9 Louise Bourgoin tandis qu\u2019Hugo Cl\u00e9ment posait la question suivante\u00a0: \u00abMais c\u2019est qui du coup\u00a0?\u00bb<\/p>\n<p class=\"fig-paragraph\">Muriel Robin a su user de sa repartie et son humour l\u00e9gendaire pour retourner la situation. \u00abAlors \u00e0 droite, c\u2019est L\u00e9a Salam\u00e9\u00bb, a-t-elle lanc\u00e9 faisant r\u00e9f\u00e9rence \u00e0 une femme des ann\u00e9es 60, accroupie, portant une robe d\u00e9su\u00e8te et des cheveux courts aux boucles serr\u00e9es. Et de poursuivre avec beaucoup d\u2019ironie et une pointe de sarcasme\u00a0: \u00abC\u2019\u00e9tait il y a quatre ans, elle n\u2019avait pas encore trouv\u00e9 sa voie, c\u2019\u00e9tait avant le JT. Et a gauche on ne sait pas, c\u2019\u00e9tait un enfant qu\u2019elle a trouv\u00e9 dans la rue.\u00bb<\/p>\n","protected":false},"excerpt":{"rendered":"Muriel Robin dans \u00abQuelle \u00e9poque\u00a0!\u00bb Capture d&rsquo;\u00e9cran La com\u00e9dienne et humoriste \u00e9tait invit\u00e9e aux c\u00f4t\u00e9s, entre autres, de&hellip;\n","protected":false},"author":2,"featured_media":614837,"comment_status":"","ping_status":"","sticky":false,"template":"","format":"standard","meta":{"footnotes":""},"categories":[1359],"tags":[58,59,1011,27,11764,973],"class_list":{"0":"post-614836","1":"post","2":"type-post","3":"status-publish","4":"format-standard","5":"has-post-thumbnail","7":"category-people","8":"tag-divertissement","9":"tag-entertainment","10":"tag-fr","11":"tag-france","12":"tag-muriel-robin","13":"tag-people"},"share_on_mastodon":{"url":"","error":""},"_links":{"self":[{"href":"https:\/\/www.europesays.com\/fr\/wp-json\/wp\/v2\/posts\/614836","targetHints":{"allow":["GET"]}}],"collection":[{"href":"https:\/\/www.europesays.com\/fr\/wp-json\/wp\/v2\/posts"}],"about":[{"href":"https:\/\/www.europesays.com\/fr\/wp-json\/wp\/v2\/types\/post"}],"author":[{"embeddable":true,"href":"https:\/\/www.europesays.com\/fr\/wp-json\/wp\/v2\/users\/2"}],"replies":[{"embeddable":true,"href":"https:\/\/www.europesays.com\/fr\/wp-json\/wp\/v2\/comments?post=614836"}],"version-history":[{"count":0,"href":"https:\/\/www.europesays.com\/fr\/wp-json\/wp\/v2\/posts\/614836\/revisions"}],"wp:featuredmedia":[{"embeddable":true,"href":"https:\/\/www.europesays.com\/fr\/wp-json\/wp\/v2\/media\/614837"}],"wp:attachment":[{"href":"https:\/\/www.europesays.com\/fr\/wp-json\/wp\/v2\/media?parent=614836"}],"wp:term":[{"taxonomy":"category","embeddable":true,"href":"https:\/\/www.europesays.com\/fr\/wp-json\/wp\/v2\/categories?post=614836"},{"taxonomy":"post_tag","embeddable":true,"href":"https:\/\/www.europesays.com\/fr\/wp-json\/wp\/v2\/tags?post=614836"}],"curies":[{"name":"wp","href":"https:\/\/api.w.org\/{rel}","templated":true}]}}