{"id":614838,"date":"2025-12-22T00:52:42","date_gmt":"2025-12-22T00:52:42","guid":{"rendered":"https:\/\/www.europesays.com\/fr\/614838\/"},"modified":"2025-12-22T00:52:42","modified_gmt":"2025-12-22T00:52:42","slug":"larchitecture-ce-nest-pas-que-du-dessin","status":"publish","type":"post","link":"https:\/\/www.europesays.com\/fr\/614838\/","title":{"rendered":"L\u2019architecture, ce n\u2019est pas que du dessin"},"content":{"rendered":"<p>Le si\u00e8ge du conseil d\u00e9partemental des Deux-S\u00e8vres dans l\u2019ancienne caserne Du-Guesclin \u00e0 Niort, c\u2019est elle. Elle aussi le coll\u00e8ge Supervielle de Bressuire. Elle, toujours, <a target=\"_self\" href=\"https:\/\/www.lanouvellerepublique.fr\/deux-sevres\/deux-sevres-on-a-visite-le-mega-centre-de-tri-qui-traite-les-dechets-d-un-million-d-habitants-1748360992\" rel=\"noopener\">Unitri, le centre de tri des d\u00e9chets appel\u00e9 depuis Maul\u00e9on \u00e0 desservir un million d\u2019habitants<\/a>. Cela fait plus de 30\u00a0ans que la soci\u00e9t\u00e9 Triade existe. N\u00e9e \u00e0 Thouars en 1993, elle a \u00e9t\u00e9 une des toutes premi\u00e8res soci\u00e9t\u00e9s d\u2019architectes cr\u00e9\u00e9es en France. Depuis, elle a \u00e9largi son horizon c\u00f4t\u00e9 sud du d\u00e9partement avec, en ligne de mire, La\u00a0Rochelle. L\u2019ex-Poitou-Charentes et la Vend\u00e9e sont aujourd\u2019hui son terrain d\u2019action.<\/p>\n<p>Les recettes d\u2019une long\u00e9vit\u00e9\u00a0? Alors que beaucoup d\u2019agences sont li\u00e9es \u00e0 un architecte, Triade a fini par exister en tant que telle. Un nom survivant aux changements de personnes\u00a0: \u00ab\u00a0Depuis 1993, on parle toujours de Triade\u00a0: \u00e7a reste dans la m\u00e9moire et dans l\u2019avenir\u00a0\u00bb, r\u00e9sume Pablo Ocampo, l\u2019un des architectes associ\u00e9s. Deuxi\u00e8me atout\u00a0: une r\u00e8gle d\u2019or pr\u00e9vaut, \u00e9viter que le chantier d\u00e9rape financi\u00e8rement.<\/p>\n<p>\u00ab\u00a0Les industriels ne veulent pas cinquante interlocuteurs\u00a0\u00bb<\/p>\n<p>Si cela peut para\u00eetre la moindre des choses, <a target=\"_self\" href=\"https:\/\/www.lanouvellerepublique.fr\/parthenay\/parthenay-gatine-c-est-parti-pour-la-reconstruction-du-centre-maurice-caillon\" rel=\"noopener\">Triade<\/a> s\u2019est structur\u00e9 expr\u00e8s afin de traiter cette t\u00e2che en interne. \u00ab L\u2019architecture, ce n\u2019est pas que le dessin. C\u2019est aussi l\u2019\u00e9conomie du projet. On a cr\u00e9\u00e9 un p\u00f4le dont le r\u00f4le est de v\u00e9rifier que celui-ci entre dans l\u2019enveloppe de d\u00e9part\u00a0\u00bb, explique Pablo Ocampo. Significatif\u00a0: sur les cinq associ\u00e9s, on compte quatre architectes, Patrice Bacci, Brice Kohler, Pablo Ocampo et Pierre Loeul, mais aussi un \u00e9conomiste, Samuel Berger. \u00ab\u00a0Nous travaillons aussi avec l\u2019industrie, et les industriels ne veulent pas cinquante interlocuteurs\u00a0: ils en veulent un qui sache tout faire\u00a0\u00bb, observe celui-ci pour expliquer ce qu\u2019apporte cette int\u00e9gration\u00a0: le respect du prix reste le nerf de la guerre.<\/p>\n<p>Un autre p\u00f4le a \u00e9t\u00e9 cr\u00e9\u00e9 pour le suivi du chantier\u00a0: \u00ab\u00a0Nous ne voulons pas d\u00e9l\u00e9guer cette phase \u00e0 quelqu\u2019un d\u2019autre\u00a0\u00bb, justifie Brice Kohler. S\u2019ajoute un quatri\u00e8me pilier en charge de l\u2019administratif, vital alors que dans ce secteur, les normes \u00e9voluent \u00e0 vitesse acc\u00e9l\u00e9r\u00e9e. L\u2019entreprise travaille moiti\u00e9 pour le secteur priv\u00e9, moiti\u00e9 pour le public\u00a0: communes, intercommunalit\u00e9s, d\u00e9partements, r\u00e9gions. Bureaux, Ehpad, structures pour la petite enfance, logements\u2026 Avantage \u00e0 \u00eatre cinq\u00a0: cela fait autant de professionnels \u00ab\u00a0en alerte\u00a0\u00bb face aux al\u00e9as ext\u00e9rieurs. Comme un corps \u00e0 cinq cerveaux.<\/p>\n<p>Rep\u00e8res<\/p>\n<p>Triade Architectes<\/p>\n<p>15 rue Georges Cl\u00e9menceau, 79100 Thouars.<\/p>\n<p>triade.pro<\/p>\n<p>&gt;\u00a0CA 2024\u00a0: 3\u00a0M\u20ac.<\/p>\n<p>&gt;\u00a0Effectif\u00a0: Cinq associ\u00e9s et 19 salari\u00e9s.<\/p>\n<p>&gt;\u00a0Dirigeant\u00a0: Patrice Bacci, PDG.<\/p>\n","protected":false},"excerpt":{"rendered":"Le si\u00e8ge du conseil d\u00e9partemental des Deux-S\u00e8vres dans l\u2019ancienne caserne Du-Guesclin \u00e0 Niort, c\u2019est elle. Elle aussi le&hellip;\n","protected":false},"author":2,"featured_media":614839,"comment_status":"","ping_status":"","sticky":false,"template":"","format":"standard","meta":{"footnotes":""},"categories":[1358],"tags":[1392,1348,1384,1385,1386,2545,58,33,59,313,1011,27,6752,2665,70658,72557,70659,2086],"class_list":{"0":"post-614838","1":"post","2":"type-post","3":"status-publish","4":"format-standard","5":"has-post-thumbnail","7":"category-arts-et-design","8":"tag-a-la-une-local","9":"tag-arts","10":"tag-arts-and-design","11":"tag-arts-et-design","12":"tag-design","13":"tag-deux-sevres","14":"tag-divertissement","15":"tag-economie","16":"tag-entertainment","17":"tag-entreprises","18":"tag-fr","19":"tag-france","20":"tag-niort","21":"tag-thouars","22":"tag-top-des-entreprises","23":"tag-top-des-entreprises-deux-sevres-actualites","24":"tag-top-deux-sevres","25":"tag-travaux"},"share_on_mastodon":{"url":"https:\/\/pubeurope.com\/@fr\/115760486376020904","error":""},"_links":{"self":[{"href":"https:\/\/www.europesays.com\/fr\/wp-json\/wp\/v2\/posts\/614838","targetHints":{"allow":["GET"]}}],"collection":[{"href":"https:\/\/www.europesays.com\/fr\/wp-json\/wp\/v2\/posts"}],"about":[{"href":"https:\/\/www.europesays.com\/fr\/wp-json\/wp\/v2\/types\/post"}],"author":[{"embeddable":true,"href":"https:\/\/www.europesays.com\/fr\/wp-json\/wp\/v2\/users\/2"}],"replies":[{"embeddable":true,"href":"https:\/\/www.europesays.com\/fr\/wp-json\/wp\/v2\/comments?post=614838"}],"version-history":[{"count":0,"href":"https:\/\/www.europesays.com\/fr\/wp-json\/wp\/v2\/posts\/614838\/revisions"}],"wp:featuredmedia":[{"embeddable":true,"href":"https:\/\/www.europesays.com\/fr\/wp-json\/wp\/v2\/media\/614839"}],"wp:attachment":[{"href":"https:\/\/www.europesays.com\/fr\/wp-json\/wp\/v2\/media?parent=614838"}],"wp:term":[{"taxonomy":"category","embeddable":true,"href":"https:\/\/www.europesays.com\/fr\/wp-json\/wp\/v2\/categories?post=614838"},{"taxonomy":"post_tag","embeddable":true,"href":"https:\/\/www.europesays.com\/fr\/wp-json\/wp\/v2\/tags?post=614838"}],"curies":[{"name":"wp","href":"https:\/\/api.w.org\/{rel}","templated":true}]}}