{"id":614840,"date":"2025-12-22T00:54:14","date_gmt":"2025-12-22T00:54:14","guid":{"rendered":"https:\/\/www.europesays.com\/fr\/614840\/"},"modified":"2025-12-22T00:54:14","modified_gmt":"2025-12-22T00:54:14","slug":"stranger-things-saison-5-steve-va-t-il-mourir-cette-blague-des-createurs-qui-en-dit-long","status":"publish","type":"post","link":"https:\/\/www.europesays.com\/fr\/614840\/","title":{"rendered":"Stranger Things saison 5 : Steve va-t-il mourir ? Cette blague des cr\u00e9ateurs qui en dit long"},"content":{"rendered":"<p>Mais que va-t-il se passer pour Steve dans la suite de la saison 5 de Stranger Things ? Ce personnage va-t-il mourir comme le pensent certains fans ? Les cr\u00e9ateurs de la s\u00e9rie ont fait une blague qui pourrait en dire long sur l&rsquo;avenir de Steve Harrington. <\/p>\n<p>Ce n&rsquo;est plus qu&rsquo;une question de jours avant de pouvoir d\u00e9couvrir la deuxi\u00e8me partie de la cinqui\u00e8me saison de <a href=\"https:\/\/www.programme-tv.net\/news\/series-tv\/303715-stranger-things-saison-5-netflix-date-de-sortie-synopsis-casting-toutes-les-infos-sur-la-saison-a-venir\/\" data-api-deeplink=\"teleloisirs:\/\/news\/303715\" target=\"_blank\" rel=\"noopener\">Stranger Things<\/a>. Quant \u00e0 l&rsquo;\u00e9pisode final, il va tout de m\u00eame falloir patienter jusqu&rsquo;au 1er janvier 2026. En attendant, <a href=\"https:\/\/www.programme-tv.net\/news\/series-tv\/394186-stranger-things-saison-5-partie-2-netflix-tu-paieras-ma-therapie-en-cinq-mots-la-bande-annonce-relance-cette-theorie-qui-dechire-le-coeur-des-fans\/\" data-api-deeplink=\"teleloisirs:\/\/news\/394186\" target=\"_blank\" rel=\"noopener\">une nouvelle bande-annonce a \u00e9t\u00e9 d\u00e9voil\u00e9e et les fans commencent d\u00e9j\u00e0 \u00e0 s&rsquo;inqui\u00e9ter<\/a> pour la suite des aventures de Will, Mike, Dustin, Lucas, Onze et tous les autres. En tout cas, une chose est s\u00fbre, <a href=\"https:\/\/www.programme-tv.net\/news\/series-tv\/394089-stranger-things-saison-5-sortez-les-mouchoirs-pour-la-partie-2\/\" data-api-deeplink=\"teleloisirs:\/\/news\/394089\" target=\"_blank\" rel=\"noopener\">les abonn\u00e9s de Netflix doivent s&rsquo;attendre \u00e0 sortir leur mouchoir pour cette nouvelle salve d&rsquo;\u00e9pisodes qui s&rsquo;annonce tr\u00e8s \u00e9mouvante.<\/a><\/p>\n<p>Les fr\u00e8res Duffer s&rsquo;amusent avec les nerfs des fans de Stranger Things<\/p>\n<p>Lors de leur r\u00e9cent passage dans l&rsquo;\u00e9mission de <a href=\"https:\/\/www.programme-tv.net\/biographie\/36777-fallon-jimmy\/\" data-link-people=\"67fb53cf-d5ec-4b2e-bba6-250831c7dbf4\" target=\"_blank\" rel=\"noopener\">Jimmy Fallon<\/a>, les co-cr\u00e9ateurs de la s\u00e9rie ont d\u00fb relever un d\u00e9fi pas commun : celui de d\u00e9voiler la suite de Stranger Things en utilisant uniquement des figurines. Dans l&rsquo;une de leurs sc\u00e8nes, ils ont rassembl\u00e9 les personnages en plusieurs groupes. Le premier \u00e9tant compos\u00e9 de Max, qui est \u00e0 la t\u00eate du groupe d\u2019enfants choisis par Vecna \u200b dans lequel se trouvent Derek et Holly. Ils ont choisi de placer Henry et Joyce non loin de ce premier groupe. Quant \u00e0 Will, les fr\u00e8res Duffer ont mis sa figurine sur la t\u00eate de Vecna. Onze, elle, a \u00e9t\u00e9 plac\u00e9e dans l&rsquo;eau. Mais c&rsquo;est la position de Steve Harrington qui interroge et a de quoi inqui\u00e9ter les fans : la figurine du jeune homme a \u00e9t\u00e9 plac\u00e9e en \u00e9quilibre sur le bord du bureau de Fallon. \u00ab\u00a0Voici Steve\u00a0\u00bb, a alors l\u00e2ch\u00e9 Matt Duffer, provoquant ainsi une r\u00e9action chez Jimmy Fallon. Mais que les fans se rassurent : le co-cr\u00e9ateur a ensuite pr\u00e9cis\u00e9 \u00e0 propos du personnage : \u00ab\u00a0Il va bien, il va bien.\u00a0\u00bb<\/p>\n<p>Sauf que Ross Duffer a ajout\u00e9 un peu plus de suspense en rapprochant encore plus du bord la figurine de Steve. De quoi chambouler l&rsquo;animateur qui a l\u00e2ch\u00e9 : \u00ab\u00a0Voil\u00e0 ! C&rsquo;est ainsi que se termine Stranger Things !\u00a0\u00bb En novembre dernier, Matt Duffer avait d\u00e9j\u00e0 \u00e9voqu\u00e9 le personnage de Steve en disant : \u00ab\u00a0On est tomb\u00e9s sous le charme de Joe Keery, mais si on ne l&rsquo;avait pas aim\u00e9, Steve serait parti.\u00a0\u00bb<b> <\/b>Steve pourrait-il mourir dans la suite de la saison de Stranger Things ? Encore un peu de patience pour en avoir le c\u0153ur net t<\/p>\n<p>Article \u00e9crit avec la collaboration de 6m\u00e9dias.<\/p>\n","protected":false},"excerpt":{"rendered":"Mais que va-t-il se passer pour Steve dans la suite de la saison 5 de Stranger Things ?&hellip;\n","protected":false},"author":2,"featured_media":614841,"comment_status":"","ping_status":"","sticky":false,"template":"","format":"standard","meta":{"footnotes":""},"categories":[1356],"tags":[1409,244,58,59,1011,27,72558,127,1722,19536,40852,1721,129,252,1364],"class_list":{"0":"post-614840","1":"post","2":"type-post","3":"status-publish","4":"format-standard","5":"has-post-thumbnail","7":"category-television","8":"tag-bande-annonce","9":"tag-commentaire","10":"tag-divertissement","11":"tag-entertainment","12":"tag-fr","13":"tag-france","14":"tag-joe-keery","15":"tag-netflix","16":"tag-pub-streaming-netflix","17":"tag-stranger-things","18":"tag-stranger-things-20478001","19":"tag-su00e9rie-netflix","20":"tag-svod","21":"tag-television","22":"tag-tv"},"share_on_mastodon":{"url":"https:\/\/pubeurope.com\/@fr\/115760494345395491","error":""},"_links":{"self":[{"href":"https:\/\/www.europesays.com\/fr\/wp-json\/wp\/v2\/posts\/614840","targetHints":{"allow":["GET"]}}],"collection":[{"href":"https:\/\/www.europesays.com\/fr\/wp-json\/wp\/v2\/posts"}],"about":[{"href":"https:\/\/www.europesays.com\/fr\/wp-json\/wp\/v2\/types\/post"}],"author":[{"embeddable":true,"href":"https:\/\/www.europesays.com\/fr\/wp-json\/wp\/v2\/users\/2"}],"replies":[{"embeddable":true,"href":"https:\/\/www.europesays.com\/fr\/wp-json\/wp\/v2\/comments?post=614840"}],"version-history":[{"count":0,"href":"https:\/\/www.europesays.com\/fr\/wp-json\/wp\/v2\/posts\/614840\/revisions"}],"wp:featuredmedia":[{"embeddable":true,"href":"https:\/\/www.europesays.com\/fr\/wp-json\/wp\/v2\/media\/614841"}],"wp:attachment":[{"href":"https:\/\/www.europesays.com\/fr\/wp-json\/wp\/v2\/media?parent=614840"}],"wp:term":[{"taxonomy":"category","embeddable":true,"href":"https:\/\/www.europesays.com\/fr\/wp-json\/wp\/v2\/categories?post=614840"},{"taxonomy":"post_tag","embeddable":true,"href":"https:\/\/www.europesays.com\/fr\/wp-json\/wp\/v2\/tags?post=614840"}],"curies":[{"name":"wp","href":"https:\/\/api.w.org\/{rel}","templated":true}]}}