{"id":614844,"date":"2025-12-22T00:56:23","date_gmt":"2025-12-22T00:56:23","guid":{"rendered":"https:\/\/www.europesays.com\/fr\/614844\/"},"modified":"2025-12-22T00:56:23","modified_gmt":"2025-12-22T00:56:23","slug":"ou-a-ete-tourne-le-film-lhomme-tranquille","status":"publish","type":"post","link":"https:\/\/www.europesays.com\/fr\/614844\/","title":{"rendered":"O\u00f9 a \u00e9t\u00e9 tourn\u00e9 le film L&rsquo;Homme tranquille ?"},"content":{"rendered":"<p>Ce dimanche 21 d\u00e9cembre 2025, Arte diffuse la com\u00e9die dramatique L&rsquo;Homme tranquille, avec John Wayne. O\u00f9 a \u00e9t\u00e9 tourn\u00e9 cette v\u00e9ritable d\u00e9claration d&rsquo;amour du r\u00e9alisateur John Ford \u00e0 ses anc\u00eatres ? <\/p>\n<p>Avec eux, on se serait plut\u00f4t attendu \u00e0 un western. Il faut dire que le duo John Ford (devant la cam\u00e9ra) &#8211; John Wayne (derri\u00e8re l&rsquo;objectif) est surtout connu pour ses aventures dans l&rsquo;Ouest am\u00e9ricain. Comme Rio Grande, <a href=\"https:\/\/www.programme-tv.net\/news\/cinema\/317022-rio-grande-c8-de-nombreuses-victimes-a-deplorer-sur-le-tournage-de-ce-western-des-annees-1950\/\" data-api-deeplink=\"teleloisirs:\/\/news\/317022\" target=\"_blank\" rel=\"noopener\">dont le tournage a \u00e9t\u00e9 marqu\u00e9 par plusieurs d\u00e9c\u00e8s<\/a>, La Chevauch\u00e9e fantastique ou La Charge h\u00e9ro\u00efque, <a href=\"https:\/\/www.programme-tv.net\/news\/cinema\/310859-la-charge-heroique-arte-pourquoi-john-wayne-a-failli-ne-pas-faire-le-film\/\" data-api-deeplink=\"teleloisirs:\/\/news\/310859\" target=\"_blank\" rel=\"noopener\">que le c\u00e9l\u00e8bre com\u00e9dien a failli ne pas tourner<\/a>. Parfois, le cin\u00e9aste n&rsquo;\u00e9tait pas franchement heureux de son travail. C&rsquo;est le cas des Deux cavaliers, <a href=\"https:\/\/www.programme-tv.net\/news\/cinema\/374613-ce-film-que-john-ford-considere-comme-la-pire-merde-quil-ait-tournee-en-vingt-ans-est-diffuse-ce-soir-a-la-tele\/\" data-api-deeplink=\"teleloisirs:\/\/news\/374613\" target=\"_blank\" rel=\"noopener\">que John Ford consid\u00e9rait comme un \u00e9chec<\/a>.<\/p>\n<p>Changement total de d\u00e9cor pour L&rsquo;Homme tranquille, diffus\u00e9 ce dimanche 21 d\u00e9cembre 2025 \u00e0 21h sur Arte. Dans ce film, le metteur en sc\u00e8ne <a href=\"https:\/\/www.programme-tv.net\/news\/cinema\/298551-la-derniere-fanfare-arte-faut-il-regarder-ce-drame-electoral-realise-par-john-ford\/\" data-api-deeplink=\"teleloisirs:\/\/news\/298551\" target=\"_blank\" rel=\"noopener\">du drame \u00e9lectoral La Grande fanfare<\/a> rend un hommage appuy\u00e9 au pays de ses anc\u00eatres, l&rsquo;Irlande. Ce chef-d&rsquo;\u0153uvre dr\u00f4le et tendre suit Sean Thornton (John Wayne), boxeur qui renonce \u00e0 son m\u00e9tier apr\u00e8s avoir tu\u00e9 un adversaire lors d&rsquo;un combat. Depuis, l&rsquo;ancien dur \u00e0 cuire est devenu non-violent. De retour dans son Irlande natale, il rach\u00e8te la maison de son enfance et s&rsquo;installe pour mener une vie paisible. Mais l&rsquo;un de ses voisins, Red, convoitait lui aussi la maison. Il en veut \u00e0 Sean et refuse de lui accorder la main de sa soeur, Mary Kate, une ravissante \u00ab\u00a0t\u00eate de mule\u00a0\u00bb. Au c\u00f4t\u00e9 de John Wayne, Maureen O&rsquo;Hara, <a href=\"https:\/\/www.programme-tv.net\/news\/cinema\/73566-l-actrice-maureen-o-hara-est-decedee\/\" data-api-deeplink=\"teleloisirs:\/\/news\/73566\" target=\"_blank\" rel=\"noopener\">morte en 2015<\/a>, forme le duo irr\u00e9sistible de ce v\u00e9ritable chant d&rsquo;amour \u00e0 l&rsquo;Irlande. La longue bagarre finale entre les deux com\u00e9diens sous les yeux de la foule rassembl\u00e9e demeure un sommet de mise en sc\u00e8ne.<\/p>\n<p>                        O\u00f9 a \u00e9t\u00e9 tourn\u00e9 le film L&rsquo;Homme tranquille de John Ford, avec John Wayne ?<\/p>\n<p>L&rsquo;Homme tranquille a logiquement \u00e9t\u00e9 tourn\u00e9 au pays du tr\u00e8fle. Notamment au Connemara, \u00e9galement c\u00e9l\u00e9br\u00e9e dans la chanson de <a href=\"https:\/\/www.programme-tv.net\/biographie\/1525-sardou-michel\/\" data-link-people=\"d9952577-ff86-4f9d-ad22-6c8724cf2b24\" target=\"_blank\" rel=\"noopener\">Michel Sardou<\/a>, <a href=\"https:\/\/www.programme-tv.net\/news\/musique\/349006-je-ne-suis-pas-pres-daller-la-voir-michel-sardou-revient-sur-la-grosse-polemique-avec-juliette-armanet-qui-avait-critique-les-lacs-du-connemara\/\" data-api-deeplink=\"teleloisirs:\/\/news\/349006\" target=\"_blank\" rel=\"noopener\">qui a fait pol\u00e9mique en 2024<\/a>. D&rsquo;autres hauts lieux du comt\u00e9 de Galway ont \u00e9galement \u00e9t\u00e9 visit\u00e9s, comme Clifden, et Lettergesh Beach pour les s\u00e9quences de courses de chevaux, tout comme le ch\u00e2teau d&rsquo;Asford. Quelques sc\u00e8nes compl\u00e9mentaires ont \u00e9galement \u00e9t\u00e9 film\u00e9es \u00e0 Hollywood. C&rsquo;est donc parti pour un grande tour dans la verte Irlande !<\/p>\n","protected":false},"excerpt":{"rendered":"Ce dimanche 21 d\u00e9cembre 2025, Arte diffuse la com\u00e9die dramatique L&rsquo;Homme tranquille, avec John Wayne. O\u00f9 a \u00e9t\u00e9&hellip;\n","protected":false},"author":2,"featured_media":614845,"comment_status":"","ping_status":"","sticky":false,"template":"","format":"standard","meta":{"footnotes":""},"categories":[1354],"tags":[15610,244,58,59,1346,1011,27,72561,72560,72559,2706,1360,72562,12910],"class_list":{"0":"post-614844","1":"post","2":"type-post","3":"status-publish","4":"format-standard","5":"has-post-thumbnail","7":"category-films","8":"tag-arte-tv","9":"tag-commentaire","10":"tag-divertissement","11":"tag-entertainment","12":"tag-films","13":"tag-fr","14":"tag-france","15":"tag-guid_3633683385001","16":"tag-john-ford","17":"tag-john-wayne","18":"tag-lieux-de-tournage","19":"tag-movies","20":"tag-uuid_66062ca4-b405-4316-bc2d-08617a34ec22","21":"tag-we-tv"},"share_on_mastodon":{"url":"https:\/\/pubeurope.com\/@fr\/115760502842043356","error":""},"_links":{"self":[{"href":"https:\/\/www.europesays.com\/fr\/wp-json\/wp\/v2\/posts\/614844","targetHints":{"allow":["GET"]}}],"collection":[{"href":"https:\/\/www.europesays.com\/fr\/wp-json\/wp\/v2\/posts"}],"about":[{"href":"https:\/\/www.europesays.com\/fr\/wp-json\/wp\/v2\/types\/post"}],"author":[{"embeddable":true,"href":"https:\/\/www.europesays.com\/fr\/wp-json\/wp\/v2\/users\/2"}],"replies":[{"embeddable":true,"href":"https:\/\/www.europesays.com\/fr\/wp-json\/wp\/v2\/comments?post=614844"}],"version-history":[{"count":0,"href":"https:\/\/www.europesays.com\/fr\/wp-json\/wp\/v2\/posts\/614844\/revisions"}],"wp:featuredmedia":[{"embeddable":true,"href":"https:\/\/www.europesays.com\/fr\/wp-json\/wp\/v2\/media\/614845"}],"wp:attachment":[{"href":"https:\/\/www.europesays.com\/fr\/wp-json\/wp\/v2\/media?parent=614844"}],"wp:term":[{"taxonomy":"category","embeddable":true,"href":"https:\/\/www.europesays.com\/fr\/wp-json\/wp\/v2\/categories?post=614844"},{"taxonomy":"post_tag","embeddable":true,"href":"https:\/\/www.europesays.com\/fr\/wp-json\/wp\/v2\/tags?post=614844"}],"curies":[{"name":"wp","href":"https:\/\/api.w.org\/{rel}","templated":true}]}}