{"id":614850,"date":"2025-12-22T00:59:15","date_gmt":"2025-12-22T00:59:15","guid":{"rendered":"https:\/\/www.europesays.com\/fr\/614850\/"},"modified":"2025-12-22T00:59:15","modified_gmt":"2025-12-22T00:59:15","slug":"lex-miss-aquitaine-2025-ainhoa-lahitetes-sort-du-silence-apres-avoir-perdu-son-titre","status":"publish","type":"post","link":"https:\/\/www.europesays.com\/fr\/614850\/","title":{"rendered":"L\u2019ex-Miss Aquitaine 2025, A\u00efnhoa Lahitetes, sort du silence apr\u00e8s avoir perdu son titre"},"content":{"rendered":"<p>        <img decoding=\"async\" loading=\"lazy\" src=\"https:\/\/www.europesays.com\/fr\/wp-content\/uploads\/2025\/12\/a5e852f_upload-1-thbrrc1xvu7c-capture-d-ecran-2025-12-21-194613.png\"  width=\"728\" height=\"410\" alt=\"A\u00efnhoa Lahitete, Miss Aquitaine 2025\u00a0avait \u00e9t\u00e9 destitu\u00e9 de son titre apr\u00e8s avoir d\u00e9nigr\u00e9 d\u2019autres candidates du concours Miss France.\"\/>   <\/p>\n<p>A\u00efnhoa Lahitete, Miss Aquitaine 2025\u00a0avait \u00e9t\u00e9 destitu\u00e9 de son titre apr\u00e8s avoir d\u00e9nigr\u00e9 d\u2019autres candidates du concours Miss France.<\/p>\n<p class=\"asset asset-text\">Elle n\u2019avait pas pris la parole depuis<a href=\"https:\/\/www.huffingtonpost.fr\/divertissement\/article\/miss-provence-et-aquitaine-perdent-leur-echarpe-apres-avoir-ete-epinglees-pour-leurs-propos_258027.html\" target=\"_blank\" rel=\"noopener\"> le d\u00e9but de la pol\u00e9mique<\/a>. A\u00efnhoa Lahitetes, d\u00e9sormais ex-Miss Aquitaine 2025, s\u2019est confi\u00e9 ce samedi 20\u00a0d\u00e9cembre au journal Sud-Ouest. Dans une longue interview, elle revient sur le \u00ab\u00a0bad buzz\u00a0\u00bb qui lui a co\u00fbt\u00e9 son titre, apr\u00e8s la diffusion sur les r\u00e9seaux sociaux d\u2019une vid\u00e9o la montrant, <a href=\"https:\/\/www.huffingtonpost.fr\/divertissement\/article\/julie-zitouni-miss-provence-presente-ses-excuses-apres-avoir-insulte-d-autres-candidates_257961.html\" target=\"_blank\" rel=\"noopener\">aux c\u00f4t\u00e9s de Miss Provence<\/a>, tenant des propos insultants \u00e0 l\u2019encontre des autres candidates \u00e0 Miss France.<\/p>\n<p class=\"asset asset-text\">\u00ab\u00a0C\u2019\u00e9tait une grosse erreur, que je regrette profond\u00e9ment\u00a0\u00bb, explique la jeune femme de 19\u00a0ans. \u00ab\u00a0Cette vid\u00e9o \u00e9tait destin\u00e9e \u00e0 un cercle priv\u00e9 et j\u2019ai \u00e9t\u00e9 trahie. Elle a \u00e9t\u00e9 envoy\u00e9e \u00e0 un groupe de filles qui m\u2019avaient harcel\u00e9e au lyc\u00e9e et qui l\u2019ont transmise de mani\u00e8re malveillante \u00e0 un blogueur tr\u00e8s connu pour les pol\u00e9miques\u00a0\u00bb, a-t-elle pr\u00e9cis\u00e9.<\/p>\n<p class=\"asset asset-text\">La vid\u00e9o en question a \u00e9t\u00e9 publi\u00e9e lors de<a href=\"https:\/\/www.huffingtonpost.fr\/divertissement\/video\/miss-france-2026-le-regne-de-hinaupoko-deveze-a-deja-bien-commence-on-vous-raconte-sa-folle-nuit_257951.html\" target=\"_blank\" rel=\"noopener\"> la soir\u00e9e d\u2019\u00e9lection de Miss France<\/a>, le samedi 6\u00a0d\u00e9cembre, par l\u2019influenceur Aqababe. On y voit A\u00efnhoa Lahitete affirmer\u00a0: \u00ab\u00a0D\u00e9sol\u00e9e, mais qu\u2019est-ce que c\u2019est que ce Top 12\u00a0? Je ne veux pas faire ma rageuse mais\u2026 C\u2019est quoi ce Top 12 s\u2019il vous pla\u00eet\u00a0? All\u00f4 la Terre\u00a0\u00bb. Puis Miss Provence, Julie Zitouni, surench\u00e9rir\u00a0: \u00ab\u00a0Toutes des grosses putes\u00a0\u00bb.\u00a0Avant que sa camarade la reprenne\u00a0: \u00ab\u00a0Pas toutes. Mais beaucoup\u00a0\u00bb. \u00c0 l\u2019\u00e9vidence, les deux candidates n\u2019avaient pas \u00e9t\u00e9 retenues parmi les douze finalistes.<\/p>\n<p class=\"asset asset-text\">\u00ab\u00a0M\u2019\u00eatre film\u00e9e comme \u00e7a, c\u2019\u00e9tait tr\u00e8s b\u00eate\u00a0\u00bb, admet A\u00efnhoa Lahitetes. \u00ab\u00a0On \u00e9tait toutes d\u00e9\u00e7ues, apr\u00e8s un mois intense, o\u00f9 on ne dort pas beaucoup. Le staff de Miss France nous a dit qu\u2019on pouvait rel\u00e2cher la pression, on l\u2019a peut-\u00eatre trop pris \u00e0 la lettre\u2026 C\u2019est comme une r\u00e9action \u00e0 chaud apr\u00e8s un match de rugby. C\u2019est d\u00e9bile\u00a0\u00bb, explique-t-elle dans <a href=\"https:\/\/www.sudouest.fr\/culture\/programmes-tv\/miss-france\/miss-france-2026-j-ai-paye-trop-cher-mon-erreur-ainhoa-lahitete-ex-miss-aquitaine-sort-du-silence-27173652.php\" target=\"_blank\" rel=\"noopener\" title=\"Nouvelle fen\u00eatre\">Sud-Ouest<\/a>.<\/p>\n<p class=\"asset asset-text\">Trois jours apr\u00e8s cet incident, les comit\u00e9s Miss France a annonc\u00e9 retirer leurs titres \u00e0 Miss Aquitaine 2025\u00a0et Miss Provence 2025. \u00ab\u00a0Nous tenons \u00e0 souligner que Julie et Ainhoa ont pr\u00e9sent\u00e9 des excuses publiques, ainsi qu\u2019aux candidates concern\u00e9es, et nous en prenons acte. N\u00e9anmoins, la gravit\u00e9 des propos tenus rend impossible le maintien de leur titre\u00a0\u00bb, a-t-il indiqu\u00e9.<\/p>\n<p>    \u00ab\u00a0Je ne sors plus, j\u2019ai peur, j\u2019ai honte\u00a0\u00bb    <\/p>\n<p class=\"asset asset-text\">Les comit\u00e9s ont toutefois rappel\u00e9 qu\u2019\u00ab\u00a0aucune faute ne justifie la haine, l\u2019acharnement ou les menaces sur les r\u00e9seaux sociaux\u00a0\u00bb, alors que les deux jeunes femmes faisaient face \u00e0 une vague de cyberharc\u00e8lement. \u00ab\u00a0J\u2019ai subi un \u00e9norme cyberharc\u00e8lement\u00a0\u00bb, a confirm\u00e9 ce samedi A\u00efnhoa Lahitete, expliquant avoir re\u00e7u des menaces de mort sur Instagram et avoir d\u00e9pos\u00e9 plainte.<\/p>\n<p class=\"asset asset-text\">\u00ab\u00a0Tout \u00e7a m\u2019a \u00e9teint\u00a0\u00bb, avoue l\u2019ex-Miss Aquitaine, originaire d\u2019Hendaye. \u00ab\u00a0Je ne sors plus, j\u2019ai peur, j\u2019ai honte. Heureusement que j\u2019ai le soutien de mon entourage proche dans cette \u00e9preuve, ma famille, mon copain, mes amis.\u00a0\u00bb <\/p>\n<p class=\"asset asset-text\">Elle confie \u00e9galement avoir re\u00e7u le soutien de Miss France 2025, Ang\u00e9lique Angarni-Filopon, qui a elle aussi \u00e9t\u00e9 confront\u00e9e au cyberharc\u00e8lement, ainsi que celui de plusieurs autres candidates \u00e0 l\u2019\u00e9lection de Miss France 2026\u00a0: \u00ab\u00a0Les gens ne vont peut-\u00eatre pas le croire, mais les filles de la promo ne m\u2019en veulent pas, alors que c\u2019est elles qui devraient m\u2019en vouloir.\u00a0\u00bb<\/p>\n<p class=\"asset asset-text\">De son c\u00f4t\u00e9, l\u2019ex-Miss Provence Julie Zitouni a repris la parole ce samedi sur<a href=\"https:\/\/www.instagram.com\/p\/DSe7EiigoeN\/\" target=\"_blank\" rel=\"noopener\" title=\"Nouvelle fen\u00eatre\"> son compte Instagram<\/a>. Apr\u00e8s avoir pr\u00e9sent\u00e9 ses excuses, elle semble d\u00e9sormais vouloir aller de l\u2019avant et tourner la page. \u00ab\u00a0Les mots ext\u00e9rieurs comptent peu. Nous savons, elles et moi, ce que nous avons partag\u00e9\u00a0\u00bb, a-t-elle \u00e9crit en accompagnement d\u2019une vid\u00e9o retra\u00e7ant son aventure aux c\u00f4t\u00e9s des autres Miss. \u00ab\u00a0Partager ces images, c\u2019est refermer ce chapitre avec douceur et gratitude\u00a0\u00bb, ajoute-t-elle, estimant que \u00ab\u00a0nous avons toutes gagn\u00e9\u00a0\u00bb.<\/p>\n<p>      <script async src=\"\/\/www.instagram.com\/embed.js\"><\/script><\/p>\n","protected":false},"excerpt":{"rendered":"A\u00efnhoa Lahitete, Miss Aquitaine 2025\u00a0avait \u00e9t\u00e9 destitu\u00e9 de son titre apr\u00e8s avoir d\u00e9nigr\u00e9 d\u2019autres candidates du concours Miss&hellip;\n","protected":false},"author":2,"featured_media":614851,"comment_status":"","ping_status":"","sticky":false,"template":"","format":"standard","meta":{"footnotes":""},"categories":[8],"tags":[58,59,1011,27,3034,68926,973],"class_list":{"0":"post-614850","1":"post","2":"type-post","3":"status-publish","4":"format-standard","5":"has-post-thumbnail","7":"category-divertissement","8":"tag-divertissement","9":"tag-entertainment","10":"tag-fr","11":"tag-france","12":"tag-miss-france","13":"tag-miss-france-2026","14":"tag-people"},"share_on_mastodon":{"url":"https:\/\/pubeurope.com\/@fr\/115760514738495159","error":""},"_links":{"self":[{"href":"https:\/\/www.europesays.com\/fr\/wp-json\/wp\/v2\/posts\/614850","targetHints":{"allow":["GET"]}}],"collection":[{"href":"https:\/\/www.europesays.com\/fr\/wp-json\/wp\/v2\/posts"}],"about":[{"href":"https:\/\/www.europesays.com\/fr\/wp-json\/wp\/v2\/types\/post"}],"author":[{"embeddable":true,"href":"https:\/\/www.europesays.com\/fr\/wp-json\/wp\/v2\/users\/2"}],"replies":[{"embeddable":true,"href":"https:\/\/www.europesays.com\/fr\/wp-json\/wp\/v2\/comments?post=614850"}],"version-history":[{"count":0,"href":"https:\/\/www.europesays.com\/fr\/wp-json\/wp\/v2\/posts\/614850\/revisions"}],"wp:featuredmedia":[{"embeddable":true,"href":"https:\/\/www.europesays.com\/fr\/wp-json\/wp\/v2\/media\/614851"}],"wp:attachment":[{"href":"https:\/\/www.europesays.com\/fr\/wp-json\/wp\/v2\/media?parent=614850"}],"wp:term":[{"taxonomy":"category","embeddable":true,"href":"https:\/\/www.europesays.com\/fr\/wp-json\/wp\/v2\/categories?post=614850"},{"taxonomy":"post_tag","embeddable":true,"href":"https:\/\/www.europesays.com\/fr\/wp-json\/wp\/v2\/tags?post=614850"}],"curies":[{"name":"wp","href":"https:\/\/api.w.org\/{rel}","templated":true}]}}