{"id":614852,"date":"2025-12-22T01:00:13","date_gmt":"2025-12-22T01:00:13","guid":{"rendered":"https:\/\/www.europesays.com\/fr\/614852\/"},"modified":"2025-12-22T01:00:13","modified_gmt":"2025-12-22T01:00:13","slug":"est-il-dangereux-de-laisser-vos-poules-gambader-sous-la-neige","status":"publish","type":"post","link":"https:\/\/www.europesays.com\/fr\/614852\/","title":{"rendered":"est-il dangereux de laisser vos poules gambader sous la neige ?"},"content":{"rendered":"<p itemprop=\"description\">La neige tombera bient\u00f4t dans certaines<br \/>\nr\u00e9gions fran\u00e7aises. Si vous avez des poules, sont-elles en capacit\u00e9<br \/>\nde la supporter ?<\/p>\n<p>Alors que les temp\u00e9ratures sont de plus en plus froides, la<br \/>\nneige ne va pas tarder \u00e0 tomber dans certaines r\u00e9gions. Comment les<br \/>\npoules vont-elles r\u00e9agir ? Ces animaux du jardin de plus en plus<br \/>\nappr\u00e9ci\u00e9s supportent-ils la neige ? On vous explique.<\/p>\n<p>Les poules supportent-elles vraiment le froid ?<\/p>\n<p><a href=\"https:\/\/monjardinmamaison.maison-travaux.fr\/mon-jardin-ma-maison\/animaux\/animaux-du-jardin\/conseils-aider-herissons-hibernation-489342.html\" target=\"_blank\" rel=\"noopener\">Le froid<\/a> s\u00a0\u00bbinstalle<br \/>\n<strong>progressivement sur le territoire hexagonal<\/strong>. Dans<br \/>\nun gros mois, nous passerons de l&rsquo;automne \u00e0 l&rsquo;hiver. Une saison<br \/>\nredout\u00e9e par certains, tr\u00e8s appr\u00e9ci\u00e9e par d&rsquo;autres. <strong>Mais<br \/>\nqu&rsquo;en est-il de nos poules ?\u00a0<\/strong><\/p>\n<p>Ces <a href=\"https:\/\/monjardinmamaison.maison-travaux.fr\/diaporama-accueil\/proteger-herissons-feuilles-mortes-jardin-417952.html\" target=\"_blank\" rel=\"noopener\">animaux du jardin<\/a> s\u00e9duisent<br \/>\n<strong>de plus en plus les Fran\u00e7ais.<\/strong> Il est donc normal<br \/>\nde se poser la question. Et soyez rassur\u00e9s, les poules<br \/>\n<strong>supportent tr\u00e8s bien le froid<\/strong> ! On estime que<br \/>\njusqu&rsquo;\u00e0 <strong>moins 10 ou moins 15 \u00b0C<\/strong>, elles n&rsquo;ont pas<br \/>\nde souci \u00e0 se faire.<\/p>\n<p>Comment rendre les poules \u00e0 l&rsquo;aise dans la neige<\/p>\n<p>M\u00eame si <a href=\"https:\/\/monjardinmamaison.maison-travaux.fr\/mon-jardin-ma-maison\/animaux\/poules\/poule-peut-souffrir-solitude-489217.html\" target=\"_blank\" rel=\"noopener\">les poules<\/a> sont tout \u00e0 fait<br \/>\ncapables de passer l&rsquo;hiver et de <strong>supporter le froid et la<br \/>\nneige,<\/strong> il est tout de m\u00eame indispensable de<br \/>\n<strong>prendre quelques pr\u00e9cautions<\/strong> pour qu&rsquo;elles se<br \/>\nsentent bien et qu&rsquo;elles n&rsquo;\u00e9prouvent pas de complications. Tout<br \/>\nd&rsquo;abord, <strong>laissez toujours le choix \u00e0 vos poules.<\/strong><br \/>\nSi vous ouvrez le poulailler et qu&rsquo;elles ne souhaitent pas sortir<br \/>\ndans la neige, <strong>ne les forcez pas.<\/strong><\/p>\n<p>Les poules ont besoin <strong>de gambader et de sortir<\/strong>,<br \/>\nmais cette d\u00e9cision leur appartient. De plus, leurs extr\u00e9mit\u00e9s<br \/>\npeuvent largement <strong>souffrir du froid.<\/strong> On vous<br \/>\nconseille alors <strong>d&rsquo;appliquer de la vaseline<\/strong> sur les<br \/>\npattes, leurs cr\u00eates, leurs barbillons et leurs p\u00e9doncules pour les<br \/>\nprot\u00e9ger des engelures. Comme le souligne un r\u00e9cent article publi\u00e9<br \/>\npar Marie France, l&rsquo;id\u00e9al est de r\u00e9aliser cette action<br \/>\n<strong>une fois par jour<\/strong> et ainsi, assur\u00e9ment<br \/>\n<strong>\u00e9viter les plaies<\/strong> dues \u00e0 la neige et au froid.<\/p>\n<p><video width=\"100%\" height=\"360px\" controls=\"\" id=\"player_a421c68121827a91f2f21965d4512896\" preload=\"auto\" class=\"video-js vjs-default-skin vjs-big-play-centered\" style=\"display:block; text-align: center; margin-bottom: 4px;\" poster=\"https:\/\/img.youtube.com\/vi\/ugKtDEGNZuY?si=hNCQwvEXvykbpS4-\/maxresdefault.jpg\"\/><\/p>\n<p>Les r\u00e9flexes qui permettent de prot\u00e9ger le poulailler<\/p>\n<p><a href=\"https:\/\/monjardinmamaison.maison-travaux.fr\/diaporama-accueil\/oeufs-poules-novembre-488483.html\" rel=\"noopener\" target=\"_blank\">Le poulailler<\/a> n&rsquo;a pas besoin d&rsquo;\u00eatre am\u00e9lior\u00e9<br \/>\n<strong>d&rsquo;un point de vue construction.<\/strong> Toutefois, vous<br \/>\npouvez tout de m\u00eame r\u00e9aliser quelques gestes afin de <strong>le<br \/>\nrendre plus confortable, plus chaleureux et plus<br \/>\naccueillant<\/strong> pour les poules durant la saison la plus<br \/>\nfroide de l&rsquo;ann\u00e9e.<\/p>\n<p>Pour cela, ajoutez tout simplement <strong>plus de foin et de<br \/>\npaille au sol.<\/strong> Cette liti\u00e8re plus \u00e9paisse va permettre de<br \/>\ncr\u00e9er <strong>une isolation suppl\u00e9mentaire<\/strong> entre le sol,<br \/>\nle froid et l&rsquo;espace des poules. Enfin, n&rsquo;h\u00e9sitez pas \u00e0 cr\u00e9er des<br \/>\nespaces avec <strong>des feuilles mortes et des copeaux de<br \/>\nbois<\/strong> dans le jardin, couvert ou b\u00e2ch\u00e9. Vos poules pourront<br \/>\ns&rsquo;y installer pour s&rsquo;y r\u00e9chauffer pendant leurs sorties.<\/p>\n","protected":false},"excerpt":{"rendered":"La neige tombera bient\u00f4t dans certaines r\u00e9gions fran\u00e7aises. Si vous avez des poules, sont-elles en capacit\u00e9 de la&hellip;\n","protected":false},"author":2,"featured_media":614853,"comment_status":"","ping_status":"","sticky":false,"template":"","format":"standard","meta":{"footnotes":""},"categories":[7],"tags":[1011,27,6055,43,40,41,39,42,44,729],"class_list":{"0":"post-614852","1":"post","2":"type-post","3":"status-publish","4":"format-standard","5":"has-post-thumbnail","7":"category-sciences-et-technologies","8":"tag-fr","9":"tag-france","10":"tag-republishing","11":"tag-science","12":"tag-science-and-technology","13":"tag-sciences","14":"tag-sciences-et-technologies","15":"tag-technologies","16":"tag-technology","17":"tag-yout_video"},"share_on_mastodon":{"url":"https:\/\/pubeurope.com\/@fr\/115760518089919169","error":""},"_links":{"self":[{"href":"https:\/\/www.europesays.com\/fr\/wp-json\/wp\/v2\/posts\/614852","targetHints":{"allow":["GET"]}}],"collection":[{"href":"https:\/\/www.europesays.com\/fr\/wp-json\/wp\/v2\/posts"}],"about":[{"href":"https:\/\/www.europesays.com\/fr\/wp-json\/wp\/v2\/types\/post"}],"author":[{"embeddable":true,"href":"https:\/\/www.europesays.com\/fr\/wp-json\/wp\/v2\/users\/2"}],"replies":[{"embeddable":true,"href":"https:\/\/www.europesays.com\/fr\/wp-json\/wp\/v2\/comments?post=614852"}],"version-history":[{"count":0,"href":"https:\/\/www.europesays.com\/fr\/wp-json\/wp\/v2\/posts\/614852\/revisions"}],"wp:featuredmedia":[{"embeddable":true,"href":"https:\/\/www.europesays.com\/fr\/wp-json\/wp\/v2\/media\/614853"}],"wp:attachment":[{"href":"https:\/\/www.europesays.com\/fr\/wp-json\/wp\/v2\/media?parent=614852"}],"wp:term":[{"taxonomy":"category","embeddable":true,"href":"https:\/\/www.europesays.com\/fr\/wp-json\/wp\/v2\/categories?post=614852"},{"taxonomy":"post_tag","embeddable":true,"href":"https:\/\/www.europesays.com\/fr\/wp-json\/wp\/v2\/tags?post=614852"}],"curies":[{"name":"wp","href":"https:\/\/api.w.org\/{rel}","templated":true}]}}