{"id":614859,"date":"2025-12-22T01:04:17","date_gmt":"2025-12-22T01:04:17","guid":{"rendered":"https:\/\/www.europesays.com\/fr\/614859\/"},"modified":"2025-12-22T01:04:17","modified_gmt":"2025-12-22T01:04:17","slug":"la-on-prend-le-bouillon-si-ca-continue-comme-ca-il-va-y-avoir-des-degats-valleraugue-quissac-le-vigan-le-point-sur-les-crues-dans-le-gard","status":"publish","type":"post","link":"https:\/\/www.europesays.com\/fr\/614859\/","title":{"rendered":"\u00ab\u00a0L\u00e0, on prend le bouillon. Si \u00e7a continue comme \u00e7a, il va y avoir des d\u00e9g\u00e2ts\u00a0\u00bb\u00a0: Valleraugue, Quissac, Le Vigan, le point sur les crues dans le Gard"},"content":{"rendered":"<p>\n                                                                    Publi\u00e9 le 21\/12\/2025 \u00e0 18:40<br \/>\n                                                                            , mis \u00e0 jour<\/p>\n<p>                                                                                                    \u00e0 18:46<\/p>\n<p class=\"article-full__chapo \">\n                                                                Le Vidourle \u00e0 3,20 \u00e0 Quissac, l\u2019Arre qui d\u00e9borde au Vigan et des trombes d\u2019eau sur Valleraugue. Le point sur la situation ce dimanche soir\n                            <\/p>\n<p>A Quissac, \u00e0 l\u2019ouest du Gard, le Vidourle est sorti de son lit. Il \u00e9tait, peu avant 18\u00a0heures, \u00e0 une hauteur de 3,20 m\u00e8tres. La sir\u00e8ne communale a \u00e9t\u00e9 d\u00e9clench\u00e9e, et le plan communal de sauvegarde est activ\u00e9. Les habitants ont \u00e9t\u00e9 pri\u00e9s de retirer leurs v\u00e9hicules et les propri\u00e9taires de chevaux doivent faire attention \u00e0 les mettre en s\u00e9curit\u00e9.<\/p>\n<p>Du c\u00f4t\u00e9 du Vigan, face \u00e0 la crue de l\u2019Arre, qui a d\u00e9bord\u00e9 entre le pont de Tessain et le pont de la croix, plusieurs routes ont \u00e9galement d\u00fb \u00eatre ferm\u00e9es, notamment en direction du camping du Val de l\u2019Arre. La gendarmerie est \u00e9galement intervenue sur des terrains priv\u00e9s pour demander \u00e0 des occupants de mobile-homes de se mettre en s\u00e9curit\u00e9. Les pompiers ont proc\u00e9d\u00e9 \u00e0 trois relogements de logements particuliers et \u00e0\u00a0l\u2019\u00e9vacuation d\u2019un camp de gens du voyage situ\u00e9 en bord de rivi\u00e8re.<\/p>\n<blockquote class=\"twitter-tweet\" data-media-max-width=\"560\">\n<p lang=\"fr\" dir=\"ltr\">Les <a href=\"https:\/\/twitter.com\/hashtag\/crues?src=hash&amp;ref_src=twsrc%5Etfw\" target=\"_blank\" rel=\"noopener\">#crues<\/a> se multiplient sur les <a href=\"https:\/\/twitter.com\/hashtag\/C%C3%A9vennes?src=hash&amp;ref_src=twsrc%5Etfw\" target=\"_blank\" rel=\"noopener\">#C\u00e9vennes<\/a> suite aux pluies de ces derni\u00e8res heures\/derniers jours. Exemple au Vigan (30) o\u00f9 l&rsquo;Arre, un affluant de l&rsquo;H\u00e9rault, est de plus en plus haut. <br \/>Vid\u00e9o ! Morgan Berkane via <a href=\"https:\/\/twitter.com\/MeteoExpress?ref_src=twsrc%5Etfw\" target=\"_blank\" rel=\"noopener\">@MeteoExpress<\/a> <a href=\"https:\/\/t.co\/3qY4iXP9jf\">pic.twitter.com\/3qY4iXP9jf<\/a><\/p>\n<p>\u2014 Meteo60 (@meteo60) <a href=\"https:\/\/twitter.com\/meteo60\/status\/2002751144133877944?ref_src=twsrc%5Etfw\" target=\"_blank\" rel=\"noopener\">December 21, 2025<\/a><\/p><\/blockquote>\n<p>A Valleraugue, commune de Val d\u2019AIgoual, le premier adjoint Gilles Berthez\u00e8ne\u00a0est inquiet\u00a0: \u00ab\u00a0L\u00e0, on prend le bouillon. Si \u00e7a continue comme \u00e7a, il va y avoir des d\u00e9g\u00e2ts. On a s\u00e9curis\u00e9 la travers\u00e9e du village et j\u2019ai demand\u00e9 aux pompiers de venir\u00a0\u00bb, explique l\u2019\u00e9lu, qui se veut pr\u00e9venant.<\/p>\n<p>\u00ab\u00a0Les pluies ne vont pas cesser avant le milieu de la nuit prochaine\u00a0\u00bb<\/p>\n<p>Selon le dernier point de la pr\u00e9fecture du Gard, publi\u00e9 \u00e0 18\u00a0heures, \u00ab\u00a0la vigilance Orange pluie-inondation est toujours d\u2019actualit\u00e9. Les pluies ne vont pas cesser avant le milieu de la nuit prochaine. Une accalmie est attendue ensuite en seconde partie de nuit de dimanche \u00e0 lundi avant de nouvelles pr\u00e9cipitations en journ\u00e9e. Jusqu\u2019\u00e0 ce milieu de nuit de dimanche \u00e0 lundi, il est attendu 100 \u00e0 150\u00a0mm sur l\u2019ensemble du massif c\u00e9venol, localement jusqu\u2019\u00e0 180\u00a0mm. Ces cumuls viennent s\u2019ajouter \u00e0 <a href=\"https:\/\/www.midilibre.fr\/2025\/12\/21\/vigilance-orange-dans-lherault-les-niveaux-des-rivieres-repartent-a-la-hausse-appel-a-la-prudence-13124635.php\" target=\"_self\" rel=\"noopener\">ceux d\u00e9j\u00e0 observ\u00e9s ces 2 derniers jours.\u00a0\u00bb<\/a><\/p>\n<p>                                                                                                                                                                                                        <script async src=\"https:\/\/platform.twitter.com\/widgets.js\" charset=\"utf-8\"><\/script><\/p>\n","protected":false},"excerpt":{"rendered":"Publi\u00e9 le 21\/12\/2025 \u00e0 18:40 , mis \u00e0 jour \u00e0 18:46 Le Vidourle \u00e0 3,20 \u00e0 Quissac, l\u2019Arre&hellip;\n","protected":false},"author":2,"featured_media":614860,"comment_status":"","ping_status":"","sticky":false,"template":"","format":"standard","meta":{"footnotes":""},"categories":[2],"tags":[1111,11,1011,27,2679,71962,15882,12,2682],"class_list":{"0":"post-614859","1":"post","2":"type-post","3":"status-publish","4":"format-standard","5":"has-post-thumbnail","7":"category-actualites","8":"tag-actu","9":"tag-actualites","10":"tag-fr","11":"tag-france","12":"tag-gard","13":"tag-intempu00e9ries","14":"tag-mu00e9tu00e9o","15":"tag-news","16":"tag-nimes"},"share_on_mastodon":{"url":"https:\/\/pubeurope.com\/@fr\/115760533546615688","error":""},"_links":{"self":[{"href":"https:\/\/www.europesays.com\/fr\/wp-json\/wp\/v2\/posts\/614859","targetHints":{"allow":["GET"]}}],"collection":[{"href":"https:\/\/www.europesays.com\/fr\/wp-json\/wp\/v2\/posts"}],"about":[{"href":"https:\/\/www.europesays.com\/fr\/wp-json\/wp\/v2\/types\/post"}],"author":[{"embeddable":true,"href":"https:\/\/www.europesays.com\/fr\/wp-json\/wp\/v2\/users\/2"}],"replies":[{"embeddable":true,"href":"https:\/\/www.europesays.com\/fr\/wp-json\/wp\/v2\/comments?post=614859"}],"version-history":[{"count":0,"href":"https:\/\/www.europesays.com\/fr\/wp-json\/wp\/v2\/posts\/614859\/revisions"}],"wp:featuredmedia":[{"embeddable":true,"href":"https:\/\/www.europesays.com\/fr\/wp-json\/wp\/v2\/media\/614860"}],"wp:attachment":[{"href":"https:\/\/www.europesays.com\/fr\/wp-json\/wp\/v2\/media?parent=614859"}],"wp:term":[{"taxonomy":"category","embeddable":true,"href":"https:\/\/www.europesays.com\/fr\/wp-json\/wp\/v2\/categories?post=614859"},{"taxonomy":"post_tag","embeddable":true,"href":"https:\/\/www.europesays.com\/fr\/wp-json\/wp\/v2\/tags?post=614859"}],"curies":[{"name":"wp","href":"https:\/\/api.w.org\/{rel}","templated":true}]}}