{"id":614863,"date":"2025-12-22T01:10:16","date_gmt":"2025-12-22T01:10:16","guid":{"rendered":"https:\/\/www.europesays.com\/fr\/614863\/"},"modified":"2025-12-22T01:10:16","modified_gmt":"2025-12-22T01:10:16","slug":"wilfried-nancy-soffre-sa-premiere-victoire-avec-le-celtic","status":"publish","type":"post","link":"https:\/\/www.europesays.com\/fr\/614863\/","title":{"rendered":"Wilfried Nancy s&rsquo;offre sa premi\u00e8re victoire avec le Celtic"},"content":{"rendered":"<p class=\"svelte-qfpp5o first-paragraph\">Il lui aura fallu cinq matches pour conna\u00eetre enfin la victoire: Wilfried Nancy, nouvel entra\u00eeneur du Celtic, a enray\u00e9 une s\u00e9rie de quatre d\u00e9faites cons\u00e9cutives gr\u00e2ce au succ\u00e8s de ses joueurs dimanche face \u00e0 Aberdeen (3-1).<\/p>\n<p class=\"svelte-qfpp5o\">Nomm\u00e9 au d\u00e9but du mois, l&rsquo;entra\u00eeneur fran\u00e7ais avait commenc\u00e9 son mandat par quatre d\u00e9faites coup sur coup, du jamais vu depuis 1978 pour le club de Glasgow qui a remport\u00e9 13 des 14 derniers titres de champion d&rsquo;Ecosse.<\/p>\n<p class=\"svelte-qfpp5o\">La victoire de dimanche au Celtic Park est un soulagement mais elle s&rsquo;est dessin\u00e9e tardivement sur des buts de Tierney (88e) et de Forrest dans le temps additionnel (90e+2) face \u00e0 un adversaire pourtant r\u00e9duit \u00e0 dix pendant toute la seconde p\u00e9riode.<\/p>\n<p class=\"svelte-qfpp5o\">Au classement du Championnat d&rsquo;Ecosse, le Celtic reste \u00e0 six longueurs de Heart of Midlothian, vainqueur des Rangers (2-1). Le Celtic compte cependant un match de moins que Heart.<\/p>\n<p class=\"svelte-qfpp5o\">Ag\u00e9 de 48 ans, Nancy a fait ses preuves dans le Championnat nord-am\u00e9ricain (MLS), remportant la Coupe MLS en 2023 et la League Cup en 2024 \u00e0 la t\u00eate du Columbus Crew.<\/p>\n<p class=\"svelte-qfpp5o\">Le Celtic constitue sa premi\u00e8re exp\u00e9rience europ\u00e9enne.<\/p>\n","protected":false},"excerpt":{"rendered":"Il lui aura fallu cinq matches pour conna\u00eetre enfin la victoire: Wilfried Nancy, nouvel entra\u00eeneur du Celtic, a&hellip;\n","protected":false},"author":2,"featured_media":614864,"comment_status":"","ping_status":"","sticky":false,"template":"","format":"standard","meta":{"footnotes":""},"categories":[9635],"tags":[1111,11,1777,674,1011,27,775,1702,12,25],"class_list":{"0":"post-614863","1":"post","2":"type-post","3":"status-publish","4":"format-standard","5":"has-post-thumbnail","7":"category-nancy","8":"tag-actu","9":"tag-actualites","10":"tag-eu","11":"tag-europe","12":"tag-fr","13":"tag-france","14":"tag-grand-est","15":"tag-nancy","16":"tag-news","17":"tag-republique-francaise"},"share_on_mastodon":{"url":"https:\/\/pubeurope.com\/@fr\/115760557150077593","error":""},"_links":{"self":[{"href":"https:\/\/www.europesays.com\/fr\/wp-json\/wp\/v2\/posts\/614863","targetHints":{"allow":["GET"]}}],"collection":[{"href":"https:\/\/www.europesays.com\/fr\/wp-json\/wp\/v2\/posts"}],"about":[{"href":"https:\/\/www.europesays.com\/fr\/wp-json\/wp\/v2\/types\/post"}],"author":[{"embeddable":true,"href":"https:\/\/www.europesays.com\/fr\/wp-json\/wp\/v2\/users\/2"}],"replies":[{"embeddable":true,"href":"https:\/\/www.europesays.com\/fr\/wp-json\/wp\/v2\/comments?post=614863"}],"version-history":[{"count":0,"href":"https:\/\/www.europesays.com\/fr\/wp-json\/wp\/v2\/posts\/614863\/revisions"}],"wp:featuredmedia":[{"embeddable":true,"href":"https:\/\/www.europesays.com\/fr\/wp-json\/wp\/v2\/media\/614864"}],"wp:attachment":[{"href":"https:\/\/www.europesays.com\/fr\/wp-json\/wp\/v2\/media?parent=614863"}],"wp:term":[{"taxonomy":"category","embeddable":true,"href":"https:\/\/www.europesays.com\/fr\/wp-json\/wp\/v2\/categories?post=614863"},{"taxonomy":"post_tag","embeddable":true,"href":"https:\/\/www.europesays.com\/fr\/wp-json\/wp\/v2\/tags?post=614863"}],"curies":[{"name":"wp","href":"https:\/\/api.w.org\/{rel}","templated":true}]}}