{"id":614867,"date":"2025-12-22T01:13:24","date_gmt":"2025-12-22T01:13:24","guid":{"rendered":"https:\/\/www.europesays.com\/fr\/614867\/"},"modified":"2025-12-22T01:13:24","modified_gmt":"2025-12-22T01:13:24","slug":"sortir-a-montpellier-nadal-occitan-animations-de-noel-zoo-des-idees-du-lundi-22-au-jeudi-25-decembre","status":"publish","type":"post","link":"https:\/\/www.europesays.com\/fr\/614867\/","title":{"rendered":"Sortir \u00e0 Montpellier\u00a0: Nadal occitan, animations de No\u00ebl, zoo\u2026 des id\u00e9es du lundi\u00a022 au jeudi 25\u00a0d\u00e9cembre"},"content":{"rendered":"<p>\n                                                                Zoo de Lunaret, march\u00e9 de No\u00ebl au Peyrou, Nadal occitan, \u00ab\u00a0Au secours, j\u2019ai r\u00e9tr\u00e9ci le P\u00e8re No\u00ebl\u00a0\u00bb, spectacle participatif au th\u00e9\u00e2tre le Point Com\u00e9die, les Flots enchant\u00e9s \u00e0 Palavas, \u00ab\u00a0\u200bNo\u00ebl avec les fr\u00e8res Koalas\u00a0\u00bb \u00e0 Pierresvives ou \u00ab\u00a0Sexe, Arnaque et Tartiflette\u00a0\u00bb au Point Com\u00e9die.\n                            <\/p>\n<p>D\u00e9couvrez notre s\u00e9lection de sorties pour ce d\u00e9but de semaine du c\u00f4t\u00e9 de <a href=\"https:\/\/www.midilibre.fr\/herault\/montpellier\/\" target=\"_blank\" rel=\"noopener\">Montpellier<\/a> et faites le plein d\u2019id\u00e9es avec notre <a href=\"https:\/\/www.midilibre.fr\/agenda\/?path=&amp;q=&amp;where=herault%3Amontpellier&amp;insee=34172&amp;from=2025-12-22&amp;to=2025-12-25&amp;agendapg=24#3964750\" target=\"_blank\" rel=\"noopener\">agenda en ligne<\/a>.<\/p>\n<p>Parc de Lunaret \u2013 zoo de Montpellier<\/p>\n<p><strong>Parc animalier.\u00a0<\/strong>80 hectares de nature, 11\u00a0km de sentiers\u2026 aujourd\u2019hui l\u2019espace vert le plus vaste de la ville. Animaux \u00e0 d\u00e9couvrir (addax, ara de Buffon, casoar, cobe, dik-dik, dromadaire, \u00e9land du cap, \u00e9meu, gazelle, girafe, gu\u00e9pard, ibis, lion, loup, mouton, rhinoc\u00e9ros, sarcelle, tamarin, tapir, vigogne, wallaby, z\u00e8bre\u2026) et\u00a0<a href=\"https:\/\/zoo.montpellier.fr\/content\/programme-des-vacances-de-noel-2025\" target=\"_blank\" rel=\"noopener\">programmation festive<\/a>, ludique et gratuite.<\/p>\n<p>&gt;\u00a0<strong>Tous les jours <\/strong>pendant les vacances scolaires de<strong> 10\u00a0h \u00e0 17\u00a0heures<\/strong> (\u00e0 16\u00a0heures le 24\u00a0d\u00e9cembre), <a href=\"https:\/\/zoo.montpellier.fr\/\" target=\"_blank\" rel=\"noopener\">zoo de Montpellier<\/a>, 50 avenue Agropolis \u00e0 <a href=\"https:\/\/www.midilibre.fr\/herault\/montpellier\/\" target=\"_blank\" rel=\"noopener\">Montpellier<\/a>. Gratuit.\u00a0Contact au\u00a004\u00a067\u00a054\u00a045\u00a023.<\/p>\n<p>March\u00e9 de No\u00ebl du Peyrou<\/p>\n<p><strong>March\u00e9 de No\u00ebl.<\/strong> Un village de No\u00ebl avec des artistes, des artisans et cr\u00e9ateurs qui attendent les visiteurs avec de nombreuses id\u00e9es de cadeaux. Sur les 94 chalets pr\u00e9sents, 14 sont consacr\u00e9s \u00e0 la restauration sal\u00e9e et sucr\u00e9e et \u00e0 la cuisine r\u00e9gionale et 4 sont d\u00e9di\u00e9s \u00e0 la restauration sucr\u00e9e. 76 sont des chalets commer\u00e7ants.<\/p>\n<p>&gt;\u00a0Cette ann\u00e9e, le march\u00e9 de No\u00ebl est ouvert<strong> jusqu\u2019au 31\u00a0d\u00e9cembre<\/strong>, du\u00a0dimanche au jeudi de <strong>10\u00a0h\u00a030 \u00e0 21\u00a0h\u00a030<\/strong>, les vendredis et samedis de 10\u00a0h\u00a030 \u00e0 22\u00a0h\u00a030, le 24 et le 31\u00a0d\u00e9cembre de <strong>10\u00a0h\u00a030 \u00e0 18\u00a0heures<\/strong>, et ferm\u00e9 le 25\u00a0d\u00e9cembre, sur l\u2019esplanade du Peyrou \u00e0<a href=\"https:\/\/www.midilibre.fr\/herault\/montpellier\/\" target=\"_blank\" rel=\"noopener\"> Montpellier<\/a>.<\/p>\n<p>Nadal occitan<\/p>\n<p><strong>Tradition.<\/strong> Revivez la tradition des No\u00ebls occitans au son des hautbois et accord\u00e9ons. La Corala de Sant Guilhem et son chef de ch\u0153ur musicien Felip Carcass\u00e9s animent une passejada culturelle et musicale, ponctu\u00e9e de Nadalets (chants de No\u00ebl occitans). Cette balade en fran\u00e7ais permet de d\u00e9crypter l\u2019histoire occitane de la ville (toponymie, illustres personnages\u2026), de d\u00e9couvrir des po\u00e8mes et des chants occitans.<\/p>\n<p>&gt;<strong>\u00a0Lundi 22\u00a0d\u00e9cembre<\/strong> de <strong>14\u00a0h\u00a030 \u00e0 16\u00a0h\u00a030 <\/strong>au d\u00e9part de l\u2019<a href=\"https:\/\/www.montpellier-tourisme.fr\/\" target=\"_blank\" rel=\"noopener\">office de tourisme<\/a>, place de la Com\u00e9die \u00e0 Montpellier. Plein tarif 16\u00a0\u20ac, 6-11 ans 6\u00a0\u20ac, <a href=\"https:\/\/www.montpellier-tourisme.fr\/agenda\/tout-l-agenda\/nadal-occitan-montpellier-fr-5982994\/\" target=\"_blank\" rel=\"noopener\">sur\u00a0r\u00e9servation obligatoire<\/a>. Contact au\u00a004\u00a067\u00a060\u00a060\u00a060.<\/p>\n<p>\u00ab\u00a0Au secours, j\u2019ai r\u00e9tr\u00e9ci le P\u00e8re No\u00ebl\u00a0\u00bb<\/p>\n<p>        <img decoding=\"async\" class=\"std-img__img responsive-img\" src=\"https:\/\/www.europesays.com\/fr\/wp-content\/uploads\/2025\/12\/1766366003_545_image.jpg\" alt=\"Un spectacle participatif, dr\u00f4le et magique de 50 minutes.\"\/><\/p>\n<p>                Un spectacle participatif, dr\u00f4le et magique de 50 minutes.<br \/>\n                                    D.R.<\/p>\n<p><strong>Spectacle participatif.<\/strong>\u00a0\u00c0 partir de 5 ans. Un lutin farceur a fait une \u00e9norme b\u00eatise\u00a0: il a r\u00e9tr\u00e9ci le P\u00e8re No\u00ebl et l\u2019a coinc\u00e9 dans une boule \u00e0 neige\u00a0! Probl\u00e8me, il ne sait plus comment l\u2019en faire sortir\u00a0! Et No\u00ebl approche \u00e0 grands pas\u00a0! Heureusement les enfants vont pouvoir l\u2019aider\u00a0!<\/p>\n<p>&gt;\u00a0<strong>Tous les jours<\/strong> \u00e0 <strong>16\u00a0heures<\/strong>\u00a0pendant les vacances de No\u00ebl (rel\u00e2ches les 25 et 31\u00a0d\u00e9cembre, et le\u00a01er\u00a0janvier), au <a href=\"https:\/\/www.lepointcomedie.fr\/\" target=\"_blank\" rel=\"noopener\">th\u00e9\u00e2tre le Point Com\u00e9die<\/a>, 9 rue Sainte-Ursule \u00e0 <a href=\"https:\/\/www.midilibre.fr\/herault\/montpellier\/\" target=\"_blank\" rel=\"noopener\">Montpellier<\/a>. Tarif unique 10\u00a0\u20ac. Contact au\u00a006\u00a004\u00a014\u00a076\u00a008.<\/p>\n<p>Les Flots enchant\u00e9s<\/p>\n<p><strong>March\u00e9 de No\u00ebl.<\/strong> Chalets illumin\u00e9s, artisans passionn\u00e9s et douceurs hivernales. Du lundi\u00a022 au mercredi 24\u00a0d\u00e9cembre \u00e0 partir de 14\u00a0heures, pr\u00e9sence du P\u00e8re No\u00ebl. Lundi\u00a022 \u00e0 partir de 17\u00a0heures d\u00e9ambulation \u00ab\u00a0Pachy, la danse des \u00e9l\u00e9phants\u00a0\u00bb. Le mardi\u00a023 \u00e0 partir de 17\u00a0heures, d\u00e9ambulation \u00ab\u00a0La Balade des Lutins\u00a0\u00bb.<\/p>\n<p>&gt;\u00a0Jusqu\u2019au 4\u00a0janvier\u00a0<strong>du\u00a0lundi au dimanche<\/strong> de <strong>11\u00a0h \u00e0 20\u00a0heures<\/strong>, le 24, le 31\u00a0d\u00e9cembre et le 4\u00a0janvier de <strong>11\u00a0h \u00e0 19\u00a0heures<\/strong> et le 25\u00a0d\u00e9cembre de <strong>15\u00a0h \u00e0 19\u00a0heures<\/strong> sur le\u00a0front de mer rive gauche, boulevard Joffre \u00e0 <a href=\"https:\/\/www.midilibre.fr\/herault\/palavas-les-flots\/\" target=\"_blank\" rel=\"noopener\">Palavas-les-Flots<\/a>.<\/p>\n<p>\u00ab\u00a0\u200bNo\u00ebl avec les fr\u00e8res Koalas\u00a0\u00bb<\/p>\n<p><strong>Cin\u00e9ma.<\/strong> \u00c0 partir de 3 ans (46&prime;). Cette ann\u00e9e, No\u00ebl sera inoubliable dans le d\u00e9sert australien\u00a0: les Fr\u00e8res Koalas ont invit\u00e9 tous ceux qu\u2019ils aiment, m\u00eame Penny qui vit en Antarctique\u00a0! Mais celle-ci se blesse l\u2019aile avant de partir\u2026 Qu\u2019\u00e0 cela ne tienne, les Fr\u00e8res Koalas d\u00e9cident de traverser l\u2019oc\u00e9an \u00e0 bord de leur avion pour partir \u00e0 sa recherche sur la banquise.<\/p>\n<p>&gt;\u00a0Ce <strong>mardi 23\u00a0d\u00e9cembre <\/strong>de <strong>16\u00a0h \u00e0 17\u00a0heures<\/strong> \u00e0 la m\u00e9diath\u00e8que <a href=\"https:\/\/pierresvives.herault.fr\/\" target=\"_blank\" rel=\"noopener\">Pierresvives<\/a>, 907 rue du Professeur Blayac \u00e0 <a href=\"https:\/\/www.midilibre.fr\/herault\/montpellier\/\" target=\"_blank\" rel=\"noopener\">Montpellier<\/a>. Sans inscription, billetterie gratuite ouverte 2\u00a0heures avant le d\u00e9but du film. Contact au\u00a004\u00a067\u00a067\u00a036\u00a060.<\/p>\n<p>Sexe, Arnaque et Tartiflette<\/p>\n<p>        <img decoding=\"async\" class=\"std-img__img responsive-img\" src=\"https:\/\/www.europesays.com\/fr\/wp-content\/uploads\/2025\/12\/1766366004_14_image.jpg\" alt=\"De l\u2019humour, avec C\u00e9cile Batailler et Fabrice Schwingrouber.\"\/><\/p>\n<p>                De l\u2019humour, avec C\u00e9cile Batailler et Fabrice Schwingrouber.<br \/>\n                                    D.R.<\/p>\n<p><strong>Th\u00e9\u00e2tre.<\/strong> Une jeune cadre aux dents longues est missionn\u00e9e par sa soci\u00e9t\u00e9 pour venir faire signer un contrat v\u00e9reux \u00e0 un pauvre type au fin fond des Alpes. D\u00e9testant le monde rural, elle va user de tous les stratag\u00e8mes possibles et inimaginables pour arriver \u00e0 ses fins dans les plus brefs d\u00e9lais\u2026<\/p>\n<p>&gt;\u00a0<strong>Mardi 23\u00a0d\u00e9cembre<\/strong> \u00e0<strong> 21\u00a0h\u00a015<\/strong> (plein tarif 20\u00a0\u20ac, r\u00e9duit 18\u00a0\u20ac) et <strong>mercredi 24\u00a0d\u00e9cembre<\/strong> \u00e0 <strong>20\u00a0heures<\/strong> (tarif unique avec coupe de bulle 30\u00a0\u20ac) au <a href=\"https:\/\/www.lepointcomedie.fr\/\" target=\"_blank\" rel=\"noopener\">th\u00e9\u00e2tre le Point Com\u00e9die<\/a>, 9 rue Sainte-Ursule \u00e0 <a href=\"https:\/\/www.midilibre.fr\/herault\/montpellier\/\" target=\"_blank\" rel=\"noopener\">Montpellier<\/a>. Contact au 06\u00a004\u00a014\u00a076\u00a008.<\/p>\n<p>\u00a0<\/p>\n","protected":false},"excerpt":{"rendered":"Zoo de Lunaret, march\u00e9 de No\u00ebl au Peyrou, Nadal occitan, \u00ab\u00a0Au secours, j\u2019ai r\u00e9tr\u00e9ci le P\u00e8re No\u00ebl\u00a0\u00bb, spectacle&hellip;\n","protected":false},"author":2,"featured_media":614868,"comment_status":"","ping_status":"","sticky":false,"template":"","format":"standard","meta":{"footnotes":""},"categories":[9599],"tags":[1111,11,872,1777,674,1011,27,7089,2208,12,2680,25],"class_list":{"0":"post-614867","1":"post","2":"type-post","3":"status-publish","4":"format-standard","5":"has-post-thumbnail","7":"category-montpellier","8":"tag-actu","9":"tag-actualites","10":"tag-culture-et-loisirs","11":"tag-eu","12":"tag-europe","13":"tag-fr","14":"tag-france","15":"tag-herault","16":"tag-montpellier","17":"tag-news","18":"tag-occitanie","19":"tag-republique-francaise"},"share_on_mastodon":{"url":"https:\/\/pubeurope.com\/@fr\/115760570491217032","error":""},"_links":{"self":[{"href":"https:\/\/www.europesays.com\/fr\/wp-json\/wp\/v2\/posts\/614867","targetHints":{"allow":["GET"]}}],"collection":[{"href":"https:\/\/www.europesays.com\/fr\/wp-json\/wp\/v2\/posts"}],"about":[{"href":"https:\/\/www.europesays.com\/fr\/wp-json\/wp\/v2\/types\/post"}],"author":[{"embeddable":true,"href":"https:\/\/www.europesays.com\/fr\/wp-json\/wp\/v2\/users\/2"}],"replies":[{"embeddable":true,"href":"https:\/\/www.europesays.com\/fr\/wp-json\/wp\/v2\/comments?post=614867"}],"version-history":[{"count":0,"href":"https:\/\/www.europesays.com\/fr\/wp-json\/wp\/v2\/posts\/614867\/revisions"}],"wp:featuredmedia":[{"embeddable":true,"href":"https:\/\/www.europesays.com\/fr\/wp-json\/wp\/v2\/media\/614868"}],"wp:attachment":[{"href":"https:\/\/www.europesays.com\/fr\/wp-json\/wp\/v2\/media?parent=614867"}],"wp:term":[{"taxonomy":"category","embeddable":true,"href":"https:\/\/www.europesays.com\/fr\/wp-json\/wp\/v2\/categories?post=614867"},{"taxonomy":"post_tag","embeddable":true,"href":"https:\/\/www.europesays.com\/fr\/wp-json\/wp\/v2\/tags?post=614867"}],"curies":[{"name":"wp","href":"https:\/\/api.w.org\/{rel}","templated":true}]}}