{"id":614869,"date":"2025-12-22T01:14:15","date_gmt":"2025-12-22T01:14:15","guid":{"rendered":"https:\/\/www.europesays.com\/fr\/614869\/"},"modified":"2025-12-22T01:14:15","modified_gmt":"2025-12-22T01:14:15","slug":"previsions-du-lundi-22-decembre-2025","status":"publish","type":"post","link":"https:\/\/www.europesays.com\/fr\/614869\/","title":{"rendered":"pr\u00e9visions du lundi 22 d\u00e9cembre 2025"},"content":{"rendered":"<p>Montpellier, o\u00f9 des nuages persisteront aujourd&rsquo;hui, continuera de guetter le soleil. La m\u00e9t\u00e9o sera marqu\u00e9e par de la pluie. Les temp\u00e9ratures afficheront entre 10\u00b0C et 13\u00b0C. Dans la matin\u00e9e, les temp\u00e9ratures avoisineront les 12\u00b0C. Un vent de sud-est, enregistrant 31 km\/h, soufflera. L&rsquo;apr\u00e8s-midi va rester maussade \u00e0 cause de nuages qui perdurent dans le ciel. Les valeurs seront comprises entre 10 et 11\u00b0C. Un vent d&rsquo;est rafra\u00eechira sensiblement l&rsquo;atmosph\u00e8re. Les nuages \u00e0 pr\u00e9voir le soir, et un ciel encore gris. De la pluie tombera. Les maximales iront jusqu&rsquo;\u00e0 12\u00b0C tandis que les minimales seront de 11\u00b0C. Durant la nuit de lundi \u00e0 mardi, le ciel sera pluvieux.<\/p>\n<p>La grisaille ne se dissipe toujours pas, il y aura encore des nuages demain. Une diminution des temp\u00e9ratures est \u00e0 pr\u00e9voir \u00e0 Montpellier. Les valeurs s&rsquo;\u00e9chelonneront entre 10 et 12\u00b0C. Un petit vent de nord-est sera ressenti par les habitants. On notera la pr\u00e9sence persistante de nuages le matin. Des pluies \u00e9parses sont pr\u00e9vues. Les valeurs iront de 10 \u00e0 12\u00b0C. Demain apr\u00e8s-midi, de l\u00e9gers nuages ne voudront pas faire place au soleil. Les temp\u00e9ratures seront de 11\u00b0C au plus bas et de 12\u00b0C au plus haut. Demain soir, toujours des nuages dans le ciel qui emp\u00eachent le soleil d&rsquo;appara\u00eetre. Il va faire 11\u00b0C en moyenne.<\/p>\n<p>Des changements sont annonc\u00e9s les jours qui suivent. La m\u00e9t\u00e9o sera ensoleill\u00e9e mercredi mais elle conna\u00eetra une d\u00e9gradation jeudi.<\/p>\n<p><\/p>\n","protected":false},"excerpt":{"rendered":"Montpellier, o\u00f9 des nuages persisteront aujourd&rsquo;hui, continuera de guetter le soleil. La m\u00e9t\u00e9o sera marqu\u00e9e par de la&hellip;\n","protected":false},"author":2,"featured_media":614870,"comment_status":"","ping_status":"","sticky":false,"template":"","format":"standard","meta":{"footnotes":""},"categories":[9599],"tags":[1111,11,1777,674,1011,27,2208,12,2680,2119,25],"class_list":{"0":"post-614869","1":"post","2":"type-post","3":"status-publish","4":"format-standard","5":"has-post-thumbnail","7":"category-montpellier","8":"tag-actu","9":"tag-actualites","10":"tag-eu","11":"tag-europe","12":"tag-fr","13":"tag-france","14":"tag-montpellier","15":"tag-news","16":"tag-occitanie","17":"tag-previsions-meteo","18":"tag-republique-francaise"},"share_on_mastodon":{"url":"https:\/\/pubeurope.com\/@fr\/115760572874182940","error":""},"_links":{"self":[{"href":"https:\/\/www.europesays.com\/fr\/wp-json\/wp\/v2\/posts\/614869","targetHints":{"allow":["GET"]}}],"collection":[{"href":"https:\/\/www.europesays.com\/fr\/wp-json\/wp\/v2\/posts"}],"about":[{"href":"https:\/\/www.europesays.com\/fr\/wp-json\/wp\/v2\/types\/post"}],"author":[{"embeddable":true,"href":"https:\/\/www.europesays.com\/fr\/wp-json\/wp\/v2\/users\/2"}],"replies":[{"embeddable":true,"href":"https:\/\/www.europesays.com\/fr\/wp-json\/wp\/v2\/comments?post=614869"}],"version-history":[{"count":0,"href":"https:\/\/www.europesays.com\/fr\/wp-json\/wp\/v2\/posts\/614869\/revisions"}],"wp:featuredmedia":[{"embeddable":true,"href":"https:\/\/www.europesays.com\/fr\/wp-json\/wp\/v2\/media\/614870"}],"wp:attachment":[{"href":"https:\/\/www.europesays.com\/fr\/wp-json\/wp\/v2\/media?parent=614869"}],"wp:term":[{"taxonomy":"category","embeddable":true,"href":"https:\/\/www.europesays.com\/fr\/wp-json\/wp\/v2\/categories?post=614869"},{"taxonomy":"post_tag","embeddable":true,"href":"https:\/\/www.europesays.com\/fr\/wp-json\/wp\/v2\/tags?post=614869"}],"curies":[{"name":"wp","href":"https:\/\/api.w.org\/{rel}","templated":true}]}}