{"id":614872,"date":"2025-12-22T01:21:56","date_gmt":"2025-12-22T01:21:56","guid":{"rendered":"https:\/\/www.europesays.com\/fr\/614872\/"},"modified":"2025-12-22T01:21:56","modified_gmt":"2025-12-22T01:21:56","slug":"pro-d2-fcg-pierre-caillet-et-jerome-villegas-vont-rejoindre-le-staff-pendant-la-treve-lavenir-de-patrick-pezery-en-suspens","status":"publish","type":"post","link":"https:\/\/www.europesays.com\/fr\/614872\/","title":{"rendered":"Pro D2. FCG\u00a0: Pierre Caillet et J\u00e9r\u00f4me Villegas vont rejoindre le staff pendant la tr\u00eave, l&rsquo;avenir de Patrick Pezery en suspens"},"content":{"rendered":"<p>  Un entra\u00eeneur venu d\u2019Australie<\/p>\n<p>Mais le technicien de 45 ans\u00a0&#8211; \u00e0 l\u2019exp\u00e9rience reconnue, tant comme formateur qu\u2019entra\u00eeneur en Pro D2\u00a0&#8211; ne sera pas le seul \u00e0 rejoindre Lesdigui\u00e8res. Selon des indiscr\u00e9tions, que nous sommes en mesure de confirmer, J\u00e9r\u00f4me Villegas va aussi s\u2019engager au FCG-rugby.<\/p>\n<p>Moins connu dans le s\u00e9rail de l\u2019ovalie fran\u00e7aise, il arrive d\u2019Australie, o\u00f9 il officiait aupr\u00e8s des ACT Brumbies et aussi de Rugby Australia (f\u00e9d\u00e9ration nationale australienne).<\/p>\n<p>Ses missions au FCG devraient se concentrer autour de la m\u00eal\u00e9e, de la touche et des skills (attitudes individuelles) sur le combat.<\/p>\n<p>  Pezery\u00a0: avenir en suspens\u2026<\/p>\n<p>Ces deux arriv\u00e9es \u2013 qui devraient \u00eatre officialis\u00e9es avant la reprise du mois de janvier \u2013 posent \u00e0 nouveau la question de l\u2019avenir de <a href=\"https:\/\/www.ledauphine.com\/p\/patrick-pezery\" target=\"_blank\" rel=\"noopener\">Patrick Pezery<\/a>, actuel entra\u00eeneur des avants. Le technicien de 58 ans a particip\u00e9 aux campagnes 2023-2024 et 2024-2025 des Rouge et Bleu, sold\u00e9es par deux finales de Pro D2\u00a0; et deux \u00e9checs rageants aux portes du Top 14.<\/p>\n<p>Il \u00e9tait encore sur le banc de touche, vendredi dernier, pour coacher le FCG <a href=\"https:\/\/www.ledauphine.com\/sport\/2025\/12\/19\/une-mi-temps-a-l-endroit-une-mi-temps-a-l-envers-grenoble-bat-dax-sans-convaincre\" target=\"_blank\" title=\"rugby Pro D2 FCG vs Dax r\u00e9sultat\" rel=\"noopener\">lors de la victoire face \u00e0 Dax<\/a> (24-20).<\/p>\n<p>Mais l\u2019heure semble plut\u00f4t \u00e0 un d\u00e9part anticip\u00e9 et \u00e0 des n\u00e9gociations, alors que l\u2019ancien entra\u00eeneur de Provence Rugby, Narbonne et Hy\u00e8res\/Carqueiranne est sous contrat jusqu\u2019en 2027 (avec une ann\u00e9e optionnelle).<\/p>\n<p>En tout cas, \u00e0 la reprise de janvier, toujours sous les ordres de Jeff Dubois (entra\u00eeneur principal), les rugbymen grenoblois auront de nouveaux visages dans leur staff, \u00e0 l\u2019aube de la phase retour.<\/p>\n<p class=\"note\">L\u2019effectif professionnel du FCG-rugby est en vacances pendant deux semaines. Les joueurs et le staff se retrouveront samedi 3\u00a0janvier \u00e0 Lesdigui\u00e8res. Avec <a title=\"rugby Pro D2 Provence vs FCG prog\" href=\"https:\/\/www.ledauphine.com\/sport\/2025\/12\/09\/un-choc-provence-fcg-pour-commencer-l-annee-le-vrdr-reste-a-19h30-la-programmation-de-la-16e-journee\" target=\"_blank\" rel=\"noopener\">un premier rendez-vous le jeudi\u00a08 \u00e0 Aix-en-Provence<\/a> (21 heures).<\/p>\n","protected":false},"excerpt":{"rendered":"Un entra\u00eeneur venu d\u2019Australie Mais le technicien de 45 ans\u00a0&#8211; \u00e0 l\u2019exp\u00e9rience reconnue, tant comme formateur qu\u2019entra\u00eeneur en&hellip;\n","protected":false},"author":2,"featured_media":614873,"comment_status":"","ping_status":"","sticky":false,"template":"","format":"standard","meta":{"footnotes":""},"categories":[9566],"tags":[1111,11,2430,112,113,114,1777,674,2727,1701,1011,27,2731,2732,108,12,2308,25,479,517,1947],"class_list":{"0":"post-614872","1":"post","2":"type-post","3":"status-publish","4":"format-standard","5":"has-post-thumbnail","7":"category-grenoble","8":"tag-actu","9":"tag-actualites","10":"tag-auvergne-rhone-alpes","11":"tag-edition-grenoble-agglomeration","12":"tag-edition-gresivaudan-oisans","13":"tag-edition-voiron-saint-marcellin","14":"tag-eu","15":"tag-europe","16":"tag-fcg-fc-grenoble-rugby","17":"tag-fil-info-sport","18":"tag-fr","19":"tag-france","20":"tag-grenoble","21":"tag-grenoble-bassin","22":"tag-isere","23":"tag-news","24":"tag-pro-d2","25":"tag-republique-francaise","26":"tag-rugby","27":"tag-sport","28":"tag-sport-national"},"share_on_mastodon":{"url":"https:\/\/pubeurope.com\/@fr\/115760604323031371","error":""},"_links":{"self":[{"href":"https:\/\/www.europesays.com\/fr\/wp-json\/wp\/v2\/posts\/614872","targetHints":{"allow":["GET"]}}],"collection":[{"href":"https:\/\/www.europesays.com\/fr\/wp-json\/wp\/v2\/posts"}],"about":[{"href":"https:\/\/www.europesays.com\/fr\/wp-json\/wp\/v2\/types\/post"}],"author":[{"embeddable":true,"href":"https:\/\/www.europesays.com\/fr\/wp-json\/wp\/v2\/users\/2"}],"replies":[{"embeddable":true,"href":"https:\/\/www.europesays.com\/fr\/wp-json\/wp\/v2\/comments?post=614872"}],"version-history":[{"count":0,"href":"https:\/\/www.europesays.com\/fr\/wp-json\/wp\/v2\/posts\/614872\/revisions"}],"wp:featuredmedia":[{"embeddable":true,"href":"https:\/\/www.europesays.com\/fr\/wp-json\/wp\/v2\/media\/614873"}],"wp:attachment":[{"href":"https:\/\/www.europesays.com\/fr\/wp-json\/wp\/v2\/media?parent=614872"}],"wp:term":[{"taxonomy":"category","embeddable":true,"href":"https:\/\/www.europesays.com\/fr\/wp-json\/wp\/v2\/categories?post=614872"},{"taxonomy":"post_tag","embeddable":true,"href":"https:\/\/www.europesays.com\/fr\/wp-json\/wp\/v2\/tags?post=614872"}],"curies":[{"name":"wp","href":"https:\/\/api.w.org\/{rel}","templated":true}]}}