{"id":614874,"date":"2025-12-22T01:23:59","date_gmt":"2025-12-22T01:23:59","guid":{"rendered":"https:\/\/www.europesays.com\/fr\/614874\/"},"modified":"2025-12-22T01:23:59","modified_gmt":"2025-12-22T01:23:59","slug":"un-concert-de-noel-avec-lensemble-baroque-de-rennes-samedi-20-decembre-a-domloup-3","status":"publish","type":"post","link":"https:\/\/www.europesays.com\/fr\/614874\/","title":{"rendered":"Un concert de No\u00ebl avec l\u2019ensemble baroque de Rennes, samedi 20\u00a0d\u00e9cembre \u00e0 Domloup"},"content":{"rendered":"<p>Trois questions \u00e0 Claude Meneux, qui dirige l\u2019Ensemble baroque de Rennes.<\/p>\n<p>Les solistes de l\u2019Ensemble baroque sont attendues samedi dans la commune. Quel est le programme\u00a0?<\/p>\n<p>Pour cette fin d\u2019ann\u00e9e, les solistes de l\u2019ensemble joueront en quatuor un programme de circonstances\u00a0: Les Ors de No\u00ebl. Madeline Claire de Berri\u00e9, chanteuse soprano britannique, &#8230;<\/p>\n<p>\u00a0<\/p>\n","protected":false},"excerpt":{"rendered":"Trois questions \u00e0 Claude Meneux, qui dirige l\u2019Ensemble baroque de Rennes. Les solistes de l\u2019Ensemble baroque sont attendues&hellip;\n","protected":false},"author":2,"featured_media":607830,"comment_status":"","ping_status":"","sticky":false,"template":"","format":"standard","meta":{"footnotes":""},"categories":[2821],"tags":[4307,1111,11,9730,829,1697,49832,71904,9487,1777,674,1011,27,12,15830,584,25,3982],"class_list":{"0":"post-614874","1":"post","2":"type-post","3":"status-publish","4":"format-standard","5":"has-post-thumbnail","7":"category-rennes","8":"tag-4307","9":"tag-actu","10":"tag-actualites","11":"tag-baroque","12":"tag-bretagne","13":"tag-concert","14":"tag-decembre","15":"tag-domloup","16":"tag-ensemble","17":"tag-eu","18":"tag-europe","19":"tag-fr","20":"tag-france","21":"tag-news","22":"tag-noel","23":"tag-rennes","24":"tag-republique-francaise","25":"tag-samedi"},"share_on_mastodon":{"url":"https:\/\/pubeurope.com\/@fr\/115760612251402483","error":""},"_links":{"self":[{"href":"https:\/\/www.europesays.com\/fr\/wp-json\/wp\/v2\/posts\/614874","targetHints":{"allow":["GET"]}}],"collection":[{"href":"https:\/\/www.europesays.com\/fr\/wp-json\/wp\/v2\/posts"}],"about":[{"href":"https:\/\/www.europesays.com\/fr\/wp-json\/wp\/v2\/types\/post"}],"author":[{"embeddable":true,"href":"https:\/\/www.europesays.com\/fr\/wp-json\/wp\/v2\/users\/2"}],"replies":[{"embeddable":true,"href":"https:\/\/www.europesays.com\/fr\/wp-json\/wp\/v2\/comments?post=614874"}],"version-history":[{"count":0,"href":"https:\/\/www.europesays.com\/fr\/wp-json\/wp\/v2\/posts\/614874\/revisions"}],"wp:featuredmedia":[{"embeddable":true,"href":"https:\/\/www.europesays.com\/fr\/wp-json\/wp\/v2\/media\/607830"}],"wp:attachment":[{"href":"https:\/\/www.europesays.com\/fr\/wp-json\/wp\/v2\/media?parent=614874"}],"wp:term":[{"taxonomy":"category","embeddable":true,"href":"https:\/\/www.europesays.com\/fr\/wp-json\/wp\/v2\/categories?post=614874"},{"taxonomy":"post_tag","embeddable":true,"href":"https:\/\/www.europesays.com\/fr\/wp-json\/wp\/v2\/tags?post=614874"}],"curies":[{"name":"wp","href":"https:\/\/api.w.org\/{rel}","templated":true}]}}