{"id":614877,"date":"2025-12-22T01:26:38","date_gmt":"2025-12-22T01:26:38","guid":{"rendered":"https:\/\/www.europesays.com\/fr\/614877\/"},"modified":"2025-12-22T01:26:38","modified_gmt":"2025-12-22T01:26:38","slug":"5-idees-pour-lutter-contre-lennui-a-noel-meme-quand-on-ne-le-fete-pas","status":"publish","type":"post","link":"https:\/\/www.europesays.com\/fr\/614877\/","title":{"rendered":"5 id\u00e9es pour lutter contre l\u2019ennui \u00e0 No\u00ebl, m\u00eame quand on ne le f\u00eate pas"},"content":{"rendered":"<p>    <img loading=\"lazy\" width=\"1800\" height=\"900\" src=\"https:\/\/www.europesays.com\/fr\/wp-content\/uploads\/2025\/11\/jeanne-callthepolice.jpg\" class=\"attachment-full size-full\" alt=\"\" id=\"imageLove\" decoding=\"async\"  \/><\/p>\n<p id=\"breadcrumbs\"><a href=\"https:\/\/pokaa.fr\/\" target=\"_blank\" rel=\"noopener\">Accueil<\/a> \/ <a href=\"https:\/\/pokaa.fr\/categories\/noel\/\" target=\"_blank\" rel=\"noopener\">No\u00ebl<\/a> \/ Strasbourg : 5 id\u00e9es pour lutter contre l\u2019ennui \u00e0 No\u00ebl, m\u00eame quand on ne le f\u00eate pas<\/p>\n<p>                    No\u00ebl<\/p>\n<p>\t\t\t\t<a href=\"https:\/\/pokaa.fr\/author\/annem\/\" title=\"A. Me\" class=\"author-avatar\" target=\"_blank\" rel=\"noopener\"><img loading=\"lazy\" alt=\"\" src=\"https:\/\/www.europesays.com\/fr\/wp-content\/uploads\/2025\/12\/e608d01c88a5624515487d364a8b66afccb2f28166eb962874364a1e1474f0b2\"  class=\"avatar avatar-96 photo\" height=\"96\" width=\"96\" decoding=\"async\"\/><\/a><\/p>\n<p>\t\t\t\tpar<\/p>\n<p>\t\t\t\t<a href=\"https:\/\/pokaa.fr\/author\/annem\/\" title=\"A. Me\" rel=\"author noopener\" class=\"author-name\" target=\"_blank\">A. Me <\/a><\/p>\n<p>publi\u00e9 le 21 D\u00e9c 2025 \u00e0 23 h 54 min<\/p>\n<p><strong>Depuis la fin du mois de novembre, la capitale alsacienne vit au rythme du march\u00e9 de No\u00ebl. Les illuminations, les d\u00e9corations et les foules de touristes rappellent quotidiennement l\u2019imminence des f\u00eates de fin d\u2019ann\u00e9e. Mais que faire \u00e0 Strasbourg quand on ne f\u00eate pas No\u00ebl en famille ou entre ami(e)s\u202f? On vous a concoct\u00e9 une petite liste d\u2019id\u00e9es.<\/strong><\/p>\n<p>Id\u00e9e n\u00b01 : soutenir les associations strasbourgeoises<\/p>\n<p>Les 24, 25 (et 26 d\u00e9cembre en Alsace-Moselle) tout s\u2019arr\u00eate ou presque. Nombre de magasins baissent leur rideau, le march\u00e9 de No\u00ebl ferme ses portes et la plupart des touristes d\u00e9sertent les rues de la capitale alsacienne. <strong>Mais la solidarit\u00e9 strasbourgeoise, elle, ne prend pas de pause<\/strong>.<\/p>\n<p>Particuli\u00e8rement difficile pour les personnes isol\u00e9es ou en situation de grande pr\u00e9carit\u00e9, la p\u00e9riode des f\u00eates de fin d\u2019ann\u00e9e l\u2019est aussi pour les associations qui leur viennent en aide. Surtout dans un contexte d\u2019aust\u00e9rit\u00e9 budg\u00e9taire pesant lourd sur leurs finances. <strong>Plusieurs associations et collectifs ont lanc\u00e9 des appels \u00e0 dons et \u00e0 b\u00e9n\u00e9voles pour pouvoir continuer leurs actions. Nous avons consacr\u00e9 un article \u00e0 ce sujet :\u00a0<\/strong><\/p>\n<p>                <a href=\"https:\/\/pokaa.fr\/2025\/12\/15\/faire-une-bonne-action-a-strasbourg-voici-11-associations-a-soutenir-avant-le-reveillon\/\" target=\"_blank\" rel=\"noopener\"><br \/>\n                    <img width=\"450\" height=\"270\" src=\"https:\/\/www.europesays.com\/fr\/wp-content\/uploads\/2025\/12\/1766366778_742_b1-450x270.jpg\" class=\"attachment-card-horizontal--same-subject size-card-horizontal--same-subject wp-post-image\" alt=\"\" decoding=\"async\" loading=\"lazy\"\/>                <\/a><\/p>\n<p>Si vous ne voulez pas marauder, <strong>vous pouvez aussi vous offrir un repas de No\u00ebl<\/strong> au restaurant solidaire <strong><a href=\"https:\/\/federation-de-charite.org\/etablissements\/les-7-pains\/\" target=\"_blank\" rel=\"noopener\">Les 7 Pains<\/a><\/strong> (8 rue de l\u2019Arc-en-Ciel). En d\u00e9cembre, il est possible d\u2019y d\u00e9guster un repas de f\u00eate avec des options v\u00e9g\u00e9tariennes pour 25\u20ac.<\/p>\n<p><strong>La somme r\u00e9colt\u00e9e permet de soutenir l\u2019activit\u00e9 du lieu qui d\u00e9livre des repas chauds et \u00e9quilibr\u00e9s aux personnes en situation de pr\u00e9carit\u00e9<\/strong> tout au long de l\u2019ann\u00e9e.<\/p>\n<p>                <img width=\"375\" height=\"500\" src=\"https:\/\/www.europesays.com\/fr\/wp-content\/uploads\/2025\/12\/131972936_398225121447897_1194330238727018891_n.jpg\" class=\"attachment-gallery size-gallery\" alt=\"maraude du dimanche\" data-full-url=\"https:\/\/www.europesays.com\/fr\/wp-content\/uploads\/2025\/12\/131972936_398225121447897_1194330238727018891_n.jpg\" decoding=\"async\" loading=\"lazy\"  \/>            <\/p>\n<p>                <img width=\"375\" height=\"500\" src=\"https:\/\/www.europesays.com\/fr\/wp-content\/uploads\/2025\/12\/131930026_213636297067757_7538152462045123347_n.jpg\" class=\"attachment-gallery size-gallery\" alt=\"maraude du dimanche\" data-full-url=\"https:\/\/www.europesays.com\/fr\/wp-content\/uploads\/2025\/12\/131930026_213636297067757_7538152462045123347_n.jpg\" decoding=\"async\" loading=\"lazy\"  \/>            <\/p>\n<p>                    \u00a9 Ana\u00efs Rostaqi \/ Documents remis<\/p>\n<p>Id\u00e9e n\u00b02 : faire la f\u00eate quand m\u00eame<\/p>\n<p>Envie d\u2019en finir avec les repas interminables entrecoup\u00e9s de br\u00e8ves promenades digestives\u202f? C\u2019est le moment d\u2019aller danser jusqu\u2019au bout de la nuit. <strong>Cette ann\u00e9e encore, le Studio Saglio (16 rue Saglio) propose une soir\u00e9e Bad Santa de 22h \u00e0 6h le jeudi 25 d\u00e9cembre<\/strong>.<\/p>\n<p>Au programme ? De l\u2019acidcore, de la hardtecho, du hardcore et une consigne : laisser son pull de No\u00ebl au placard. <a href=\"https:\/\/shotgun.live\/fr\/events\/bad-santa-3\" target=\"_blank\" rel=\"noopener\">Plus d\u2019informations en cliquant ici<\/a>.<\/p>\n<p>    <img width=\"800\" height=\"532\" src=\"https:\/\/www.europesays.com\/fr\/wp-content\/uploads\/2025\/12\/220924-pka-ososphere-23-800x532.jpg\" class=\"attachment-image-size-L size-image-size-L\" alt=\"Ososph\u00e8re 2022 Nuit \u00e9lectronique Laiterie\" decoding=\"async\" loading=\"lazy\"  \/>         \u00a9\u00a0Adrien Labit \/ Pokaa <\/p>\n<p><strong>De son c\u00f4t\u00e9, le c\u00e9l\u00e8bre Kitsch\u2019n Bar organise \u00e0 nouveau son \u00ab Joyeux Bordel \u00bb de fin d\u2019ann\u00e9e, avec quatre soir\u00e9es \u00ab stupides \u00bb <\/strong><strong>pour faire \u00ab dig\u00e9rer No\u00ebl \u00bb.<\/strong><\/p>\n<p>Tout un programme qui commencera avec des tourn\u00e9es d\u00e9di\u00e9es au <strong>\u00ab digeo \u00bb <\/strong>le jeudi 25, pour se poursuivre avec un tournoi de babyfoot le vendredi 26. Sans oublier les concerts en tenue fluo du samedi 27 et le blind test du dimanche 28. <strong>Une autre fa\u00e7on de f\u00eater No\u00ebl en famille, avec la grande tribu des habitu\u00e9(e)s du Kitsch. <a href=\"https:\/\/www.facebook.com\/events\/782761098114634\/?acontext=%7B%22event_action_history%22%3A[%7B%22mechanism%22%3A%22attachment%22%2C%22surface%22%3A%22newsfeed%22%7D]%2C%22ref_notif_type%22%3Anull%7D&amp;locale=zh_CN\" target=\"_blank\" rel=\"noopener\">Plus d\u2019informations en cliquant ici<\/a>.\u00a0<\/strong><\/p>\n<p>    <img width=\"800\" height=\"457\" src=\"https:\/\/www.europesays.com\/fr\/wp-content\/uploads\/2025\/12\/2-800x457.png\" class=\"attachment-image-size-L size-image-size-L\" alt=\"Kitsch\u2019n Bar\" decoding=\"async\" loading=\"lazy\"  \/>         \u00a9 Coraline Lafon \/ Pokaa <\/p>\n<p>Id\u00e9e n\u00b03 : se faire une toile<\/p>\n<p>Vous \u00eates de la team introvertie\u202f? Vous avez envie d\u2019un moment calme loin des lieux bond\u00e9s\u202f? <strong>C\u2019est peut-\u00eatre le moment d\u2019aller se faire une toile.<\/strong><\/p>\n<p><strong>\u00c7a tombe bien, les cin\u00e9mas strasbourgeois restent ouverts pendant les f\u00eates.<\/strong> L\u2019occasion d\u2019aller voir les grosses sorties du moment ou d\u2019opter pour des r\u00e9trospectives sympathiques, comme celle de <strong><a href=\"https:\/\/www.ugc.fr\/film.html?id=3336\" target=\"_blank\" rel=\"noopener\">Eyes Wide Shut, de Stanley Kubrick<\/a><\/strong>, le jeudi 25 d\u00e9cembre \u00e0 l\u2019UGC.<\/p>\n<p>Pour ne rien rater, rendez-vous \u00e9galement sur les sites des cin\u00e9mas <strong><a href=\"https:\/\/www.cine-vox.com\" target=\"_blank\" rel=\"noopener\">Vox<\/a> <\/strong>(17 rue des Francs-Bourgeois),<strong> <a href=\"https:\/\/www.cinema-star.com\" target=\"_blank\" rel=\"noopener\">Star<\/a> <\/strong>(27 rue du Jeu-des-Enfants) et <strong><a href=\"https:\/\/cinema-cosmos.eu\" target=\"_blank\" rel=\"noopener\">Le Cosmos<\/a> <\/strong>(3 rue des Francs-Bourgeois).<\/p>\n<p>                <img width=\"375\" height=\"500\" src=\"https:\/\/www.europesays.com\/fr\/wp-content\/uploads\/2025\/10\/img-9882-375x500.jpeg\" class=\"attachment-gallery size-gallery\" alt=\"star cin\u00e9ma\" data-full-url=\"https:\/\/pokaa.fr\/wp-content\/uploads\/2025\/07\/15\/img-9882.jpeg\" decoding=\"async\" loading=\"lazy\"  \/>            <\/p>\n<p>                <img width=\"375\" height=\"500\" src=\"https:\/\/www.europesays.com\/fr\/wp-content\/uploads\/2025\/11\/img-4616-375x500.png\" class=\"attachment-gallery size-gallery\" alt=\"Cin\u00e9ma Vox\" data-full-url=\"https:\/\/pokaa.fr\/wp-content\/uploads\/2024\/09\/24\/img-4616.png\" decoding=\"async\" loading=\"lazy\"  \/>            <\/p>\n<p>                <img width=\"875\" height=\"500\" src=\"https:\/\/www.europesays.com\/fr\/wp-content\/uploads\/2025\/12\/123-875x500.png\" class=\"attachment-gallery size-gallery\" alt=\"salle cin\u00e9ma th\u00e9\u00e2tre jeune ado\" data-full-url=\"https:\/\/pokaa.fr\/wp-content\/uploads\/2025\/03\/25\/123-1500x857.png\" decoding=\"async\" loading=\"lazy\"  \/>            <\/p>\n<p>                    1. \u00a9 Anthony Jilli \/ Pokaa ; 2. \u00a9 Vivien Latuner \/ Pokaa ; 3. \u00a9 Auteur inconnu &#8211; Flickr \/ Photo d&rsquo;illustration<\/p>\n<p>Id\u00e9e n\u00b04 : faire une balade<\/p>\n<p>Pour celles et ceux qui voudraient prendre un grand bol d\u2019air frais apr\u00e8s les repas ou les \u00e9viter, il existe deux options : <strong>aller se d\u00e9gourdir les jambes dans les diff\u00e9rents parcs strasbourgeois ou monter une petite exp\u00e9dition pour aller randonner en partant de la gare<\/strong>.<\/p>\n<p>Rien n\u2019emp\u00eache d\u2019emmener avec soi son repas de f\u00eate pour le d\u00e9guster seul(e) sur les chaumes, en contemplant la beaut\u00e9 du relief vosgien. <strong>Tranquillit\u00e9 garantie.<\/strong><\/p>\n<p>                <a href=\"https:\/\/pokaa.fr\/2023\/12\/26\/au-dessus-des-nuages-randonnee-au-chateau-de-lortenbourg-a-45-minutes-de-strasbourg\/\" target=\"_blank\" rel=\"noopener\"><br \/>\n                    <img width=\"450\" height=\"270\" src=\"https:\/\/www.europesays.com\/fr\/wp-content\/uploads\/2025\/12\/rando2-450x270.png\" class=\"attachment-card-horizontal--same-subject size-card-horizontal--same-subject wp-post-image\" alt=\"\" decoding=\"async\" loading=\"lazy\"\/>                <\/a><\/p>\n<p>                <img width=\"334\" height=\"500\" src=\"https:\/\/www.europesays.com\/fr\/wp-content\/uploads\/2025\/12\/couple-de-dos-sur-un-banc-devant-le-barrage-vauban-eclaire-de-rose-a-mirdass-ville-de-strasbourg-334.jpeg\" class=\"attachment-gallery size-gallery\" alt=\"Couple de dos sur un banc devant le barrage Vauban \u00e9clair\u00e9 de rose \u2013\" data-full-url=\"https:\/\/pokaa.fr\/wp-content\/uploads\/2025\/02\/04\/couple-de-dos-sur-un-banc-devant-le-barrage-vauban-eclaire-de-rose-a-mirdass-ville-de-strasbourg.jpg\" decoding=\"async\" loading=\"lazy\"  \/>            <\/p>\n<p>                <img width=\"667\" height=\"500\" src=\"https:\/\/www.europesays.com\/fr\/wp-content\/uploads\/2025\/12\/randonnee-ochsenstein-julia-wencker-10-667x500.jpg\" class=\"attachment-gallery size-gallery\" alt=\"Randonnee_Ochsenstein_Julia_Wencker (10)\" data-full-url=\"https:\/\/pokaa.fr\/wp-content\/uploads\/2024\/11\/30\/randonnee-ochsenstein-julia-wencker-10-1500x1125.jpg\" decoding=\"async\" loading=\"lazy\"  \/>            <\/p>\n<p>                    1. \u00a9 A. Mirdass &#8211; Ville de Strasbourg \/ Document remis ; 2. Vue depuis le ch\u00e2teau d&rsquo;Ochsenstein. \u00a9 Julia Wencker \/ Pokaa<\/p>\n<p>Id\u00e9e n\u00b05 : prendre soin de soi <\/p>\n<p>Apr\u00e8s des semaines tr\u00e9pidantes \u00e0 pr\u00e9parer les f\u00eates de fin d\u2019ann\u00e9e ou \u00e0 boucler le travail en cours en pr\u00e9vision des cong\u00e9s, il est peut-\u00eatre temps de ralentir et de prendre du temps pour soi. <strong>Il est par exemple possible de faire un saut aux Bains municipaux, ouverts jusqu\u2019\u00e0 16h30 le 24 d\u00e9cembre<\/strong>.<\/p>\n<p>                <a href=\"https:\/\/pokaa.fr\/2025\/12\/18\/spa-massage-diners-dexception-3-hotels-strasbourgeois-nous-chouchoutent-pour-noel\/\" target=\"_blank\" rel=\"noopener\"><br \/>\n                    <img width=\"450\" height=\"270\" src=\"https:\/\/www.europesays.com\/fr\/wp-content\/uploads\/2025\/12\/a2-450x270.jpg\" class=\"attachment-card-horizontal--same-subject size-card-horizontal--same-subject wp-post-image\" alt=\"\" decoding=\"async\" loading=\"lazy\"\/>                <\/a><\/p>\n<p>                <img width=\"875\" height=\"500\" src=\"https:\/\/www.europesays.com\/fr\/wp-content\/uploads\/2025\/12\/bains-municipaux-1-875x500.png\" class=\"attachment-gallery size-gallery\" alt=\"Bains municipaux\" data-full-url=\"https:\/\/pokaa.fr\/wp-content\/uploads\/2025\/01\/16\/bains-municipaux-1.png\" decoding=\"async\" loading=\"lazy\"  \/>            <\/p>\n<p>                <img width=\"375\" height=\"500\" src=\"https:\/\/www.europesays.com\/fr\/wp-content\/uploads\/2025\/12\/photo-bains-municipaux-375x500.jpg\" class=\"attachment-gallery size-gallery\" alt=\"Photo Bains Municipaux\" data-full-url=\"https:\/\/pokaa.fr\/wp-content\/uploads\/2024\/02\/07\/photo-bains-municipaux-1500x2000.jpg\" decoding=\"async\" loading=\"lazy\"  \/>            <\/p>\n<p>                    1. \u00a9 Page Facebook des Bains municipaux \/ Capture d&rsquo;\u00e9cran ; 2. \u00a9 Strasbourg, mon amour \/ Document remis<\/p>\n<p>C\u2019est aussi le moment de tester<strong> une recette qui vous a tap\u00e9 dans l\u2019\u0153il<\/strong>, mais que vous trouviez trop compliqu\u00e9e. Et qui sait, d\u2019inviter des ami(e)s pour venir la d\u00e9guster avec vous. Vous pouvez aussi passer<strong> une journ\u00e9e sur votre canap\u00e9<\/strong>, avec votre film ou roman pr\u00e9f\u00e9r\u00e9.<\/p>\n<p><strong>Si vous manquez d\u2019id\u00e9es, il sera encore temps de faire un saut en librairie le 24 d\u00e9cembre, avant les deux jours f\u00e9ri\u00e9s<\/strong>.<\/p>\n<p>                <a href=\"https:\/\/pokaa.fr\/2024\/10\/09\/lire-cest-sexy-a-strasbourg-ces-23-librairies-nous-font-redecouvrir-le-plaisir-de-bouquiner\/\" target=\"_blank\" rel=\"noopener\"><br \/>\n                    <img width=\"450\" height=\"270\" src=\"https:\/\/www.europesays.com\/fr\/wp-content\/uploads\/2025\/08\/pokaa-couv-site-librairie-450x270.png\" class=\"attachment-card-horizontal--same-subject size-card-horizontal--same-subject wp-post-image\" alt=\"\" decoding=\"async\" loading=\"lazy\"\/>                <\/a><\/p>\n<p>                <img width=\"750\" height=\"500\" src=\"https:\/\/www.europesays.com\/fr\/wp-content\/uploads\/2025\/12\/librairie-gutenberg-livres-31-750x500.jpg\" class=\"attachment-gallery size-gallery\" alt=\"Librairie Gutenberg livres (31)\" data-full-url=\"https:\/\/pokaa.fr\/wp-content\/uploads\/2024\/09\/20\/librairie-gutenberg-livres-31.jpg\" decoding=\"async\" loading=\"lazy\"  \/>            <\/p>\n<p>                <img width=\"889\" height=\"500\" src=\"https:\/\/www.europesays.com\/fr\/wp-content\/uploads\/2025\/12\/chocolat-chaud-boissons-chaudes.jpg\" class=\"attachment-gallery size-gallery\" alt=\"chocolat chaud boissons chaudes\" data-full-url=\"https:\/\/www.europesays.com\/fr\/wp-content\/uploads\/2025\/12\/chocolat-chaud-boissons-chaudes.jpg\" decoding=\"async\" loading=\"lazy\"  \/>            <\/p>\n<p>                    1. \u00a9 Marie Goehner-David \/ Pokaa ; 2. \u00a9 Anne Mellier \/ Pokaa<\/p>\n<p style=\"text-align: center;\"><strong>Et chez vous, c\u2019est quoi <\/strong><b>le programme pour No\u00ebl ?<\/b><\/p>\n","protected":false},"excerpt":{"rendered":"Accueil \/ No\u00ebl \/ Strasbourg : 5 id\u00e9es pour lutter contre l\u2019ennui \u00e0 No\u00ebl, m\u00eame quand on ne&hellip;\n","protected":false},"author":2,"featured_media":614878,"comment_status":"","ping_status":"","sticky":false,"template":"","format":"standard","meta":{"footnotes":""},"categories":[2820],"tags":[1111,11,650,1777,674,71454,1011,27,775,12,15830,25,3400,640],"class_list":{"0":"post-614877","1":"post","2":"type-post","3":"status-publish","4":"format-standard","5":"has-post-thumbnail","7":"category-strasbourg","8":"tag-actu","9":"tag-actualites","10":"tag-cinema","11":"tag-eu","12":"tag-europe","13":"tag-fin-dannee","14":"tag-fr","15":"tag-france","16":"tag-grand-est","17":"tag-news","18":"tag-noel","19":"tag-republique-francaise","20":"tag-solidarite","21":"tag-strasbourg"},"share_on_mastodon":{"url":"https:\/\/pubeurope.com\/@fr\/115760621727624651","error":""},"_links":{"self":[{"href":"https:\/\/www.europesays.com\/fr\/wp-json\/wp\/v2\/posts\/614877","targetHints":{"allow":["GET"]}}],"collection":[{"href":"https:\/\/www.europesays.com\/fr\/wp-json\/wp\/v2\/posts"}],"about":[{"href":"https:\/\/www.europesays.com\/fr\/wp-json\/wp\/v2\/types\/post"}],"author":[{"embeddable":true,"href":"https:\/\/www.europesays.com\/fr\/wp-json\/wp\/v2\/users\/2"}],"replies":[{"embeddable":true,"href":"https:\/\/www.europesays.com\/fr\/wp-json\/wp\/v2\/comments?post=614877"}],"version-history":[{"count":0,"href":"https:\/\/www.europesays.com\/fr\/wp-json\/wp\/v2\/posts\/614877\/revisions"}],"wp:featuredmedia":[{"embeddable":true,"href":"https:\/\/www.europesays.com\/fr\/wp-json\/wp\/v2\/media\/614878"}],"wp:attachment":[{"href":"https:\/\/www.europesays.com\/fr\/wp-json\/wp\/v2\/media?parent=614877"}],"wp:term":[{"taxonomy":"category","embeddable":true,"href":"https:\/\/www.europesays.com\/fr\/wp-json\/wp\/v2\/categories?post=614877"},{"taxonomy":"post_tag","embeddable":true,"href":"https:\/\/www.europesays.com\/fr\/wp-json\/wp\/v2\/tags?post=614877"}],"curies":[{"name":"wp","href":"https:\/\/api.w.org\/{rel}","templated":true}]}}