{"id":614879,"date":"2025-12-22T01:28:14","date_gmt":"2025-12-22T01:28:14","guid":{"rendered":"https:\/\/www.europesays.com\/fr\/614879\/"},"modified":"2025-12-22T01:28:14","modified_gmt":"2025-12-22T01:28:14","slug":"previsions-du-lundi-22-decembre-2025-2","status":"publish","type":"post","link":"https:\/\/www.europesays.com\/fr\/614879\/","title":{"rendered":"pr\u00e9visions du lundi 22 d\u00e9cembre 2025"},"content":{"rendered":"<p>Aujourd&rsquo;hui, un ciel avec des \u00e9claircies va peu \u00e0 peu se substituer aux nuages \u00e0 Strasbourg. Le thermom\u00e8tre affichera 4\u00b0C en moyenne. Un petit vent de nord-est soufflera. Les Strasbourgeois vont avoir froid le matin : les temp\u00e9ratures ne vont pas d\u00e9passer 5\u00b0C. Les valeurs seront comprises entre 3 et 5\u00b0C, un temps r\u00e9solument de saison. Les Strasbourgeois vont avoir froid l&rsquo;apr\u00e8s-midi : les temp\u00e9ratures ne vont pas d\u00e9passer 6\u00b0C. Les maximales pourront atteindre 6\u00b0C alors que les minimales seront de 3\u00b0C : un temps de saison. Le soir, le vent va progressivement \u00e9loigner les nuages. Les temp\u00e9ratures avoisineront les 3\u00b0C. Une nuit claire vous attendra entre lundi et mardi.<\/p>\n<p>C&rsquo;est un soleil radieux qui va se montrer demain sur Strasbourg. Les plus frileux vont d\u00e9plorer l&rsquo;hiver puisque le mercure va chuter de quelques degr\u00e9s. L&rsquo;hiver se fait sentir : les valeurs s&rsquo;\u00e9chelonneront entre 1 et 5\u00b0C. Un vent de nord-est rafra\u00eechira l\u00e9g\u00e8rement l&rsquo;atmosph\u00e8re. Les Strasbourgeois vont avoir froid le matin : les temp\u00e9ratures ne vont pas d\u00e9passer 4\u00b0C. Les valeurs afficheront entre 1\u00b0C et 4\u00b0C, rappelant l&rsquo;hiver au bon souvenir des habitants. Les Strasbourgeois vont avoir froid demain apr\u00e8s-midi : les temp\u00e9ratures ne vont pas d\u00e9passer 5\u00b0C. Il va faire froid avec des valeurs qui seront comprises entre 4 et 5\u00b0C. Des \u00e9claircies sont pr\u00e9vues : on passera une soir\u00e9e cl\u00e9mente. L&rsquo;hiver s&rsquo;est d\u00e9finitivement install\u00e9 puisque les temp\u00e9ratures iront de 2 \u00e0 3\u00b0C.<\/p>\n<p>Le temps des journ\u00e9es qui suivent va se d\u00e9grader. Pr\u00e9voyez -1\u00b0C en moyenne qui accompagneront des journ\u00e9es nuageuses.<\/p>\n<p><\/p>\n","protected":false},"excerpt":{"rendered":"Aujourd&rsquo;hui, un ciel avec des \u00e9claircies va peu \u00e0 peu se substituer aux nuages \u00e0 Strasbourg. Le thermom\u00e8tre&hellip;\n","protected":false},"author":2,"featured_media":614880,"comment_status":"","ping_status":"","sticky":false,"template":"","format":"standard","meta":{"footnotes":""},"categories":[2820],"tags":[1111,11,1777,674,1011,27,775,12,2119,25,640],"class_list":{"0":"post-614879","1":"post","2":"type-post","3":"status-publish","4":"format-standard","5":"has-post-thumbnail","7":"category-strasbourg","8":"tag-actu","9":"tag-actualites","10":"tag-eu","11":"tag-europe","12":"tag-fr","13":"tag-france","14":"tag-grand-est","15":"tag-news","16":"tag-previsions-meteo","17":"tag-republique-francaise","18":"tag-strasbourg"},"share_on_mastodon":{"url":"https:\/\/pubeurope.com\/@fr\/115760627897731172","error":""},"_links":{"self":[{"href":"https:\/\/www.europesays.com\/fr\/wp-json\/wp\/v2\/posts\/614879","targetHints":{"allow":["GET"]}}],"collection":[{"href":"https:\/\/www.europesays.com\/fr\/wp-json\/wp\/v2\/posts"}],"about":[{"href":"https:\/\/www.europesays.com\/fr\/wp-json\/wp\/v2\/types\/post"}],"author":[{"embeddable":true,"href":"https:\/\/www.europesays.com\/fr\/wp-json\/wp\/v2\/users\/2"}],"replies":[{"embeddable":true,"href":"https:\/\/www.europesays.com\/fr\/wp-json\/wp\/v2\/comments?post=614879"}],"version-history":[{"count":0,"href":"https:\/\/www.europesays.com\/fr\/wp-json\/wp\/v2\/posts\/614879\/revisions"}],"wp:featuredmedia":[{"embeddable":true,"href":"https:\/\/www.europesays.com\/fr\/wp-json\/wp\/v2\/media\/614880"}],"wp:attachment":[{"href":"https:\/\/www.europesays.com\/fr\/wp-json\/wp\/v2\/media?parent=614879"}],"wp:term":[{"taxonomy":"category","embeddable":true,"href":"https:\/\/www.europesays.com\/fr\/wp-json\/wp\/v2\/categories?post=614879"},{"taxonomy":"post_tag","embeddable":true,"href":"https:\/\/www.europesays.com\/fr\/wp-json\/wp\/v2\/tags?post=614879"}],"curies":[{"name":"wp","href":"https:\/\/api.w.org\/{rel}","templated":true}]}}