{"id":614881,"date":"2025-12-22T01:30:26","date_gmt":"2025-12-22T01:30:26","guid":{"rendered":"https:\/\/www.europesays.com\/fr\/614881\/"},"modified":"2025-12-22T01:30:26","modified_gmt":"2025-12-22T01:30:26","slug":"asse-une-polemique-a-eclate-a-nice-horneland-se-fait-dezinguer","status":"publish","type":"post","link":"https:\/\/www.europesays.com\/fr\/614881\/","title":{"rendered":"ASSE : une pol\u00e9mique a \u00e9clat\u00e9 \u00e0 Nice, Horneland se fait d\u00e9zinguer !"},"content":{"rendered":"<p>Situation quasi surr\u00e9aliste du c\u00f4t\u00e9 de l\u2019AS Saint-\u00c9tienne \u00e0 Nice : malgr\u00e9 un match tendu en Coupe de France, toutes les attentions se sont port\u00e9es sur <strong>Djylian N\u2019Guessan<\/strong>. Pourquoi l\u2019attaquant de 17 ans, que tout le monde annon\u00e7ait pr\u00eat \u00e0 rentrer pour changer le cours du match, est-il finalement rest\u00e9 viss\u00e9 sur le banc malgr\u00e9 un \u00e9chauffement remarqu\u00e9 ? Derri\u00e8re ce choix, <a href=\"https:\/\/www.butfootballclub.fr\/1635828-asse-mercato-le-transfert-de-djylian-nguessan-a-chelsea-fait-debat-chez-les-verts\/\" target=\"_blank\" rel=\"noreferrer noopener\">c\u2019est tout le mercato qui s\u2019enflamme autour du prodige st\u00e9phanois<\/a>.<\/p>\n<p>Un match \u00e0 suspense et des choix incompris<\/p>\n<p><a href=\"https:\/\/www.butfootballclub.fr\/1636174-coupe-de-france-deux-qualif-et-une-elimination-le-resume-des-matchs-de-lom-de-lasse-et-du-fc-nantes\/\" target=\"_blank\" rel=\"noreferrer noopener\">Lors de ce 32e de finale face \u00e0 l\u2019OGC Nice<\/a>, l\u2019ASSE s\u2019est retrouv\u00e9e men\u00e9e, cherchant la faille dans les derniers instants d\u2019une rencontre crisp\u00e9e. Pendant que le staff multipliait les options offensives, <strong>N\u2019Guessan<\/strong> s\u2019est \u00e9chauff\u00e9 longuement \u00e0 la pause, laissant croire \u00e0 une future entr\u00e9e. Pourtant, il restera au final spectateur, intriguant supporters comme observateurs.<\/p>\n<p>Interrog\u00e9 apr\u00e8s la rencontre sur l\u2019absence de son jeune attaquant, <strong>Eirik Horneland<\/strong> a l\u00e2ch\u00e9 une d\u00e9claration qui s\u00e8me le trouble : \u201cIl ne pouvait pas jouer, je n\u2019ai pas compris\u2026\u201d. En cause, une douleur aux ischios d\u00e9tect\u00e9e avant le match. Selon le coach, le joueur s\u2019\u00e9tait entretenu avec le staff m\u00e9dical, d\u00e9cidant qu\u2019il ne serait finalement pas apte. Mais l\u2019image de N\u2019Guessan \u00e0 l\u2019\u00e9chauffement a laiss\u00e9 planer un douloureux sentiment d\u2019incompr\u00e9hension, aussi bien dans le vestiaire qu\u2019en tribunes.<\/p>\n<p>Sur les r\u00e9seaux sociaux, les supporters n\u2019ont pas h\u00e9sit\u00e9 \u00e0 donner leur avis, et se sont l\u00e2ch\u00e9s, non pas sur N\u2019Guessan, mais bien sur leur coach Eirik Horneland :<\/p>\n<blockquote class=\"wp-block-quote is-layout-flow wp-block-quote-is-layout-flow\">\n<p>\u00ab\u00a0On ne comprends plus rien de ce coach et de ses joueurs en carton!\u00a0\u00bb<\/p>\n<p>\u00ab\u00a0Ce n\u2019est pas l\u2019ami norv\u00e9gien qui compose le groupe ?? Ni les compos !! Incroyable de nullit\u00e9 cet entra\u00eeneur\u00a0\u00bb<\/p>\n<p>\u00ab\u00a0Le seul qui comprend rien, c\u2019est horneland.\u00a0\u00bb<\/p>\n<p>\u00ab\u00a0Ah parce que c\u2019est lui qui prend la d\u00e9cision de s\u2019\u00e9chauffer sans que le coach le demande ? Les interventions d\u2019Horneland commence \u00e0 me gonfler sinc\u00e8rement !\u00a0\u00bb<\/p>\n<p>\u00ab\u00a0Sortie compl\u00e8tement lunaire d\u2019Horneland au sujet de Nguessan, qui s\u2019ajoute aux 18176262 incompr\u00e9hensions qui traduisent le manque de communication entre le coach et son staff\/les dirigeants Il serait peut \u00eatre temps pour Kilmer de se bouger\u00a0\u00bb.<a href=\"https:\/\/x.com\/Hunsih0\/status\/2002827565975978486\"><\/p>\n<\/blockquote>\n<p>Mercato : Chelsea, Arsenal et l\u2019Europe veulent d\u00e9j\u00e0 N\u2019Guessan<\/p>\n<p>Dans les coulisses, l\u2019imbroglio entourant la sant\u00e9 du joueur n\u2019a fait qu\u2019attiser davantage la convoitise des plus grands clubs europ\u00e9ens. D\u00e9j\u00e0 sujet \u00e0 de nombreuses rumeurs, <strong>Djylian N\u2019Guessan<\/strong> se retrouve au centre d\u2019une bataille f\u00e9roce en vue du prochain mercato. <a href=\"https:\/\/www.butfootballclub.fr\/1635721-asse-mercato-une-offre-est-arrivee-pour-nguessan-kilmer-sports-veut-le-pactole\/\" target=\"_blank\" rel=\"noreferrer noopener\">Chelsea aurait d\u00e9j\u00e0 adress\u00e9 une offre de l\u2019ordre de 8 millions d\u2019euros<\/a>, selon les derni\u00e8res indiscr\u00e9tions. Cet int\u00e9r\u00eat s\u2019accompagne de celui de clubs comme Arsenal et Brentford, en embuscade pour s\u2019offrir l\u2019un des espoirs les plus suivis de Ligue 2.<\/p>\n<p>L\u2019ASSE, de son c\u00f4t\u00e9, se montrerait ferme. Si l\u2019offre anglaise pour Djylian N\u2019Guessan int\u00e9resse son entourage, la direction entendrait tirer jusqu\u2019\u00e0 12,5 millions d\u2019euros d\u2019un \u00e9ventuel transfert, preuve de la valeur attribu\u00e9e \u00e0 son joyau. D\u2019autres g\u00e9ants <a href=\"https:\/\/www.butfootballclub.fr\/1635864-asse-mercato-4-grands-deurope-et-le-psg-en-plus-de-chelsea-sur-nguessan\/\" target=\"_blank\" rel=\"noreferrer noopener\">comme la Juventus, Dortmund et m\u00eame le Paris Saint-Germain<\/a> surveillent de pr\u00e8s l\u2019\u00e9volution de la situation, rendant la fin de contrat de N\u2019Guessan en 2027 d\u00e9j\u00e0 explosive.<\/p>\n<p>L\u2019intensit\u00e9 des tractations n\u2019est d\u2019ailleurs pas nouvelle. Dans un pass\u00e9 tout r\u00e9cent, l\u2019int\u00e9r\u00eat d\u2019Arsenal et de Tottenham pour N\u2019Guessan avait d\u00e9j\u00e0 plac\u00e9 le club lig\u00e9rien face \u00e0 une d\u00e9cision cruciale pour son avenir et pour celui de sa p\u00e9pite.<\/p>\n<p>Un nouveau coup dur pour la formation st\u00e9phanoise ?<\/p>\n<p>L\u2019hypoth\u00e8se d\u2019un nouveau d\u00e9part pr\u00e9coce pour l\u2019un des joyaux du centre de formation des Verts fait grimacer plus d\u2019un supporter. Depuis l\u2019arriv\u00e9e de Kilmer \u00e0 la t\u00eate du club, la difficult\u00e9 \u00e0 retenir les meilleurs jeunes s\u2019est accentu\u00e9e. Voir s\u2019envoler N\u2019Guessan serait un symbole fort, illustrant les tensions entre ambition sportive, n\u00e9cessit\u00e9 financi\u00e8re, et r\u00e9alit\u00e9 du march\u00e9.<\/p>\n<p>Au-del\u00e0 du cas individuel, c\u2019est toute la politique de formation de l\u2019ASSE qui se trouve interrog\u00e9e. Les pr\u00e9c\u00e9dents d\u00e9parts, associ\u00e9s \u00e0 l\u2019\u00e9mergence rapide du joueur, p\u00e8sent sur l\u2019image de l\u2019institution. Sur la pelouse, comme dans les bureaux, le dossier N\u2019Guessan marque un tournant. Le prochain mercato dira vite si Saint-\u00c9tienne saura pr\u00e9server ses talents ou s\u2019il faudra une nouvelle fois composer avec un exode pr\u00e9matur\u00e9.<\/p>\n<blockquote class=\"twitter-tweet\">\n<p lang=\"fr\" dir=\"ltr\">Horneland : \u00ab\u00a0N&rsquo;Guessan ? Il ne pouvait pas jouer, je n&rsquo;ai pas compris\u00a0\u00bb <a href=\"https:\/\/twitter.com\/hashtag\/ASSE?src=hash&amp;ref_src=twsrc%5Etfw\" target=\"_blank\" rel=\"noopener\">#ASSE<\/a> <a href=\"https:\/\/t.co\/014TmE7cxz\">https:\/\/t.co\/014TmE7cxz<\/a><\/p>\n<p>\u2014 Envertetcontretous (@Site_Evect) <a href=\"https:\/\/twitter.com\/Site_Evect\/status\/2002801397662695661?ref_src=twsrc%5Etfw\" target=\"_blank\" rel=\"noopener\">December 21, 2025<\/a><\/p><\/blockquote>\n<p>  <script async src=\"https:\/\/platform.twitter.com\/widgets.js\" charset=\"utf-8\"><\/script><\/p>\n","protected":false},"excerpt":{"rendered":"Situation quasi surr\u00e9aliste du c\u00f4t\u00e9 de l\u2019AS Saint-\u00c9tienne \u00e0 Nice : malgr\u00e9 un match tendu en Coupe de&hellip;\n","protected":false},"author":2,"featured_media":614618,"comment_status":"","ping_status":"","sticky":false,"template":"","format":"standard","meta":{"footnotes":""},"categories":[2819],"tags":[1111,11,1777,674,1011,27,12,2401,882,25],"class_list":{"0":"post-614881","1":"post","2":"type-post","3":"status-publish","4":"format-standard","5":"has-post-thumbnail","7":"category-nice","8":"tag-actu","9":"tag-actualites","10":"tag-eu","11":"tag-europe","12":"tag-fr","13":"tag-france","14":"tag-news","15":"tag-nice","16":"tag-provence-alpes-cote-dazur","17":"tag-republique-francaise"},"share_on_mastodon":{"url":"https:\/\/pubeurope.com\/@fr\/115760635824248601","error":""},"_links":{"self":[{"href":"https:\/\/www.europesays.com\/fr\/wp-json\/wp\/v2\/posts\/614881","targetHints":{"allow":["GET"]}}],"collection":[{"href":"https:\/\/www.europesays.com\/fr\/wp-json\/wp\/v2\/posts"}],"about":[{"href":"https:\/\/www.europesays.com\/fr\/wp-json\/wp\/v2\/types\/post"}],"author":[{"embeddable":true,"href":"https:\/\/www.europesays.com\/fr\/wp-json\/wp\/v2\/users\/2"}],"replies":[{"embeddable":true,"href":"https:\/\/www.europesays.com\/fr\/wp-json\/wp\/v2\/comments?post=614881"}],"version-history":[{"count":0,"href":"https:\/\/www.europesays.com\/fr\/wp-json\/wp\/v2\/posts\/614881\/revisions"}],"wp:featuredmedia":[{"embeddable":true,"href":"https:\/\/www.europesays.com\/fr\/wp-json\/wp\/v2\/media\/614618"}],"wp:attachment":[{"href":"https:\/\/www.europesays.com\/fr\/wp-json\/wp\/v2\/media?parent=614881"}],"wp:term":[{"taxonomy":"category","embeddable":true,"href":"https:\/\/www.europesays.com\/fr\/wp-json\/wp\/v2\/categories?post=614881"},{"taxonomy":"post_tag","embeddable":true,"href":"https:\/\/www.europesays.com\/fr\/wp-json\/wp\/v2\/tags?post=614881"}],"curies":[{"name":"wp","href":"https:\/\/api.w.org\/{rel}","templated":true}]}}