{"id":614886,"date":"2025-12-22T01:34:16","date_gmt":"2025-12-22T01:34:16","guid":{"rendered":"https:\/\/www.europesays.com\/fr\/614886\/"},"modified":"2025-12-22T01:34:16","modified_gmt":"2025-12-22T01:34:16","slug":"previsions-du-lundi-22-decembre-2025-3","status":"publish","type":"post","link":"https:\/\/www.europesays.com\/fr\/614886\/","title":{"rendered":"pr\u00e9visions du lundi 22 d\u00e9cembre 2025"},"content":{"rendered":"<p>Aujourd&rsquo;hui, \u00e0 Bordeaux, des nuages ne voudront pas laisser leur place au soleil. Les temp\u00e9ratures seront de 5\u00b0C au minimum et de 8\u00b0C au plus haut. Un vent de sud-est soufflera l\u00e9g\u00e8rement. Le soleil fera d\u00e9faut le matin, car le ciel sera couvert par des nuages. Les temp\u00e9ratures seront de 6\u00b0C. On observera la pr\u00e9sence persistante de nuages l&rsquo;apr\u00e8s-midi. Des pluies \u00e9parses vont tomber sur la ville. Les valeurs seront comprises entre 7 et 8\u00b0C. Le soir, le thermom\u00e8tre affichera 7\u00b0C en moyenne. Un ciel clair est pr\u00e9vu dans la nuit reliant lundi et mardi.<\/p>\n<p>Encore de la grisaille demain. Les nuages vont stationner sur Bordeaux. Une m\u00e9t\u00e9o plus chaude est attendue puisque les temp\u00e9ratures vont enregistrer une augmentation. Il fera 8\u00b0C en moyenne. Le soleil aura du mal \u00e0 percer au milieu de l\u00e9gers nuages qui perdureront dans la matin\u00e9e. Les temp\u00e9ratures s&rsquo;\u00e9chelonneront entre 6\u00b0C et 8\u00b0C. Un vent d&rsquo;est rafra\u00eechira un peu l&rsquo;atmosph\u00e8re. Demain apr\u00e8s-midi, toujours des nuages dans le ciel qui emp\u00eachent le soleil d&rsquo;appara\u00eetre. Les valeurs afficheront entre 8 et 9\u00b0C. La grisaille ne se dissipe toujours pas, il va y avoir encore des nuages demain soir. Il va faire environ 8\u00b0C. Un vent de nord soufflera l\u00e9g\u00e8rement, avec 9 km\/h.<\/p>\n<p>Les conditions m\u00e9t\u00e9orologiques des jours qui suivent vont s&rsquo;am\u00e9liorer. Il va faire un temps plut\u00f4t ensoleill\u00e9 avec des temp\u00e9ratures d&rsquo;environ 1\u00b0C.<\/p>\n<p><\/p>\n","protected":false},"excerpt":{"rendered":"Aujourd&rsquo;hui, \u00e0 Bordeaux, des nuages ne voudront pas laisser leur place au soleil. Les temp\u00e9ratures seront de 5\u00b0C&hellip;\n","protected":false},"author":2,"featured_media":614887,"comment_status":"","ping_status":"","sticky":false,"template":"","format":"standard","meta":{"footnotes":""},"categories":[2817],"tags":[1111,11,1997,1777,674,1011,27,12,2219,2119,25],"class_list":{"0":"post-614886","1":"post","2":"type-post","3":"status-publish","4":"format-standard","5":"has-post-thumbnail","7":"category-bordeaux","8":"tag-actu","9":"tag-actualites","10":"tag-bordeaux","11":"tag-eu","12":"tag-europe","13":"tag-fr","14":"tag-france","15":"tag-news","16":"tag-nouvelle-aquitaine","17":"tag-previsions-meteo","18":"tag-republique-francaise"},"share_on_mastodon":{"url":"https:\/\/pubeurope.com\/@fr\/115760651656853916","error":""},"_links":{"self":[{"href":"https:\/\/www.europesays.com\/fr\/wp-json\/wp\/v2\/posts\/614886","targetHints":{"allow":["GET"]}}],"collection":[{"href":"https:\/\/www.europesays.com\/fr\/wp-json\/wp\/v2\/posts"}],"about":[{"href":"https:\/\/www.europesays.com\/fr\/wp-json\/wp\/v2\/types\/post"}],"author":[{"embeddable":true,"href":"https:\/\/www.europesays.com\/fr\/wp-json\/wp\/v2\/users\/2"}],"replies":[{"embeddable":true,"href":"https:\/\/www.europesays.com\/fr\/wp-json\/wp\/v2\/comments?post=614886"}],"version-history":[{"count":0,"href":"https:\/\/www.europesays.com\/fr\/wp-json\/wp\/v2\/posts\/614886\/revisions"}],"wp:featuredmedia":[{"embeddable":true,"href":"https:\/\/www.europesays.com\/fr\/wp-json\/wp\/v2\/media\/614887"}],"wp:attachment":[{"href":"https:\/\/www.europesays.com\/fr\/wp-json\/wp\/v2\/media?parent=614886"}],"wp:term":[{"taxonomy":"category","embeddable":true,"href":"https:\/\/www.europesays.com\/fr\/wp-json\/wp\/v2\/categories?post=614886"},{"taxonomy":"post_tag","embeddable":true,"href":"https:\/\/www.europesays.com\/fr\/wp-json\/wp\/v2\/tags?post=614886"}],"curies":[{"name":"wp","href":"https:\/\/api.w.org\/{rel}","templated":true}]}}