{"id":614915,"date":"2025-12-22T01:53:15","date_gmt":"2025-12-22T01:53:15","guid":{"rendered":"https:\/\/www.europesays.com\/fr\/614915\/"},"modified":"2025-12-22T01:53:15","modified_gmt":"2025-12-22T01:53:15","slug":"turning-point-usa-souhaite-que-j-d-vance-soit-le-prochain-president-americain","status":"publish","type":"post","link":"https:\/\/www.europesays.com\/fr\/614915\/","title":{"rendered":"Turning Point USA souhaite que J.D. Vance soit le prochain pr\u00e9sident am\u00e9ricain"},"content":{"rendered":"<p class=\"c-paragraph\">L\u2019\u00e9lection pr\u00e9sidentielle am\u00e9ricaine aura lieu dans trois ans, mais Turning Point USA sait d\u00e9j\u00e0 qu\u2019elle souhaite que le vice-pr\u00e9sident J.D. Vance soit le candidat r\u00e9publicain.<\/p>\n<p class=\"c-paragraph\">Erika Kirk, dirigeante de cette puissante organisation de jeunesse conservatrice, l\u2019a soutenu d\u00e8s la soir\u00e9e d\u2019ouverture de son congr\u00e8s annuel AmericaFest, sous les acclamations de la foule.<\/p>\n<p class=\"c-paragraph\">Cependant, ces quatre jours de rassemblement ont r\u00e9v\u00e9l\u00e9 plus de dangers que de promesses pour J.D. Vance, ou tout autre successeur potentiel du pr\u00e9sident Donald Trump, et les tensions palpables laissent pr\u00e9sager les eaux troubles qu\u2019ils devront traverser dans les ann\u00e9es \u00e0 venir. <\/p>\n<p class=\"c-paragraph\">Le mouvement \u00abMake America Great Again\u00bb se fracture, les R\u00e9publicains commen\u00e7ant \u00e0 envisager un avenir sans Donald Trump, et il n\u2019existe aucune solution \u00e9vidente pour maintenir la coh\u00e9sion de sa coalition, alors que diff\u00e9rentes factions rivalisent d\u2019influence.<\/p>\n<p class=\"c-paragraph\">Apr\u00e8s une fin de semaine de d\u00e9bats sur l\u2019opportunit\u00e9 d\u2019exclure du mouvement des personnalit\u00e9s comme le cr\u00e9ateur de balado antis\u00e9mite Nick Fuentes, J.D. Vance s\u2019est prononc\u00e9 en faveur d\u2019un d\u00e9bat ouvert.<\/p>\n<p class=\"c-paragraph\">\u00abJe n\u2019ai pas dress\u00e9 de liste de conservateurs \u00e0 d\u00e9noncer ou \u00e0 faire taire, a expliqu\u00e9 J.D. Vance dimanche lors de son discours de cl\u00f4ture. Il a d\u00e9nonc\u00e9 les \u00abtests de puret\u00e9 contre-productifs\u00bb et affirm\u00e9 que chacun avait sa place au sein du mouvement \u00absi vous aimez l\u2019Am\u00e9rique\u00bb.<\/p>\n<p class=\"c-paragraph\">\u00abPeu importe que vous soyez blanc ou noir, riche ou pauvre, jeune ou vieux, rural ou urbain, controvers\u00e9 ou un peu ennuyeux, ou quelque part entre les deux\u00bb, a-t-il ajout\u00e9.<\/p>\n<p class=\"c-paragraph\">Il n\u2019a pas nomm\u00e9 M. Fuentes, mais sa remarque s\u2019inscrit dans un d\u00e9bat de plus en plus houleux sur l\u2019opportunit\u00e9 d\u2019inclure M. Fuentes et ses partisans au sein du mouvement MAGA.<\/p>\n<p>Un Parti r\u00e9publicain post-Trump?<\/p>\n<p class=\"c-paragraph\">L\u2019identit\u00e9 du Parti r\u00e9publicain est indissociable de Donald Trump depuis une d\u00e9cennie. Maintenant qu\u2019il est constitutionnellement in\u00e9ligible \u00e0 un second mandat, le parti commence \u00e0 envisager un avenir sans lui \u00e0 sa t\u00eate.<\/p>\n<p class=\"c-paragraph\">Pour l\u2019instant, il semble que r\u00e9gler cette question n\u00e9cessitera de vives luttes intestines au sein de la droite conservatrice. L\u2019\u00e9mission Turning Point a pr\u00e9sent\u00e9 des arguments sur l\u2019antis\u00e9mitisme, Isra\u00ebl et la r\u00e9glementation environnementale, sans oublier les rivalit\u00e9s entre les principaux commentateurs.<\/p>\n<p class=\"c-paragraph\">\u00abQui prendra la rel\u00e8ve ? Qui prendra les r\u00eanes du pouvoir quand le pr\u00e9sident quittera la sc\u00e8ne ?\u00bb, a demand\u00e9 le commentateur Tucker Carlson, r\u00e9sumant l\u2019essentiel du conflit lors de son discours \u00e0 la conf\u00e9rence.<\/p>\n<p class=\"c-paragraph\">M. Carlson a qualifi\u00e9 l\u2019id\u00e9e d\u2019une \u00abguerre civile\u00bb r\u00e9publicaine de \u00abtotalement invent\u00e9e\u00bb.<\/p>\n<p class=\"c-paragraph\">\u00abCertains en veulent \u00e0 J.D. Vance et attisent les tensions pour l\u2019emp\u00eacher d\u2019obtenir l\u2019investiture\u00bb, a-t-il dit. M. Carlson a d\u00e9crit J.D. Vance comme \u00abla seule personne\u00bb qui adh\u00e8re \u00e0 \u00abl\u2019id\u00e9e centrale de la coalition Trump\u00bb, \u00e0 savoir, selon lui, \u00abl\u2019Am\u00e9rique d\u2019abord\u00bb.<\/p>\n<p class=\"c-paragraph\">Le porte-parole de Turning Point, Andrew Kolvet, a pr\u00e9sent\u00e9 ces dissensions comme un d\u00e9bat sain sur l\u2019avenir du mouvement, un processus certes inconfortable, mais n\u00e9cessaire pour parvenir \u00e0 un consensus.<\/p>\n<p class=\"c-paragraph\">\u00abNous ne sommes pas des communistes \u00e0 l\u2019esprit de ruche, a-t-il \u00e9crit sur X. Laissons les choses suivre leur cours.\u00bb <\/p>\n<p class=\"c-paragraph\">Turning Point soutient J.D. Vance pour la pr\u00e9sidence<\/p>\n<p class=\"c-paragraph\">Erika Kirk, qui a pris la t\u00eate de Turning Point apr\u00e8s l\u2019assassinat de son mari, Charlie Kirk, a d\u00e9clar\u00e9 jeudi que l\u2019organisation souhaitait que J.D. Vance soit \u00ab\u00e9lu 48e pr\u00e9sident de la mani\u00e8re la plus retentissante possible\u00bb. Le prochain pr\u00e9sident sera le 48e de l\u2019histoire des \u00c9tats-Unis.<\/p>\n<p class=\"c-paragraph\">Turning Point est une force majeure de la droite, avec un r\u00e9seau national de b\u00e9n\u00e9voles particuli\u00e8rement pr\u00e9cieux dans les premiers \u00c9tats \u00e0 voter aux primaires, o\u00f9 les candidats comptent sur la mobilisation citoyenne pour gagner en popularit\u00e9. Lors d\u2019une apparition surprise, la rappeuse Nicki Minaj a fait l\u2019\u00e9loge de Donald Trump et de J.D. Vance.<\/p>\n<p class=\"c-paragraph\">Le soutien de Mme Kirk a pes\u00e9 lourd pour Kiara Wagner, 20 ans, venue de Toms River, dans le New Jersey, pour assister \u00e0 la conf\u00e9rence.<\/p>\n<p class=\"c-paragraph\">\u00abSi quelqu\u2019un comme Erika peut soutenir J.D. Vance, alors je le peux aussi\u00bb, a affirm\u00e9 Kiara Wagner.<\/p>\n<p class=\"c-paragraph\">J.D. Vance \u00e9tait proche de Charlie Kirk. Apr\u00e8s l\u2019assassinat de Charlie Kirk sur un campus universitaire de l\u2019Utah, le vice-pr\u00e9sident s\u2019est rendu \u00e0 bord d\u2019Air Force Two pour rapatrier sa d\u00e9pouille en Arizona. Il a aid\u00e9 des militaires \u00e0 porter le cercueil jusqu\u2019\u00e0 l\u2019avion.<\/p>\n<p class=\"c-paragraph\">\u00abJe suis honor\u00e9 de faire partie de l\u2019\u00e9quipe de Turning Point\u00bb, a expliqu\u00e9 M. Vance.<\/p>\n","protected":false},"excerpt":{"rendered":"L\u2019\u00e9lection pr\u00e9sidentielle am\u00e9ricaine aura lieu dans trois ans, mais Turning Point USA sait d\u00e9j\u00e0 qu\u2019elle souhaite que le&hellip;\n","protected":false},"author":2,"featured_media":614916,"comment_status":"","ping_status":"","sticky":false,"template":"","format":"standard","meta":{"footnotes":""},"categories":[1589],"tags":[11,1348,251,73,1866,14,12,316,252,1864,1865,1863,308],"class_list":{"0":"post-614915","1":"post","2":"type-post","3":"status-publish","4":"format-standard","5":"has-post-thumbnail","7":"category-etats-unis","8":"tag-actualites","9":"tag-arts","10":"tag-culture","11":"tag-etats-unis","12":"tag-etats-unis-damerique","13":"tag-international","14":"tag-news","15":"tag-politique","16":"tag-television","17":"tag-united-states","18":"tag-united-states-of-america","19":"tag-us","20":"tag-usa"},"share_on_mastodon":{"url":"","error":""},"_links":{"self":[{"href":"https:\/\/www.europesays.com\/fr\/wp-json\/wp\/v2\/posts\/614915","targetHints":{"allow":["GET"]}}],"collection":[{"href":"https:\/\/www.europesays.com\/fr\/wp-json\/wp\/v2\/posts"}],"about":[{"href":"https:\/\/www.europesays.com\/fr\/wp-json\/wp\/v2\/types\/post"}],"author":[{"embeddable":true,"href":"https:\/\/www.europesays.com\/fr\/wp-json\/wp\/v2\/users\/2"}],"replies":[{"embeddable":true,"href":"https:\/\/www.europesays.com\/fr\/wp-json\/wp\/v2\/comments?post=614915"}],"version-history":[{"count":0,"href":"https:\/\/www.europesays.com\/fr\/wp-json\/wp\/v2\/posts\/614915\/revisions"}],"wp:featuredmedia":[{"embeddable":true,"href":"https:\/\/www.europesays.com\/fr\/wp-json\/wp\/v2\/media\/614916"}],"wp:attachment":[{"href":"https:\/\/www.europesays.com\/fr\/wp-json\/wp\/v2\/media?parent=614915"}],"wp:term":[{"taxonomy":"category","embeddable":true,"href":"https:\/\/www.europesays.com\/fr\/wp-json\/wp\/v2\/categories?post=614915"},{"taxonomy":"post_tag","embeddable":true,"href":"https:\/\/www.europesays.com\/fr\/wp-json\/wp\/v2\/tags?post=614915"}],"curies":[{"name":"wp","href":"https:\/\/api.w.org\/{rel}","templated":true}]}}