{"id":614919,"date":"2025-12-22T01:55:37","date_gmt":"2025-12-22T01:55:37","guid":{"rendered":"https:\/\/www.europesays.com\/fr\/614919\/"},"modified":"2025-12-22T01:55:37","modified_gmt":"2025-12-22T01:55:37","slug":"guerre-en-ukraine-lallemagne-va-fournir-a-kiev-les-missiles-ultra-performants-aim-9-sidewinder","status":"publish","type":"post","link":"https:\/\/www.europesays.com\/fr\/614919\/","title":{"rendered":"Guerre en Ukraine : l&rsquo;Allemagne va fournir \u00e0 Kiev les missiles ultra performants AIM-9 Sidewinder"},"content":{"rendered":"<p>Les pourparlers autour d\u2019un plan de paix entre l\u2019Ukraine et la Russie sont-ils en train de s\u2019enliser ? Si des \u00abprogr\u00e8s significatifs\u00bb ont \u00e9t\u00e9 \u00e9voqu\u00e9s par les Europ\u00e9ens, l\u2019intransigeance russe demeure. De son c\u00f4t\u00e9, Kiev tente donc toujours d\u2019affaiblir des points strat\u00e9giques, comme l\u2019attaque par drone naval dans le port russe de Novorossi\u00efsk en mer Noire. Pour \u00abla premi\u00e8re fois de l\u2019Histoire\u00bb, <strong>un drone sous-marin Sub Sea Baby<\/strong> a <a href=\"https:\/\/www.capital.fr\/economie-politique\/une-premiere-un-drone-naval-ukrainien-detruit-un-sous-marin-russe-1521979\" rel=\"nofollow noopener\" target=\"_blank\">atteint un sous-marin russe<\/a>, causant des d\u00e9g\u00e2ts irr\u00e9parables. En visant ce genre de cibles, comme <a href=\"https:\/\/www.capital.fr\/economie-politique\/guerre-en-ukraine-kiev-detruit-encore-le-buk-m3-une-arme-defensive-evaluee-a-plus-de-100-millions-de-dollars-1521747\" rel=\"nofollow noopener\" target=\"_blank\">le Buk-M3<\/a>, des MiG-29 ou des bombardiers Su-24, l\u2019Ukraine continue de r\u00e9sister.<\/p>\n<p>Et cela pourrait encore durer. Comme l\u2019a appris <a href=\"https:\/\/www.leparisien.fr\/international\/ukraine\/guerre-en-ukraine-le-missile-le-plus-performant-de-tous-les-temps-lallemagne-va-livrer-des-sidewinder-aim-9-a-kiev-18-12-2025-KY2Y425MLJEZHDNUYT76DHUSZ4.php\" rel=\"nofollow noopener\" target=\"_blank\">Le Parisien<\/a>, l\u2019Allemagne r\u00e9pond une nouvelle fois \u00e0 l\u2019appel ukrainien. Dans le cadre de son plan de soutien, Berlin va fournir plusieurs <strong>missiles AIM-9 Sidewinder<\/strong>. Interrog\u00e9 par nos confr\u00e8res, l\u2019historien Leroy Doig, travaillant au Centre de d\u00e9veloppement de l\u2019aviation navale, d\u00e9crit ce missile comme \u00able plus performant de tous les temps\u00bb. Ces missiles air-air \u00e0 courte port\u00e9e sont <strong>guid\u00e9s par infrarouge<\/strong>. Ils peuvent \u00eatre embarqu\u00e9s dans de nombreux appareils, dont des h\u00e9licopt\u00e8res.<\/p>\n<p>Des missiles air-air adapt\u00e9s en sol-air<\/p>\n<p>Longs de trois m\u00e8tres, ces missiles peuvent avoir une port\u00e9e jusqu\u2019\u00e0 20 kilom\u00e8tres avec une vitesse Mach 3. D\u2019une <strong>valeur de 100 000 dollars<\/strong> pour les plus anciens, un peu plus de 260 000 pour les nouveaux, ils ont \u00e9t\u00e9 d\u00e9velopp\u00e9s dans les ann\u00e9es 1950 et ont \u00e9t\u00e9 en service dans l\u2019arm\u00e9e allemande pendant de nombreuses ann\u00e9es. Mis hors service outre-Rhin, ils vont donc retrouver une nouvelle vie <a href=\"https:\/\/www.capital.fr\/economie-politique\/guerre-en-ukraine-kiev-devoile-le-drone-cooper-sa-nouvelle-reponse-au-shahed-russe-1521851\" rel=\"nofollow noopener\" target=\"_blank\">en Ukraine<\/a>.<\/p>\n<p>\u00abL\u2019ann\u00e9e prochaine, nous fournirons un grand nombre de missiles Sidewinder provenant de nos propres stocks afin de renforcer la d\u00e9fense a\u00e9rienne de l\u2019Ukraine\u00bb, a confirm\u00e9 le ministre allemand de la D\u00e9fense, Boris Pistorius, sans en pr\u00e9ciser le nombre. Kiev a d\u00e9j\u00e0 re\u00e7u par le pass\u00e9 des Sidewinder, en particulier des Etats-Unis, mais ils ont rapidement \u00e9t\u00e9 <strong>adapt\u00e9s en version sol-air<\/strong>, indique Le Parisien, alors qu\u2019ils devaient \u00eatre install\u00e9s sur des <a href=\"https:\/\/www.capital.fr\/economie-politique\/l-ukraine-annonce-la-perte-de-son-3e-f-16-americain-pourquoi-la-nouvelle-est-aussi-mediatique-1513939\" rel=\"nofollow noopener\" target=\"_blank\">F-16<\/a> ou Eurofighter Typhoon.<\/p>\n<p>En 2023, <strong>le Canada avait \u00e9galement donn\u00e9 des AIM-9 Sidewinder<\/strong> \u00e0 l\u2019Ukraine afin de \u00abl\u2019aider \u00e0 s\u00e9curiser son espace a\u00e9rien face aux attaques russes\u00bb, expliquait le ministre canadien de la D\u00e9fense. En marge de cette annonce, Boris Pistorius a tenu \u00e0 rappeler qu\u2019il avait d\u00e9j\u00e0 \u0153uvr\u00e9 cette ann\u00e9e \u00e0 la d\u00e9fense a\u00e9rienne de Kiev. Il a \u00e9voqu\u00e9 notamment \u00abla livraison de deux syst\u00e8mes Patriot promis en ao\u00fbt (\u2026) et la livraison du neuvi\u00e8me syst\u00e8me Iris-T\u00bb.<\/p>\n","protected":false},"excerpt":{"rendered":"Les pourparlers autour d\u2019un plan de paix entre l\u2019Ukraine et la Russie sont-ils en train de s\u2019enliser ?&hellip;\n","protected":false},"author":2,"featured_media":614920,"comment_status":"","ping_status":"","sticky":false,"template":"","format":"standard","meta":{"footnotes":""},"categories":[1587],"tags":[11,672,1804,1805,1803,564,1777,674,1801,131,3343,12,1802,132],"class_list":{"0":"post-614919","1":"post","2":"type-post","3":"status-publish","4":"format-standard","5":"has-post-thumbnail","7":"category-allemagne","8":"tag-actualites","9":"tag-allemagne","10":"tag-bundesrepublik-deutschland","11":"tag-de","12":"tag-deutschland","13":"tag-drone","14":"tag-eu","15":"tag-europe","16":"tag-germany","17":"tag-guerre-en-ukraine","18":"tag-missile","19":"tag-news","20":"tag-republique-federale-dallemagne","21":"tag-russie"},"share_on_mastodon":{"url":"https:\/\/pubeurope.com\/@fr\/115760734211791688","error":""},"_links":{"self":[{"href":"https:\/\/www.europesays.com\/fr\/wp-json\/wp\/v2\/posts\/614919","targetHints":{"allow":["GET"]}}],"collection":[{"href":"https:\/\/www.europesays.com\/fr\/wp-json\/wp\/v2\/posts"}],"about":[{"href":"https:\/\/www.europesays.com\/fr\/wp-json\/wp\/v2\/types\/post"}],"author":[{"embeddable":true,"href":"https:\/\/www.europesays.com\/fr\/wp-json\/wp\/v2\/users\/2"}],"replies":[{"embeddable":true,"href":"https:\/\/www.europesays.com\/fr\/wp-json\/wp\/v2\/comments?post=614919"}],"version-history":[{"count":0,"href":"https:\/\/www.europesays.com\/fr\/wp-json\/wp\/v2\/posts\/614919\/revisions"}],"wp:featuredmedia":[{"embeddable":true,"href":"https:\/\/www.europesays.com\/fr\/wp-json\/wp\/v2\/media\/614920"}],"wp:attachment":[{"href":"https:\/\/www.europesays.com\/fr\/wp-json\/wp\/v2\/media?parent=614919"}],"wp:term":[{"taxonomy":"category","embeddable":true,"href":"https:\/\/www.europesays.com\/fr\/wp-json\/wp\/v2\/categories?post=614919"},{"taxonomy":"post_tag","embeddable":true,"href":"https:\/\/www.europesays.com\/fr\/wp-json\/wp\/v2\/tags?post=614919"}],"curies":[{"name":"wp","href":"https:\/\/api.w.org\/{rel}","templated":true}]}}