{"id":614923,"date":"2025-12-22T01:57:22","date_gmt":"2025-12-22T01:57:22","guid":{"rendered":"https:\/\/www.europesays.com\/fr\/614923\/"},"modified":"2025-12-22T01:57:22","modified_gmt":"2025-12-22T01:57:22","slug":"questions-dactualite-novembre-2025-lunion-europeenne-ue","status":"publish","type":"post","link":"https:\/\/www.europesays.com\/fr\/614923\/","title":{"rendered":"Questions d&rsquo;actualit\u00e9, novembre 2025 &#8211; L&rsquo;Union europ\u00e9enne (UE)"},"content":{"rendered":"<p><strong>Accessibles \u00e0 tous nos abonn\u00e9s, les \u00ab\u00a0Questions d\u2019actualit\u00e9\u00a0\u00bb<\/strong>\u00a0s\u2019adressent principalement aux<strong> candidats des concours de la fonction publique territoriale.\u00a0 Treize sujets ont \u00e9t\u00e9 retenus en novembre\u00a0\u00e0 leur intention.<\/strong><\/p>\n<p><strong>1. \u00c9largissement de l\u2019UE : bilan d\u2019\u00e9tape<\/strong><\/p>\n<p>Les candidats progressent \u00e0 des rythmes diff\u00e9rents vers l\u2019adh\u00e9sion \u00e0 l\u2019UE, entre r\u00e9formes r\u00e9ussies (Mont\u00e9n\u00e9gro, Albanie, Ukraine, Moldavie) et blocages politiques et institutionnels (Serbie, Bosnie-Herz\u00e9govine, G\u00e9orgie), sur fond d\u2019enjeux de stabilit\u00e9, d\u2019\u00e9tat de droit et de s\u00e9curit\u00e9 europ\u00e9enne. Deux pays sont au point mort, voire en recul (G\u00e9orgie et Turquie).<\/p>\n<p>Source principale\u00a0: <a href=\"https:\/\/ec.europa.eu\/commission\/presscorner\/detail\/en\/ip_25_2584\" rel=\"nofollow noopener\" target=\"_blank\">Communiqu\u00e9 \u00ab 2025 Enlargement package shows progress towards EU membership for key enlargement partners \u00bb<\/a><\/p>\n<p><strong>2. Budget 2026 de l\u2019UE<\/strong><\/p>\n<p>Le budget 2026 de l\u2019UE, fruit d\u2019un accord entre le Conseil et le Parlement, vise \u00e0 concilier comp\u00e9titivit\u00e9, d\u00e9fense, aide humanitaire et gestion des migrations, tout en pr\u00e9servant une marge de flexibilit\u00e9 pour faire face aux impr\u00e9vus.<\/p>\n<p>Source principale\u00a0:\u00a0<a href=\"https:\/\/www.consilium.europa.eu\/fr\/press\/press-releases\/2025\/11\/15\/eu-budget-for-2026-council-and-parliament-reach-agreement\/\" rel=\"nofollow noopener\" target=\"_blank\">Communiqu\u00e9 \u00ab Budget de l\u2019UE pour 2026 : le Conseil et le Parlement parviennent \u00e0 un accord \u00bb<\/a><\/p>\n<p><strong>3. S\u00e9curit\u00e9 et d\u00e9fense : vers un \u00ab Schengen militaire \u00bb<\/strong><\/p>\n<p>L\u2019UE veut faciliter et acc\u00e9l\u00e9rer la circulation des forces et mat\u00e9riels militaires sur son territoire et moderniser son industrie de d\u00e9fense, afin de renforcer sa capacit\u00e9 d\u2019action, sa r\u00e9silience et son autonomie strat\u00e9gique.<\/p>\n<p>Source principale\u00a0:\u00a0article <a href=\"https:\/\/commission.europa.eu\/news-and-media\/news\/commission-takes-steps-modernise-european-defence-and-improve-military-mobility-2025-11-19_fr#:~:text=Forte%20de%20ses%20projets%20visant,militaire%20dans%20toute%20l&#039;Europe.\" rel=\"nofollow noopener\" target=\"_blank\">\u00ab La Commission prend des mesures pour moderniser l\u2019industrie europ\u00e9enne de la d\u00e9fense et am\u00e9liorer la mobilit\u00e9 militaire \u00bb<\/a>\u00a0(Commission)<\/p>\n<p>4. Migrations et asile : premi\u00e8re application du pacte<\/p>\n<p>Le pacte sur la migration et l\u2019asile adopt\u00e9 en 2024 (qui entre en vigueur pour l\u2019essentiel en juin 2026) introduit un m\u00e9canisme de solidarit\u00e9 modul\u00e9 selon la pression migratoire exerc\u00e9e sur les \u00c9tats membres, avec des relocalisations et\/ou des contributions financi\u00e8res, afin de mieux r\u00e9partir la charge entre pays de l\u2019UE.<\/p>\n<p>Source principale\u00a0: <a href=\"https:\/\/www.europarl.europa.eu\/news\/fr\/agenda\/plenary-news\/2025-11-12\/3\/reglementation-de-l-ue-sur-la-migration-et-l-asile-application-et-voie-a-suivre\" rel=\"nofollow noopener\" target=\"_blank\">communiqu\u00e9 \u00ab Quel bilan d\u2019\u00e9tape pour le pacte migrations et asile ? \u00bb<\/a> (Commission europ\u00e9enne, Presscorner)<\/p>\n<p><strong>5. Environnement : centres de donn\u00e9es et \u00e9nergie<\/strong><\/p>\n<p>La forte croissance de la consommation \u00e9nerg\u00e9tique des centres de donn\u00e9es, tir\u00e9e par l\u2019essor de l\u2019IA, am\u00e8ne l\u2019UE \u00e0 promouvoir la r\u00e9utilisation de l\u2019\u00e9nergie et les \u00e9nergies renouvelables.<\/p>\n<p>Source principale\u00a0:\u00a0<a href=\"https:\/\/energy.ec.europa.eu\/news\/focus-data-centres-energy-hungry-challenge-2025-11-17_en\" rel=\"nofollow noopener\" target=\"_blank\">Article \u00ab Focus \u2013 Data centres: an energy\u2011hungry challenge \u00bb (site de la Commission \u2013 DG \u00c9nergie<\/a><\/p>\n<p><strong>6. Num\u00e9rique : abandon du projet \u00ab Chat control \u00bb<\/strong><\/p>\n<p>L\u2019UE renonce au projet de \u00ab Chat control \u00bb qui pr\u00e9voyait le scan syst\u00e9matique des conversations priv\u00e9es pour d\u00e9tecter des contenus p\u00e9dopornographiques, en raison de fortes inqui\u00e9tudes sur le respect de la vie priv\u00e9e, et revient \u00e0 un dispositif essentiellement volontaire pour les plateformes.<\/p>\n<p>Source principale\u00a0:\u00a0<a href=\"https:\/\/www.touteleurope.eu\/l-europe-et-moi\/vie-privee-l-union-europeenne-abandonne-le-projet-de-surveillance-chat-control\/\" rel=\"nofollow noopener\" target=\"_blank\">Article de Toute l\u2019Europe : \u00ab Vie priv\u00e9e : l\u2019Union europ\u00e9enne abandonne le projet de surveillance \u201cChat control\u201d \u00bb<\/a><\/p>\n<p><strong>7. Transports : plan d\u2019action pour le rail<\/strong><\/p>\n<p>Un nouveau plan d\u2019action europ\u00e9en vise \u00e0 d\u00e9velopper un v\u00e9ritable r\u00e9seau ferroviaire \u00e0 grande vitesse coh\u00e9rent \u00e0 l\u2019\u00e9chelle de l\u2019UE et \u00e0 soutenir les carburants renouvelables dans les transports, afin de concilier mobilit\u00e9, comp\u00e9titivit\u00e9 et transition \u00e9cologique.<\/p>\n<p>Source principale\u00a0:\u00a0<a href=\"https:\/\/commission.europa.eu\/news-and-media\/news\/connecting-europe-through-high-speed-rail-2025-11-05_fr\" rel=\"nofollow noopener\" target=\"_blank\">Communiqu\u00e9 \u00ab Un plan d\u2019action pour les transports ferroviaires \u00bb (Commission europ\u00e9enne, Presscorner, IP_25_2547 \u2013 disponible en fran\u00e7ais)<\/a><\/p>\n<p>8. Protection des animaux de compagnie<\/p>\n<p>Un accord entre le Parlement et le Conseil renforce le cadre europ\u00e9en contre les pratiques abusives envers les chiens et les chats, via une meilleure tra\u00e7abilit\u00e9 et une harmonisation des r\u00e8gles pour les acteurs du secteur.<\/p>\n<p>Source principale\u00a0:\u00a0<a href=\"https:\/\/www.europarl.europa.eu\/news\/fr\/press-room\/20251121IPR31539\/un-accord-pour-mettre-fin-aux-mauvais-traitements-sur-les-chiens-et-les-chats\" rel=\"nofollow noopener\" target=\"_blank\">communiqu\u00e9 du Parlement europ\u00e9en \u00ab Protection des chiens et des chats : accord sur des r\u00e8gles de l\u2019UE pour mettre fin aux abus \u00bb<\/a><\/p>\n<p>Comp\u00e9titivit\u00e9 \u00e9conomique et Semestre europ\u00e9en 2026<\/p>\n<p>9. Mati\u00e8res premi\u00e8res critiques\u00a0: r\u00e9duire la d\u00e9pendance vis-\u00e0-vis de la Ch<strong>ine<\/strong><\/p>\n<p>Apr\u00e8s de nouvelles restrictions chinoises sur les terres rares, l\u2019UE d\u00e9ploie une strat\u00e9gie pour r\u00e9duire sa d\u00e9pendance aux mati\u00e8res premi\u00e8res critiques, s\u00e9curiser ses cha\u00eenes de valeur et pr\u00e9server sa souverainet\u00e9 industrielle. Objectifs 2030 : extraire 10% des besoins de l\u2019UE, transformer 40% sur son territoire, recycler 25% des volumes consomm\u00e9s. Acc\u00e9l\u00e9ration des partenariats avec l\u2019Australie, le Canada, le Chili, le Groenland, l\u2019Ukraine, le Kazakhstan, l\u2019Ouzb\u00e9kistan, etc., pour ne plus d\u00e9pendre d\u2019un seul fournisseur au\u2011del\u00e0 de 65%.<\/p>\n<p>Source principale\u00a0:<a href=\"https:\/\/ec.europa.eu\/commission\/presscorner\/detail\/fr\/ip_25_2891\" rel=\"nofollow noopener\" target=\"_blank\">\u00a0intervention de la Commission sur la strat\u00e9gie de l\u2019UE en mati\u00e8re de mati\u00e8res premi\u00e8res critiques<\/a><\/p>\n<p>11. Taxer\u00a0les petits colis entrant dans l\u2019UE<\/p>\n<p>L\u2019UE supprime progressivement l\u2019exemption de droits de douane pour les petits colis de moins de 150 euros, afin de lutter contre la fraude et la sous\u2011\u00e9valuation massive dans le commerce \u00e9lectronique, notamment en provenance de Chine.<\/p>\n<p>Source principale\u00a0:\u00a0<a href=\"https:\/\/www.consilium.europa.eu\/fr\/press\/press-releases\/2025\/12\/12\/customs-council-agrees-to-levy-customs-duty-on-small-parcels-as-of-1-july-2026\/\" rel=\"nofollow noopener\" target=\"_blank\">communiqu\u00e9 du Conseil de l\u2019UE sur l\u2019action visant les petits colis et la r\u00e9forme douani\u00e8re<\/a><\/p>\n<p>12. Bio\u00e9conomie en Europe<\/p>\n<p>L\u2019UE veut exploiter davantage la bio\u00e9conomie pour remplacer les mat\u00e9riaux d\u2019origine fossile, cr\u00e9er des emplois et soutenir la transition vers une industrie propre, tout en utilisant durablement les ressources biologiques.<\/p>\n<p>Source principale\u00a0:\u00a0<a href=\"https:\/\/commission.europa.eu\/news-and-media\/news\/new-plan-unlock-bioeconomys-potential-2025-11-27_fr\" rel=\"nofollow noopener\" target=\"_blank\">plan de la Commission pour \u00ab lib\u00e9rer le potentiel de la bio\u00e9conomie \u00bb.<\/a><\/p>\n<p>13. Droits des consommateurs : programme 2030<\/p>\n<p>La Commission pr\u00e9sente une \u00ab agenda consommateurs 2030 \u00bb pour adapter la politique de consommation de l\u2019UE\u00a0sur les prochaines ann\u00e9es, renforcer la protection, soutenir la comp\u00e9titivit\u00e9 et encourager une consommation plus durable. L\u2019UE, ce sont 450 millions de consommateurs, qui repr\u00e9sentent\u00a0plus de 51% du PIB par\u00a0leurs d\u00e9penses.<\/p>\n<p>Source principale\u00a0:\u00a0<a href=\"https:\/\/commission.europa.eu\/news-and-media\/news\/2030-consumer-agenda-strengthening-consumer-protection-competitiveness-and-sustainable-growth-2025-11-19_fr#:~:text=Le%20nouvel%20agenda%202030%20constitue,les%20pratiques%20d%C3%A9loyales%20en%20ligne.\" rel=\"nofollow noopener\" target=\"_blank\">agenda consommateurs 2030 de la Commission europ\u00e9enne<\/a><\/p>\n<p>\t\t\t<img decoding=\"async\" src=\"https:\/\/www.europesays.com\/fr\/wp-content\/uploads\/2025\/12\/logo_cap.png\" alt=\"Carri\u00e8res-publiques.com\"\/><\/p>\n<p class=\"pushAlertContent__text\">\n\t\t\tPr\u00e9pa concours Fili\u00e8re administrative\t\t<\/p>\n<p class=\"blocRevision__title\">ABONNE GAZETTE<\/p>\n<p class=\"blocRevision__subtitle\">T\u00e9l\u00e9chargez vos fiches de r\u00e9vision<\/p>\n<p>\t\t\tCet article est en relation avec le dossier<\/p>\n<p>\t\t\t<a class=\"jqButtonTypeOpen buttonTypeOpen\" href=\"#\"><\/a><\/p>\n<p class=\"blocFolder__subtitle\">Cet article fait partie du Dossier<\/p>\n<p>\t\t\tConcours &#8211; Questions d&rsquo;actualit\u00e9 2025 : mise \u00e0 jour de vos connaissances<\/p>\n<p class=\"blocFolder__subtitle\">Sommaire du dossier<\/p>\n<ol class=\"blocFolder__list\">\n<li class=\"blocFolder__list__li hasThumbnail isAbo\">\n\t\t\t\t\t\t\t\t\t\t\t\t\t\t\t\t\t\t<a href=\"https:\/\/www.lagazettedescommunes.com\/1016182\/quiz-questions-dactualite-novembre-2025\/\" target=\"_blank\" rel=\"noopener\">Quiz. Questions d\u2019actualit\u00e9, novembre 2025<\/a>\n\t\t\t\t\t\t\t\t<\/li>\n<li class=\"blocFolder__list__li hasThumbnail blocFolder__list__li--active\">\n\t\t\t\t\t\t\t\t\t\t\t\t\t\t\t\t\t\tQuestions d\u2019actualit\u00e9, novembre 2025 \u2013 L\u2019Union europ\u00e9enne (UE)<\/li>\n<li class=\"blocFolder__list__li hasThumbnail isAbo\">\n\t\t\t\t\t\t\t\t\t\t\t\t\t\t\t\t\t\t<a href=\"https:\/\/www.lagazettedescommunes.com\/1011460\/quiz-questions-dactualite-octobre-2025\/\" target=\"_blank\" rel=\"noopener\">Quiz. Questions d\u2019actualit\u00e9, octobre 2025<\/a>\n\t\t\t\t\t\t\t\t<\/li>\n<li class=\"blocFolder__list__li hasThumbnail\">\n\t\t\t\t\t\t\t\t\t\t\t\t\t\t\t\t\t\t<a href=\"https:\/\/www.lagazettedescommunes.com\/1011357\/concours-questions-dactualite-octobre-2025\/\" target=\"_blank\" rel=\"noopener\">Concours \u2013 Questions d\u2019actualit\u00e9, octobre 2025<\/a>\n\t\t\t\t\t\t\t\t<\/li>\n<li class=\"blocFolder__list__li hasThumbnail isAbo\">\n\t\t\t\t\t\t\t\t\t\t\t\t\t\t\t\t\t\t<a href=\"https:\/\/www.lagazettedescommunes.com\/1005689\/quiz-questions-dactualite-septembre-2025\/\" target=\"_blank\" rel=\"noopener\">Quiz. Questions d\u2019actualit\u00e9, septembre 2025<\/a>\n\t\t\t\t\t\t\t\t<\/li>\n<li class=\"blocFolder__list__li hasThumbnail\">\n\t\t\t\t\t\t\t\t\t\t\t\t\t\t\t\t\t\t<a href=\"https:\/\/www.lagazettedescommunes.com\/1005713\/concours-questions-dactualite-septembre-2025\/\" target=\"_blank\" rel=\"noopener\">Concours \u2013 Questions d\u2019actualit\u00e9, septembre 2025<\/a>\n\t\t\t\t\t\t\t\t<\/li>\n<li class=\"blocFolder__list__li hasThumbnail isAbo\">\n\t\t\t\t\t\t\t\t\t\t\t\t\t\t\t\t\t\t<a href=\"https:\/\/www.lagazettedescommunes.com\/1002066\/quiz-questions-dactualite-aout-2025\/\" target=\"_blank\" rel=\"noopener\">Quiz. Questions d\u2019actualit\u00e9, ao\u00fbt 2025<\/a>\n\t\t\t\t\t\t\t\t<\/li>\n<li class=\"blocFolder__list__li hasThumbnail isAbo\">\n\t\t\t\t\t\t\t\t\t\t\t\t\t\t\t\t\t\t<a href=\"https:\/\/www.lagazettedescommunes.com\/1002214\/concours-questions-dactualite-aout-2025\/\" target=\"_blank\" rel=\"noopener\">Concours \u2013 Questions d\u2019actualit\u00e9, ao\u00fbt 2025<\/a>\n\t\t\t\t\t\t\t\t<\/li>\n<li class=\"blocFolder__list__li hasThumbnail\">\n\t\t\t\t\t\t\t\t\t\t\t\t\t\t\t\t\t\t<a href=\"https:\/\/www.lagazettedescommunes.com\/996759\/concours-questions-dactualite-juillet-2025\/\" target=\"_blank\" rel=\"noopener\">Concours \u2013 Questions d\u2019actualit\u00e9, juillet 2025<\/a>\n\t\t\t\t\t\t\t\t<\/li>\n<li class=\"blocFolder__list__li hasThumbnail\">\n\t\t\t\t\t\t\t\t\t\t\t\t\t\t\t\t\t\t<a href=\"https:\/\/www.lagazettedescommunes.com\/996745\/quiz-questions-dactualite-juillet-2025\/\" target=\"_blank\" rel=\"noopener\">Quiz. Questions d\u2019actualit\u00e9, juillet 2025<\/a>\n\t\t\t\t\t\t\t\t<\/li>\n<li class=\"blocFolder__list__li hasThumbnail isAbo\">\n\t\t\t\t\t\t\t\t\t\t\t\t\t\t\t\t\t\t<a href=\"https:\/\/www.lagazettedescommunes.com\/994714\/quiz-les-questions-dactualite-juin-2025\/\" target=\"_blank\" rel=\"noopener\">Quiz. Questions d\u2019actualit\u00e9, juin 2025<\/a>\n\t\t\t\t\t\t\t\t<\/li>\n<li class=\"blocFolder__list__li hasThumbnail\">\n\t\t\t\t\t\t\t\t\t\t\t\t\t\t\t\t\t\t<a href=\"https:\/\/www.lagazettedescommunes.com\/995805\/concours-les-questions-dactualite-juin-2025-2\/\" target=\"_blank\" rel=\"noopener\">Concours \u2013 Questions d\u2019actualit\u00e9, juin 2025<\/a>\n\t\t\t\t\t\t\t\t<\/li>\n<li class=\"blocFolder__list__li hasThumbnail isAbo\">\n\t\t\t\t\t\t\t\t\t\t\t\t\t\t\t\t\t\t<a href=\"https:\/\/www.lagazettedescommunes.com\/995416\/quiz-questions-dactualite-mai-2025\/\" target=\"_blank\" rel=\"noopener\">Quiz. Questions d\u2019actualit\u00e9, mai 2025<\/a>\n\t\t\t\t\t\t\t\t<\/li>\n<li class=\"blocFolder__list__li hasThumbnail\">\n\t\t\t\t\t\t\t\t\t\t\t\t\t\t\t\t\t\t<a href=\"https:\/\/www.lagazettedescommunes.com\/995493\/concours-les-questions-dactualite-mai-2025\/\" target=\"_blank\" rel=\"noopener\">Concours \u2013 Questions d\u2019actualit\u00e9, mai 2025<\/a>\n\t\t\t\t\t\t\t\t<\/li>\n<li class=\"blocFolder__list__li hasThumbnail isAbo\">\n\t\t\t\t\t\t\t\t\t\t\t\t\t\t\t\t\t\t<a href=\"https:\/\/www.lagazettedescommunes.com\/986497\/quiz-questions-dactualite-avril-2025\/\" target=\"_blank\" rel=\"noopener\">Quiz. Questions d\u2019actualit\u00e9, avril 2025<\/a>\n\t\t\t\t\t\t\t\t<\/li>\n<li class=\"blocFolder__list__li hasThumbnail\">\n\t\t\t\t\t\t\t\t\t\t\t\t\t\t\t\t\t\t<a href=\"https:\/\/www.lagazettedescommunes.com\/986542\/concours-questions-dactualite-avril-2025\/\" target=\"_blank\" rel=\"noopener\">Concours \u2013 Questions d\u2019actualit\u00e9, avril 2025<\/a>\n\t\t\t\t\t\t\t\t<\/li>\n<li class=\"blocFolder__list__li hasThumbnail isAbo\">\n\t\t\t\t\t\t\t\t\t\t\t\t\t\t\t\t\t\t<a href=\"https:\/\/www.lagazettedescommunes.com\/994771\/concours-les-questions-dactualite-juin-2025\/\" target=\"_blank\" rel=\"noopener\">Quiz. Questions d\u2019actualit\u00e9, mars 2025<\/a>\n\t\t\t\t\t\t\t\t<\/li>\n<li class=\"blocFolder__list__li hasThumbnail\">\n\t\t\t\t\t\t\t\t\t\t\t\t\t\t\t\t\t\t<a href=\"https:\/\/www.lagazettedescommunes.com\/994783\/concours-questions-dactualite-mars-2025\/\" target=\"_blank\" rel=\"noopener\">Concours \u2013 Questions d\u2019actualit\u00e9, mars 2025<\/a>\n\t\t\t\t\t\t\t\t<\/li>\n<li class=\"blocFolder__list__li hasThumbnail isAbo\">\n\t\t\t\t\t\t\t\t\t\t\t\t\t\t\t\t\t\t<a href=\"https:\/\/www.lagazettedescommunes.com\/977034\/quiz-questions-dactualite-fevrier-2025\/\" target=\"_blank\" rel=\"noopener\">Quiz. Questions d\u2019actualit\u00e9, f\u00e9vrier 2025<\/a>\n\t\t\t\t\t\t\t\t<\/li>\n<li class=\"blocFolder__list__li hasThumbnail\">\n\t\t\t\t\t\t\t\t\t\t\t\t\t\t\t\t\t\t<a href=\"https:\/\/www.lagazettedescommunes.com\/978461\/concours-questions-dactualite-fevrier-2025\/\" target=\"_blank\" rel=\"noopener\">Concours \u2013 Questions d\u2019actualit\u00e9, f\u00e9vrier 2025<\/a>\n\t\t\t\t\t\t\t\t<\/li>\n<li class=\"blocFolder__list__li hasThumbnail isAbo\">\n\t\t\t\t\t\t\t\t\t\t\t\t\t\t\t\t\t\t<a href=\"https:\/\/www.lagazettedescommunes.com\/976804\/quiz-questions-dactualite-janvier-2025\/\" target=\"_blank\" rel=\"noopener\">Quiz. Questions d\u2019actualit\u00e9, janvier 2025<\/a>\n\t\t\t\t\t\t\t\t<\/li>\n<li class=\"blocFolder__list__li hasThumbnail\">\n\t\t\t\t\t\t\t\t\t\t\t\t\t\t\t\t\t\t<a href=\"https:\/\/www.lagazettedescommunes.com\/978287\/concours-questions-dactualite-janvier-2025\/\" target=\"_blank\" rel=\"noopener\">Concours \u2013 Questions d\u2019actualit\u00e9, janvier 2025<\/a>\n\t\t\t\t\t\t\t\t<\/li>\n<\/ol>\n<p class=\"blocFolder__bottomLink\">\n\t\t\t\t\t\t\t\t\t\t\t<a href=\"https:\/\/www.lagazettedescommunes.com\/rubriques\/fiches-de-revision\/\" target=\"_blank\" rel=\"noopener\">Fiches de r\u00e9vision<\/a> \u2022<br \/>\n\t\t\t\t\t\t\t\t\t\t<a href=\"https:\/\/www.lagazettedescommunes.com\/dossiers\/concours-questions-dactualite-2025\/\" target=\"_blank\" rel=\"noopener\">Accueil du dossier<\/a>\n\t\t\t\t<\/p>\n","protected":false},"excerpt":{"rendered":"Accessibles \u00e0 tous nos abonn\u00e9s, les \u00ab\u00a0Questions d\u2019actualit\u00e9\u00a0\u00bb\u00a0s\u2019adressent principalement aux candidats des concours de la fonction publique territoriale.\u00a0&hellip;\n","protected":false},"author":2,"featured_media":614924,"comment_status":"","ping_status":"","sticky":false,"template":"","format":"standard","meta":{"footnotes":""},"categories":[1586],"tags":[11,72572,31801,72576,72571,1777,674,9101,1779,72573,72577,1011,27,12,25,23952,72574,1778,364,72575],"class_list":{"0":"post-614923","1":"post","2":"type-post","3":"status-publish","4":"format-standard","5":"has-post-thumbnail","7":"category-europe","8":"tag-actualites","9":"tag-concours-articles","10":"tag-concours-fonction-publique","11":"tag-concours-questions-dactualite-2025","12":"tag-emploi-carriere","13":"tag-eu","14":"tag-europe","15":"tag-europe-2","16":"tag-european-union","17":"tag-fiches-de-revision","18":"tag-filiere-administrative","19":"tag-fr","20":"tag-france","21":"tag-news","22":"tag-republique-francaise","23":"tag-ressources","24":"tag-ressources-fiches-de-revision","25":"tag-ue","26":"tag-union-europeenne","27":"tag-vbouhour"},"share_on_mastodon":{"url":"https:\/\/pubeurope.com\/@fr\/115760742070829277","error":""},"_links":{"self":[{"href":"https:\/\/www.europesays.com\/fr\/wp-json\/wp\/v2\/posts\/614923","targetHints":{"allow":["GET"]}}],"collection":[{"href":"https:\/\/www.europesays.com\/fr\/wp-json\/wp\/v2\/posts"}],"about":[{"href":"https:\/\/www.europesays.com\/fr\/wp-json\/wp\/v2\/types\/post"}],"author":[{"embeddable":true,"href":"https:\/\/www.europesays.com\/fr\/wp-json\/wp\/v2\/users\/2"}],"replies":[{"embeddable":true,"href":"https:\/\/www.europesays.com\/fr\/wp-json\/wp\/v2\/comments?post=614923"}],"version-history":[{"count":0,"href":"https:\/\/www.europesays.com\/fr\/wp-json\/wp\/v2\/posts\/614923\/revisions"}],"wp:featuredmedia":[{"embeddable":true,"href":"https:\/\/www.europesays.com\/fr\/wp-json\/wp\/v2\/media\/614924"}],"wp:attachment":[{"href":"https:\/\/www.europesays.com\/fr\/wp-json\/wp\/v2\/media?parent=614923"}],"wp:term":[{"taxonomy":"category","embeddable":true,"href":"https:\/\/www.europesays.com\/fr\/wp-json\/wp\/v2\/categories?post=614923"},{"taxonomy":"post_tag","embeddable":true,"href":"https:\/\/www.europesays.com\/fr\/wp-json\/wp\/v2\/tags?post=614923"}],"curies":[{"name":"wp","href":"https:\/\/api.w.org\/{rel}","templated":true}]}}