{"id":614925,"date":"2025-12-22T01:58:17","date_gmt":"2025-12-22T01:58:17","guid":{"rendered":"https:\/\/www.europesays.com\/fr\/614925\/"},"modified":"2025-12-22T01:58:17","modified_gmt":"2025-12-22T01:58:17","slug":"sept-a-huit-life-du-dimanche-21-decembre-2025-tf1","status":"publish","type":"post","link":"https:\/\/www.europesays.com\/fr\/614925\/","title":{"rendered":"Sept \u00e0 huit Life du dimanche 21 d\u00e9cembre 2025 &#8211; TF1+"},"content":{"rendered":"<ol>\n<li><a href=\"https:\/\/news.google.com\/rss\/articles\/CBMiowFBVV95cUxOMDMzZWo1OU1yMFhyWUh6QUFLWDY3NG5YRlBsTTVnXzByZ3c5X3NpUjJnU0tUX3ltRTZQM1lpQTFrUFF3QmxSN0cxMHJJZFFMMlB5dU1XTUtrM05TRXNMTDJjZ0FqRFRCaHBNUXZXS2ZiRUJkTjRPRExXZjNhNmtnNUpmNno3NTBaelFkTmx6b0hsOHktblZZUklPWjNTWlZ4SVlF?oc=5\" target=\"_blank\" rel=\"noopener\">Sept \u00e0 huit Life du dimanche 21 d\u00e9cembre 2025<\/a>&nbsp;&nbsp;TF1+<\/li>\n<li><a href=\"https:\/\/news.google.com\/rss\/articles\/CBMivwJBVV95cUxOY0JVdjNNNnIySU1rMFNGSlZqRlRoOURVZjRXM3RyVDRDNnh0MjdfbmJlWm52WGgzUmRFdnNDRE9BZzhrS3lSeTMzd0hIQ3lnRlpFTl9DMGk1cnZFZm9EV1BJV0xxNUFNZmJFamJRaXR3cjFQTFJ0TFBCU3VfY3RCTTQzbUpXckJkbGdhajN3RjdKNWZDV2l4Nm9pWnVTOEVSM2plX05xMTR6TGpDeUtJZC10QWJBdE1IVGJseWt1TUpuYklQZ3VsSXNidGxISTBWd2RWQXRndlVVWk9KbXlIbUtNdGtZMnE0OVZzNlJmbDAwYjdDaFVIeHhfRDRCRzZnQ2NlS1dNakFmRmhsNXY3bHdBdDVkVG9IbVBWdW5XcnhQb3drWU1mWEZ5b1p4eHV0UF9IdUZMc3V2c1BfaHhJ?oc=5\" target=\"_blank\" rel=\"noopener\">La touchante H\u00e9m\u00e9r\u00e9, atteinte d&rsquo;une maladie rare, donne de ses nouvelles dans \u00ab\u00a0Sept \u00e0 Huit\u00a0\u00bb<\/a>&nbsp;&nbsp;TF1 Info<\/li>\n<li><a href=\"https:\/\/news.google.com\/rss\/articles\/CBMiwgFBVV95cUxQd1lGQ21uM3JHTnF4elNoTER2bWdJUXg5RFc1ZjJYaFZTbmk2aWlQSk1LVkJLTUJSSXhURVRDTGY2N25lY0xDbmZvMzk3TURLdENGenNwZ0VxV3pyNGZoNnJWV0h2akIyU0JqeVZwVW9kc1lpTFJEQlhHOHQyR3prNFd2XzlSSGdKMDFxMFdvZWFRU0lkd1V3NTdOU0ZNWC1sNTFxMVFhMDhZU0Q1MTdLWnFxTmJUXzdnWldaeWQ0M3NQUQ?oc=5\" target=\"_blank\" rel=\"noopener\">H\u00e9m\u00e9r\u00e9 (Sept \u00e0 huit) : de quelle maladie est atteinte la petite fille de 11 ans ?<\/a>&nbsp;&nbsp;Closer<\/li>\n<li><a href=\"https:\/\/news.google.com\/rss\/articles\/CBMi4gFBVV95cUxQcWllRnNaRDNqTUdUZ0ZiYkVnbWZWVzN0ZEFiWlhsRGpiRl9wTUQ4eWxhdllsTVdzUU5CU0tHb1VWaklRbDA1RVFjVWdEaWpfMVZlVjdKSGZ2N0dZSXBEc1RWdmJYcnkzWU5BaHBFWUwzLVFtQzEyMHA1UHJrdkFDWnQycVFGbDBMOU5wcDN4ZnlYNGZpTTMyMEpsMS1IeWFuTE5YUTduSXVEMUxKY01XWTVQY0E1RFlfYmVvUUZtV0ZQRWJsVDFKbkY2LW5EclFiazlHdGxPcTktYWRtbDhrVWJR?oc=5\" target=\"_blank\" rel=\"noopener\">H\u00e9m\u00e9r\u00e9, atteinte de la maladie des os de verre, portrait de la semaine d&rsquo;Audrey Crespo-Mara ce soir dans Sept \u00e0 Huit.<\/a>&nbsp;&nbsp;LeBlogTVNews<\/li>\n<li><a href=\"https:\/\/news.google.com\/rss\/articles\/CBMiuwFBVV95cUxPS3owUU9Oa0d6c1NMcl9TWXpVRkFoQ05DN09OallXdEdWWWlUYXVIMVR1NFhNNktVS0tBUVdfbS15aDdwWmFnRnhGcWlHaG5QdFlaZ3VDVFhCWWhvUWlRakxXNXdYOHdrZGZTemFaUG42dkVzSGpvVG9wVnFRaVBWdTIxNFF2dUVjWS1vdXNzR3g2RWhtd29TWlA5aXVOME1HVWFNVDViRkowSDhPd3pFcTZ0bjFKcjdWelpB?oc=5\" target=\"_blank\" rel=\"noopener\">Quels sujets sont abord\u00e9s dans Sept \u00e0 Huit et 66 Minutes ce dimanche 21 d\u00e9cembre ?<\/a>&nbsp;&nbsp;Diverto<\/li>\n<\/ol>\n","protected":false},"excerpt":{"rendered":"Sept \u00e0 huit Life du dimanche 21 d\u00e9cembre 2025&nbsp;&nbsp;TF1+ La touchante H\u00e9m\u00e9r\u00e9, atteinte d&rsquo;une maladie rare, donne de&hellip;\n","protected":false},"author":2,"featured_media":614926,"comment_status":"","ping_status":"","sticky":false,"template":"","format":"standard","meta":{"footnotes":""},"categories":[2],"tags":[11,2889,38899,72579,44667,1011,27,12,25,17978,38900,72580,72585,72589,72578,72586,72590,72583,72582,72587,72588,22917,72584,22916,72581],"class_list":{"0":"post-614925","1":"post","2":"type-post","3":"status-publish","4":"format-standard","5":"has-post-thumbnail","7":"category-actualites","8":"tag-actualites","9":"tag-emission","10":"tag-emission-sept-a-huit","11":"tag-emission-sept-a-huit-tf1","12":"tag-emission-tf1","13":"tag-fr","14":"tag-france","15":"tag-news","16":"tag-republique-francaise","17":"tag-sept-a-huit","18":"tag-sept-a-huit-emission","19":"tag-sept-a-huit-emission-tf1","20":"tag-sept-a-huit-streaming","21":"tag-sept-a-huit-streaming-gratuit","22":"tag-sept-a-huit-tf1","23":"tag-sept-a-huit-tf1-streaming","24":"tag-sept-a-huit-tf1-streaming-gratuit","25":"tag-sept-a-huit-tf1-video","26":"tag-sept-a-huit-video","27":"tag-streaming-gratuit-sept-a-huit","28":"tag-streaming-gratuit-sept-a-huit-tf1","29":"tag-streaming-sept-a-huit","30":"tag-streaming-sept-a-huit-tf1","31":"tag-video-sept-a-huit","32":"tag-video-sept-a-huit-tf1"},"share_on_mastodon":{"url":"","error":"Validation failed: Text character limit of 500 exceeded"},"_links":{"self":[{"href":"https:\/\/www.europesays.com\/fr\/wp-json\/wp\/v2\/posts\/614925","targetHints":{"allow":["GET"]}}],"collection":[{"href":"https:\/\/www.europesays.com\/fr\/wp-json\/wp\/v2\/posts"}],"about":[{"href":"https:\/\/www.europesays.com\/fr\/wp-json\/wp\/v2\/types\/post"}],"author":[{"embeddable":true,"href":"https:\/\/www.europesays.com\/fr\/wp-json\/wp\/v2\/users\/2"}],"replies":[{"embeddable":true,"href":"https:\/\/www.europesays.com\/fr\/wp-json\/wp\/v2\/comments?post=614925"}],"version-history":[{"count":0,"href":"https:\/\/www.europesays.com\/fr\/wp-json\/wp\/v2\/posts\/614925\/revisions"}],"wp:featuredmedia":[{"embeddable":true,"href":"https:\/\/www.europesays.com\/fr\/wp-json\/wp\/v2\/media\/614926"}],"wp:attachment":[{"href":"https:\/\/www.europesays.com\/fr\/wp-json\/wp\/v2\/media?parent=614925"}],"wp:term":[{"taxonomy":"category","embeddable":true,"href":"https:\/\/www.europesays.com\/fr\/wp-json\/wp\/v2\/categories?post=614925"},{"taxonomy":"post_tag","embeddable":true,"href":"https:\/\/www.europesays.com\/fr\/wp-json\/wp\/v2\/tags?post=614925"}],"curies":[{"name":"wp","href":"https:\/\/api.w.org\/{rel}","templated":true}]}}