{"id":614927,"date":"2025-12-22T01:59:16","date_gmt":"2025-12-22T01:59:16","guid":{"rendered":"https:\/\/www.europesays.com\/fr\/614927\/"},"modified":"2025-12-22T01:59:16","modified_gmt":"2025-12-22T01:59:16","slug":"310-metres-de-long-80-000-tonnes-macron-donne-son-feu-vert-pour-la-construction-dun-nouveau-porte-avions","status":"publish","type":"post","link":"https:\/\/www.europesays.com\/fr\/614927\/","title":{"rendered":"310 m\u00e8tres de long, 80.000 tonnes\u2026 Macron donne son feu vert pour la construction d\u2019un nouveau porte-avions"},"content":{"rendered":"<p>Un chantier pharamineux. Emmanuel Macron a donn\u00e9 ce dimanche le coup d\u2019envoi de la <a href=\"https:\/\/www.20minutes.fr\/monde\/russie\/4185441-20251116-russie-pourquoi-moscou-tourne-dos-porte-mise-casse-admiral-kouznetsov\" target=\"_blank\" class=\"c-link c-link--is-underlined\" rel=\"noopener\">construction du futur porte-avions<\/a> destin\u00e9 \u00e0 remplacer le Charles De Gaulle. \u00ab\u00a0Ce <a href=\"https:\/\/www.20minutes.fr\/marseille\/4166704-20250805-plus-grand-porte-monde-fait-escale-cinq-jours-marseille\" target=\"_blank\" class=\"c-link c-link--is-underlined\" rel=\"noopener\">nouveau porte-avions<\/a> sera l\u2019illustration de la puissance de notre nation, puissance de l\u2019industrie, de la technique, puissance au service de la libert\u00e9 sur les mers et dans les remous du temps\u00a0\u00bb, a-t-il assur\u00e9. Il doit entrer en service en\u00a02038<\/p>\n<p>L\u2019annonce du lancement officiel de la construction \u00e9tait tr\u00e8s attendue malgr\u00e9 l\u2019impasse budg\u00e9taire dans laquelle se trouve le gouvernement, alors que le mur d\u2019investissements n\u00e9cessaires et l\u2019\u00e9volution des menaces mettent le projet sous pression. \u00ab\u00a0Conform\u00e9ment aux deux derni\u00e8res lois de programmation militaire, et apr\u00e8s un examen complet et minutieux, j\u2019ai d\u00e9cid\u00e9 de <a href=\"https:\/\/www.20minutes.fr\/monde\/ukraine\/4175434-20250929-pologne-roumanie-estonie-groenland-missions-armee-francaise-multiplient-compte-otan\" target=\"_blank\" class=\"c-link c-link--is-underlined\" rel=\"noopener\">doter la France d\u2019un nouveau porte-avions\u00a0<\/a>\u00bb, a annonc\u00e9 le chef de l\u2019Etat fran\u00e7ais lors du No\u00ebl avec les troupes \u00e0 Abou Dhabi.<\/p>\n<p>310 m\u00e8tres de long, 80.000 tonnes<\/p>\n<p>Lui aussi \u00e0 propulsion nucl\u00e9aire, le nouveau porte-avions sera beaucoup plus massif que l\u2019actuel. Il fera pr\u00e8s de 80.000 tonnes pour environ 310 m\u00e8tres de long, contre 42.000 tonnes pour 261 m\u00e8tres pour le Charles De Gaulle. Avec un \u00e9quipage de 2.000 marins, il pourra embarquer 30 avions de combat. Le risque d\u2019un \u00ab\u00a0choc dans trois, quatre ans\u00a0\u00bb face \u00e0 la Russie \u00e9voqu\u00e9 par les arm\u00e9es fait craindre que les budgets ne filent vers des priorit\u00e9s plus pressantes.<\/p>\n<\/p>\n<p>De r\u00e9cents propos du <a href=\"https:\/\/www.20minutes.fr\/monde\/ukraine\/4187039-20251121-guerre-ukraine-enfants-iront-combattre-mourir-ukraine-promet-gouvernement\" target=\"_blank\" class=\"c-link c-link--is-underlined\" rel=\"noopener\">chef d\u2019\u00e9tat-major des arm\u00e9es, le g\u00e9n\u00e9ral Fabien Mandon<\/a>, jugeant qu\u2019on \u00ab\u00a0ne peut pas se contenter de reproduire un outil qui a \u00e9t\u00e9 con\u00e7u \u00e0 la moiti\u00e9 du si\u00e8cle dernier\u00a0\u00bb, semblent mettre aussi en question le concept du porte-avions. Le g\u00e9n\u00e9ral a notamment soulign\u00e9 le \u00ab\u00a0besoin de permanence \u00e0 la mer\u00a0\u00bb du b\u00e2timent et sa capacit\u00e9 d\u2019emport de \u00ab\u00a0drones de tous types\u00a0\u00bb.<\/p>\n<p>Un seul b\u00e2timent, en l\u2019occurence le Charles De Gaulle, est disponible 65\u00a0% du temps, selon la Marine. Un d\u00e9calage de la construction et donc de l\u2019entr\u00e9e en service de son successeur laisserait la Marine sans porte-avions. Une \u00e9tude men\u00e9e \u00e0 l\u2019occasion du prochain arr\u00eat technique majeur du Charles De Gaulle permettra de dire en\u00a02029 si le b\u00e2timent peut \u00eatre prolong\u00e9 de quelques ann\u00e9es au-del\u00e0 de\u00a02038, en fonction de l\u2019\u00e9tat de ses chaufferies nucl\u00e9aires et de sa structure.<\/p>\n","protected":false},"excerpt":{"rendered":"Un chantier pharamineux. Emmanuel Macron a donn\u00e9 ce dimanche le coup d\u2019envoi de la construction du futur porte-avions&hellip;\n","protected":false},"author":2,"featured_media":614928,"comment_status":"","ping_status":"","sticky":false,"template":"","format":"standard","meta":{"footnotes":""},"categories":[2],"tags":[47,11,554,1011,27,131,6128,12,316,25,132],"class_list":{"0":"post-614927","1":"post","2":"type-post","3":"status-publish","4":"format-standard","5":"has-post-thumbnail","7":"category-actualites","8":"tag-actualite","9":"tag-actualites","10":"tag-defense","11":"tag-fr","12":"tag-france","13":"tag-guerre-en-ukraine","14":"tag-marine","15":"tag-news","16":"tag-politique","17":"tag-republique-francaise","18":"tag-russie"},"share_on_mastodon":{"url":"https:\/\/pubeurope.com\/@fr\/115760749931221753","error":""},"_links":{"self":[{"href":"https:\/\/www.europesays.com\/fr\/wp-json\/wp\/v2\/posts\/614927","targetHints":{"allow":["GET"]}}],"collection":[{"href":"https:\/\/www.europesays.com\/fr\/wp-json\/wp\/v2\/posts"}],"about":[{"href":"https:\/\/www.europesays.com\/fr\/wp-json\/wp\/v2\/types\/post"}],"author":[{"embeddable":true,"href":"https:\/\/www.europesays.com\/fr\/wp-json\/wp\/v2\/users\/2"}],"replies":[{"embeddable":true,"href":"https:\/\/www.europesays.com\/fr\/wp-json\/wp\/v2\/comments?post=614927"}],"version-history":[{"count":0,"href":"https:\/\/www.europesays.com\/fr\/wp-json\/wp\/v2\/posts\/614927\/revisions"}],"wp:featuredmedia":[{"embeddable":true,"href":"https:\/\/www.europesays.com\/fr\/wp-json\/wp\/v2\/media\/614928"}],"wp:attachment":[{"href":"https:\/\/www.europesays.com\/fr\/wp-json\/wp\/v2\/media?parent=614927"}],"wp:term":[{"taxonomy":"category","embeddable":true,"href":"https:\/\/www.europesays.com\/fr\/wp-json\/wp\/v2\/categories?post=614927"},{"taxonomy":"post_tag","embeddable":true,"href":"https:\/\/www.europesays.com\/fr\/wp-json\/wp\/v2\/tags?post=614927"}],"curies":[{"name":"wp","href":"https:\/\/api.w.org\/{rel}","templated":true}]}}