{"id":614931,"date":"2025-12-22T02:08:13","date_gmt":"2025-12-22T02:08:13","guid":{"rendered":"https:\/\/www.europesays.com\/fr\/614931\/"},"modified":"2025-12-22T02:08:13","modified_gmt":"2025-12-22T02:08:13","slug":"il-etait-le-plus-fort-aujourdhui-paul-francois-jutel-prend-sa-revanche-sur-louis-tanguy-lors-de-la-coupe-de-bretagne-de-cyclo-cross-a-ergue-gaberic","status":"publish","type":"post","link":"https:\/\/www.europesays.com\/fr\/614931\/","title":{"rendered":"\u00ab\u00a0Il \u00e9tait le plus fort aujourd\u2019hui\u00a0\u00bb\u00a0: Paul-Fran\u00e7ois Jutel prend sa revanche sur Louis Tanguy lors de la Coupe de Bretagne de cyclo-cross \u00e0\u00a0Ergu\u00e9-Gab\u00e9ric"},"content":{"rendered":"<p>Coupe de Bretagne (3e manche), \u00e0 Ergu\u00e9-Gab\u00e9ric<\/p>\n<p>La troisi\u00e8me manche de la Coupe de Bretagne de cyclo-cross a pris la forme d\u2019un match revanche entre Paul-Fran\u00e7ois Jutel (Veloplaiz) et<a href=\"https:\/\/www.letelegramme.fr\/sports\/cyclisme\/cyclo-cross\/un-match-a-trois-en-vue-lors-de-la-coupe-de-bretagne-de-cyclo-cross-a-ergue-gaberic-6951920.php\" target=\"_blank\" rel=\"noopener\"> Louis Tanguy<\/a> (Ardennes Cross Team) qui s\u2019\u00e9tait d\u00e9j\u00e0 affront\u00e9 la veille \u00e0 Lannion. Sur un circuit technique, Paul Fran\u00e7ois Jutel a cette fois pu s\u2019isoler au deuxi\u00e8me tour et maintenir une avance d\u2019une vingtaine de secondes avant de s\u2019imposer devant Louis Tanguy.<\/p>\n<p>\u00ab Rester concentr\u00e9 \u00bb<\/p>\n<p>C\u2019est pourtant Matt\u00e9o Garnier (VCP Loud\u00e9ac) qui a \u00e9t\u00e9 le plus vif au d\u00e9part en entra\u00eenant dans son sillage Jutel et Tanguy. Le trio a rapidement pris le large. Jutel passa ensuite en t\u00eate au deuxi\u00e8me tour. \u00ab J\u2019ai ador\u00e9 ce super circuit, je me sentais bien et j\u2019ai senti que Louis ne passait plus de relais. J\u2019ai donc acc\u00e9l\u00e9r\u00e9 \u00bb. Appliqu\u00e9 dans son pilotage, Jutel a vite creus\u00e9 une dizaine de secondes. \u00ab Il fallait rester concentr\u00e9 et ne pas faire d\u2019erreurs. J\u2019ai ensuite g\u00e9r\u00e9 mon avance \u00bb commentait celui qui est aussi leader de la Coupe de Bretagne de cyclo-cross.<\/p>\n<p>Louis Tanguy battu<\/p>\n<p>Pourtant batailleur, Louis Tanguy n\u2019a jamais pu refaire son retard. \u00ab On avait tous les deux la course de Lannion dans les jambes et je pense que Paulo avait mieux r\u00e9cup\u00e9r\u00e9 que moi. J\u2019ai bien essay\u00e9 de revenir, j\u2019ai donn\u00e9 tout ce que j\u2019avais mais il \u00e9tait tout simplement le plus fort aujourd\u2019hui \u00bb, reconnaissait le coureur U23 qui vivra, comme Jutel, un d\u00e9placement en Belgique la semaine prochaine, notamment sur les courses de Diegem et Loenhout. Derri\u00e8re le duo, Matt\u00e9o Garnier a pris la troisi\u00e8me place loin devant Quentin Pouly. C\u00f4t\u00e9 f\u00e9minin, la U19 Camille Basset (VCP Loud\u00e9ac) a aussi v\u00e9cu une belle lutte avant de s\u2019imposer devant la U23 L\u00e9a Coraboeuf (AC Lanester).<\/p>\n<p class=\"titre-tech\">La fiche technique<\/p>\n<p class=\"tech\"><strong class=\"tech\">Elites-U23.<\/strong> 1. Paul Fran\u00e7ois Jutel (Veloplaiz) ; 2. L. Tanguy (ACT Cycling) ; 3. M. Garnier (VCP Lod\u00e9ac) ; 4. Q. Pouly (VC Evron) ; 5. E. Guerillon (Team Sprint Energy) ; 6. T. Huby (CC Uzel) ; 7. A. Guezingar (VS Quimper) ; 8. N. David (CC Ergu\u00e9-Gab\u00e9ric) ; 9. C. Loridan (Morlaix CP) ; 10. Y. Batteux (US Vern) ; 11. G. Ollivier (TSE) ; 12. E. Sivignon (Team Oxyg\u00e8ne) ; 13. M. Carriou (UC Quimperl\u00e9) ; 14. E. Premel (AC Gouesnou) ; 15. T. Carriou (UCQ).<\/p>\n<p class=\"tech\"><strong class=\"tech\">Elites-U23-U19 femmes. <\/strong>1. Camille Basset (VCP Loud\u00e9ac) ; 2. L. Coraboeuf (AC Lanester) ; 3. A. Rigaux (Team Sprint Energy) ; 4. T. Yannic (EC Landerneau) ; 5. C. Pottier (VC Evron).<\/p>\n<p class=\"tech\"><strong class=\"tech\">U19 hommes. <\/strong>1. Ewen Gaillard (AC Noyal-Ch\u00e2tillon) ; 2. V. Pasco (VS Quimper) ; 3. N. Chemill\u00e9 (OC Locmin\u00e9) ; 4. N. Jestin (VS Drennec) ; 5. M. Le Pallec (OCL).<\/p>\n<p class=\"tech\"><strong class=\"tech\">U17 gar\u00e7ons.<\/strong> 1. Enzo Conan (VS Sca\u00ebr) ; 2. N. Balbous (VS Quimper) ; 3. T. Colin (VSQ) ; 4. R. Calvez (VSQ) ; 5. T. Bourbigot (CC Ergu\u00e9-Gab\u00e9ric).<\/p>\n<p class=\"tech\"><strong class=\"tech\">U17 filles. <\/strong>1. Lana Le Guilloux (OC Locmin\u00e9) ; 2. L. Lohezic Le Pallec (Breizh BK) ; 3. C. Kleinclauss (Mo\u00eblan CC) ; 4. A. Chedaleux (V\u00e9loce Vannes) ; 5. M. Sala\u00fcn (CC Ergu\u00e9-Gab\u00e9ric).<\/p>\n","protected":false},"excerpt":{"rendered":"Coupe de Bretagne (3e manche), \u00e0 Ergu\u00e9-Gab\u00e9ric La troisi\u00e8me manche de la Coupe de Bretagne de cyclo-cross a&hellip;\n","protected":false},"author":2,"featured_media":614932,"comment_status":"","ping_status":"","sticky":false,"template":"","format":"standard","meta":{"footnotes":""},"categories":[1411],"tags":[1154,207,6159,59294,3166,25075,1011,27,60],"class_list":{"0":"post-614931","1":"post","2":"type-post","3":"status-publish","4":"format-standard","5":"has-post-thumbnail","7":"category-cyclisme","8":"tag-cycling","9":"tag-cyclisme","10":"tag-cyclisme-amateurs","11":"tag-cyclo-cross","12":"tag-en-continu-sports","13":"tag-ergue-gaberic","14":"tag-fr","15":"tag-france","16":"tag-sports"},"share_on_mastodon":{"url":"https:\/\/pubeurope.com\/@fr\/115760785260635204","error":""},"_links":{"self":[{"href":"https:\/\/www.europesays.com\/fr\/wp-json\/wp\/v2\/posts\/614931","targetHints":{"allow":["GET"]}}],"collection":[{"href":"https:\/\/www.europesays.com\/fr\/wp-json\/wp\/v2\/posts"}],"about":[{"href":"https:\/\/www.europesays.com\/fr\/wp-json\/wp\/v2\/types\/post"}],"author":[{"embeddable":true,"href":"https:\/\/www.europesays.com\/fr\/wp-json\/wp\/v2\/users\/2"}],"replies":[{"embeddable":true,"href":"https:\/\/www.europesays.com\/fr\/wp-json\/wp\/v2\/comments?post=614931"}],"version-history":[{"count":0,"href":"https:\/\/www.europesays.com\/fr\/wp-json\/wp\/v2\/posts\/614931\/revisions"}],"wp:featuredmedia":[{"embeddable":true,"href":"https:\/\/www.europesays.com\/fr\/wp-json\/wp\/v2\/media\/614932"}],"wp:attachment":[{"href":"https:\/\/www.europesays.com\/fr\/wp-json\/wp\/v2\/media?parent=614931"}],"wp:term":[{"taxonomy":"category","embeddable":true,"href":"https:\/\/www.europesays.com\/fr\/wp-json\/wp\/v2\/categories?post=614931"},{"taxonomy":"post_tag","embeddable":true,"href":"https:\/\/www.europesays.com\/fr\/wp-json\/wp\/v2\/tags?post=614931"}],"curies":[{"name":"wp","href":"https:\/\/api.w.org\/{rel}","templated":true}]}}