{"id":614937,"date":"2025-12-22T02:13:18","date_gmt":"2025-12-22T02:13:18","guid":{"rendered":"https:\/\/www.europesays.com\/fr\/614937\/"},"modified":"2025-12-22T02:13:18","modified_gmt":"2025-12-22T02:13:18","slug":"edition-du-dimanche-21-decembre-2025-en-replay-journal-20h00-france-tv","status":"publish","type":"post","link":"https:\/\/www.europesays.com\/fr\/614937\/","title":{"rendered":"\u00c9dition du dimanche 21 d\u00e9cembre 2025 en replay &#8211; Journal 20h00 &#8211; France TV"},"content":{"rendered":"<ol>\n<li><a href=\"https:\/\/news.google.com\/rss\/articles\/CBMimgFBVV95cUxQbGxmT2pGbjF5Vll1ZElxcHoydGttbFRrcjRQOUJzVlBDOVNaXzZnYlFvOHJFSV9BenNJa05INVhIcHhCTy1pdjhqTHVvMEM5cjAtdnNqSUZzV3J3NmNkbE1nXy1UUjVoeHBRMy1VUVh4Z09McUV2Qm5vSWJQcDVfZEVSTXNzN2lYX0ZZZkVxSmtxQmVfM2JpVmNR?oc=5\" target=\"_blank\" rel=\"noopener\">\u00c9dition du dimanche 21 d\u00e9cembre 2025 en replay &#8211; Journal 20h00<\/a>&nbsp;&nbsp;France TV<\/li>\n<li><a href=\"https:\/\/news.google.com\/rss\/articles\/CBMiYEFVX3lxTFBDb2hEbGNzM0JDWDlGeHhXWjB6WFNOal9KUFdsWElMZTd1MjBzaV9LQWU5X25GcXhzN243TzMzamZjX2Z3STFvekl2SHliTzJmTEdlZi1fRWVteUFYLUhNUQ?oc=5\" target=\"_blank\" rel=\"noopener\">Les articles du dimanche 21 d\u00e9cembre 2025<\/a>&nbsp;&nbsp;Le Parisien<\/li>\n<li><a href=\"https:\/\/news.google.com\/rss\/articles\/CBMiwgFBVV95cUxPa2tjd2RTeFJXTU4wbnp0X3NBaERWS2xzX1JaS1VXU3lvSE1pUmRQclRlVEk3SXVqWjNlN01OeHI1STN0bXREbmo3cTU4VVg1VkJYU1NXSEtzSXlNZE1NSnFtRWlucnl4WEN2OExWdXZlQTlKRlp5aFhFU24yc1NFZmhFUDI1eS03OXM2dFk4aGVkdDgzalZYZkVqOWxLeXhheXJCVnJfWW55ZnhLREZPUFlzbTVXNksySnN6QkZacHhxUQ?oc=5\" target=\"_blank\" rel=\"noopener\">La une des quotidiens nationaux et hebdos d&rsquo;actualit\u00e9 ce dimanche 21 d\u00e9cembre 2025.<\/a>&nbsp;&nbsp;LeBlogTVNews<\/li>\n<li><a href=\"https:\/\/news.google.com\/rss\/articles\/CBMirwFBVV95cUxNN2lLSzU3WXVYaWZGamtmMkcyNHVsSlE0Mm9zYXE5R1JfNHdRbjRIa0UwZ1hvTHB4TVQyM3lOcE1faVJ5ajRWUEYzU2dScTF4Z3hvUmZtakJQbkM0bmxrSS1PT0JRRGlxd0lQU1NqZ0FQQ3pHS3hXSFJGOExheUZ5eXY5OHoyQm5NMTFmUzVtTlFQUy1zYnZGc1FmVko0V3VIeVlnY0xITjJ3Z2gxbmww?oc=5\" target=\"_blank\" rel=\"noopener\">Le 10h\/12h du dimanche 21 d\u00e9cembre 2025<\/a>&nbsp;&nbsp;Franceinfo<\/li>\n<li><a href=\"https:\/\/news.google.com\/rss\/articles\/CBMiqwFBVV95cUxOT0JhU3lxTUNaUndYXzZBenpGeDB4ODFZMjlFTVE4elRySldadFNCb3ROanVDMzZWVlhGY296elRPUXJ5UTYtVUplSGQzNXFQRHY4S1VPWHJwcnJ4U1Z2MkhoMkI5RWgxOEJpUmFMQzJzN2hzMkJyU3RnQlVuOHhmRUkyWnA0eW5OU3ZmOXhwR0Jxak5WUHhEWE5qdW1iZ3lqM3lPQWtPbm9kclU?oc=5\" target=\"_blank\" rel=\"noopener\">L\u2019info du jour | 21 d\u00e9cembre 2025 &#8211; Mi-journ\u00e9e<\/a>&nbsp;&nbsp;MSN<\/li>\n<\/ol>\n","protected":false},"excerpt":{"rendered":"\u00c9dition du dimanche 21 d\u00e9cembre 2025 en replay &#8211; Journal 20h00&nbsp;&nbsp;France TV Les articles du dimanche 21 d\u00e9cembre&hellip;\n","protected":false},"author":2,"featured_media":614938,"comment_status":"","ping_status":"","sticky":false,"template":"","format":"standard","meta":{"footnotes":""},"categories":[1356],"tags":[58,59,1011,27,252,1364],"class_list":{"0":"post-614937","1":"post","2":"type-post","3":"status-publish","4":"format-standard","5":"has-post-thumbnail","7":"category-television","8":"tag-divertissement","9":"tag-entertainment","10":"tag-fr","11":"tag-france","12":"tag-television","13":"tag-tv"},"share_on_mastodon":{"url":"https:\/\/pubeurope.com\/@fr\/115760804955803651","error":""},"_links":{"self":[{"href":"https:\/\/www.europesays.com\/fr\/wp-json\/wp\/v2\/posts\/614937","targetHints":{"allow":["GET"]}}],"collection":[{"href":"https:\/\/www.europesays.com\/fr\/wp-json\/wp\/v2\/posts"}],"about":[{"href":"https:\/\/www.europesays.com\/fr\/wp-json\/wp\/v2\/types\/post"}],"author":[{"embeddable":true,"href":"https:\/\/www.europesays.com\/fr\/wp-json\/wp\/v2\/users\/2"}],"replies":[{"embeddable":true,"href":"https:\/\/www.europesays.com\/fr\/wp-json\/wp\/v2\/comments?post=614937"}],"version-history":[{"count":0,"href":"https:\/\/www.europesays.com\/fr\/wp-json\/wp\/v2\/posts\/614937\/revisions"}],"wp:featuredmedia":[{"embeddable":true,"href":"https:\/\/www.europesays.com\/fr\/wp-json\/wp\/v2\/media\/614938"}],"wp:attachment":[{"href":"https:\/\/www.europesays.com\/fr\/wp-json\/wp\/v2\/media?parent=614937"}],"wp:term":[{"taxonomy":"category","embeddable":true,"href":"https:\/\/www.europesays.com\/fr\/wp-json\/wp\/v2\/categories?post=614937"},{"taxonomy":"post_tag","embeddable":true,"href":"https:\/\/www.europesays.com\/fr\/wp-json\/wp\/v2\/tags?post=614937"}],"curies":[{"name":"wp","href":"https:\/\/api.w.org\/{rel}","templated":true}]}}