{"id":614939,"date":"2025-12-22T02:14:19","date_gmt":"2025-12-22T02:14:19","guid":{"rendered":"https:\/\/www.europesays.com\/fr\/614939\/"},"modified":"2025-12-22T02:14:19","modified_gmt":"2025-12-22T02:14:19","slug":"air-zen-litterature-radio-de-nouvelles-radios-disponibles-sur-les-ondes-numeriques-bretonnes","status":"publish","type":"post","link":"https:\/\/www.europesays.com\/fr\/614939\/","title":{"rendered":"Air Zen, Litt\u00e9rature Radio&#8230; De nouvelles radios disponibles sur les ondes num\u00e9riques bretonnes"},"content":{"rendered":"<p>Tendance Ouest Bretagne disponible \u00e0 Saint-Brieuc (22)\u00a0; Air Zen, \u00e0 Plo\u00ebrmel (56)\u00a0; Litt\u00e9rature Radio, \u00e0 Vitr\u00e9 (35)&#8230; Le d\u00e9ploiement du DAB + (Digital Audio Broadcasting) se poursuit avec la mise en route de nouveaux \u00e9metteurs en France, depuis le 17 d\u00e9cembre 2025. <\/p>\n<p>Son arriv\u00e9e sur les ondes bretonnes, d\u00e8s 2023, a \u00e9t\u00e9 progressive\u00a0: d\u2019abord, dans zones urbaines, telles que Brest ou Rennes, puis dans les zones rurales et autour des axes routiers. L\u2019offre de stations locales, r\u00e9gionales et nationales continue, donc, de s\u2019\u00e9toffer \u00e0 Morlaix (29), Lannion (22), Perros-Guirrec (22), Concarneau (29), Vitr\u00e9 (35), Lorient, Vannes, Quimper ou encore Plo\u00ebrmel (56), o\u00f9 39 stations suppl\u00e9mentaires sont r\u00e9pertori\u00e9es. \u00c0 Quimperl\u00e9 (29), o\u00f9 le DAB + \u00e9tait inexistant, 26 radios seront disponibles.<\/p>\n<p>Qu\u2019est-ce que le DAB+\u00a0?<\/p>\n<p>Pour rappel, le DAB+ est l\u2019\u00e9quivalent de la TNT pour la t\u00e9l\u00e9vision. Une diffusion par les ondes hertziennes qui \u00ab\u00a0reprend la logique de celle de la FM. Elle reste gratuite et permet une \u00e9coute anonyme, car non connect\u00e9e \u00e0 internet. En compl\u00e9ment, le DAB+ apporte une tr\u00e8s bonne qualit\u00e9 sonore, sur toute la zone couverte. En trajet, vous n\u2019avez pas \u00e0 changer manuellement de fr\u00e9quence, explique Ma\u00eblo Seuret, d\u00e9l\u00e9gu\u00e9 de l\u2019association Ensemble pour le DAB+. Sans oublier la possibilit\u00e9, pour les radios, de partager du contenu visuel\u00a0: pochettes d\u2019album, photos des animateurs, etc.\u00a0\u00bb<\/p>\n<p>Pour \u00e9couter cette radio num\u00e9rique, il faut disposer d\u2019un poste capable de recevoir \u00e0 la fois la FM et le DAB +. En voiture, tous les v\u00e9hicules neufs depuis 2020, en Europe, sont \u00e9quip\u00e9s d\u2019un autoradio disposant d\u2019une r\u00e9ception radio num\u00e9rique. Toutefois, \u00e0 la maison ou dans le v\u00e9hicule, il est possible d\u2019installer des adaptateurs sur les appareils plus anciens.<\/p>\n<p>Une diffusion qui doit encore gagner en notori\u00e9t\u00e9<\/p>\n<p>Ce mode de diffusion est aussi meilleur pour la plan\u00e8te. \u00ab\u00a0L\u00e0, o\u00f9 avec la FM, il y a une fr\u00e9quence pour une radio, en DAB+, vous avez 13 stations sur une fr\u00e9quence, permettant de mutualiser les \u00e9nergies utilis\u00e9es pour l\u2019\u00e9mission\u00a0\u00bb, pr\u00e9cise Ma\u00eblo Seuret.<\/p>\n<p>Une mutualisation qui vient aussi r\u00e9pondre aux \u00ab\u00a0enjeux de saturation des fr\u00e9quences de la FM dans les grands espaces urbains, emp\u00eachant certaines radios de s\u2019implanter\u00a0\u00bb, constate le d\u00e9l\u00e9gu\u00e9 associatif. Et m\u00eame si la diffusion en DAB+ a un co\u00fbt pour les radios &#8211;\u00a0environ 30 millions d\u2019euros, selon l\u2019Arcom, en 2026 -, \u00ab cela reste un bon moyen d\u2019atteindre de nouveaux auditeurs\u00a0\u00bb.<\/p>\n<p>L\u2019objectif affich\u00e9 pour le DAB+ est d\u2019atteindre une couverture de 80\u00a0% de la population d\u2019ici fin 2026 (environ 70\u00a0% aujourd\u2019hui) mais surtout d\u2019accro\u00eetre sa notori\u00e9t\u00e9 aupr\u00e8s des auditeurs, \u00ab\u00a0pass\u00e9e de 20\u00a0% en 2024, \u00e0 35\u00a0% actuellement\u00a0\u00bb, selon Ensemble pour le DAB+.<\/p>\n","protected":false},"excerpt":{"rendered":"Tendance Ouest Bretagne disponible \u00e0 Saint-Brieuc (22)\u00a0; Air Zen, \u00e0 Plo\u00ebrmel (56)\u00a0; Litt\u00e9rature Radio, \u00e0 Vitr\u00e9 (35)&#8230; Le&hellip;\n","protected":false},"author":2,"featured_media":614940,"comment_status":"","ping_status":"","sticky":false,"template":"","format":"standard","meta":{"footnotes":""},"categories":[1355],"tags":[11,829,3322,2171,58,765,59,3321,1011,27,848,5862,1781,3729,2131,1361,873,5864,14972,3319,11878,4937,3165],"class_list":{"0":"post-614939","1":"post","2":"type-post","3":"status-publish","4":"format-standard","5":"has-post-thumbnail","7":"category-musique","8":"tag-actualites","9":"tag-bretagne","10":"tag-concarneau","11":"tag-cotes-darmor","12":"tag-divertissement","13":"tag-en-continu","14":"tag-entertainment","15":"tag-finistere","16":"tag-fr","17":"tag-france","18":"tag-ille-et-vilaine","19":"tag-lannion","20":"tag-lorient","21":"tag-morbihan","22":"tag-morlaix","23":"tag-music","24":"tag-musique","25":"tag-perros-guirec","26":"tag-ploermel","27":"tag-quimper","28":"tag-quimperle","29":"tag-saint-brieuc","30":"tag-vannes"},"share_on_mastodon":{"url":"https:\/\/pubeurope.com\/@fr\/115760808942465758","error":""},"_links":{"self":[{"href":"https:\/\/www.europesays.com\/fr\/wp-json\/wp\/v2\/posts\/614939","targetHints":{"allow":["GET"]}}],"collection":[{"href":"https:\/\/www.europesays.com\/fr\/wp-json\/wp\/v2\/posts"}],"about":[{"href":"https:\/\/www.europesays.com\/fr\/wp-json\/wp\/v2\/types\/post"}],"author":[{"embeddable":true,"href":"https:\/\/www.europesays.com\/fr\/wp-json\/wp\/v2\/users\/2"}],"replies":[{"embeddable":true,"href":"https:\/\/www.europesays.com\/fr\/wp-json\/wp\/v2\/comments?post=614939"}],"version-history":[{"count":0,"href":"https:\/\/www.europesays.com\/fr\/wp-json\/wp\/v2\/posts\/614939\/revisions"}],"wp:featuredmedia":[{"embeddable":true,"href":"https:\/\/www.europesays.com\/fr\/wp-json\/wp\/v2\/media\/614940"}],"wp:attachment":[{"href":"https:\/\/www.europesays.com\/fr\/wp-json\/wp\/v2\/media?parent=614939"}],"wp:term":[{"taxonomy":"category","embeddable":true,"href":"https:\/\/www.europesays.com\/fr\/wp-json\/wp\/v2\/categories?post=614939"},{"taxonomy":"post_tag","embeddable":true,"href":"https:\/\/www.europesays.com\/fr\/wp-json\/wp\/v2\/tags?post=614939"}],"curies":[{"name":"wp","href":"https:\/\/api.w.org\/{rel}","templated":true}]}}