{"id":61494,"date":"2025-04-29T09:55:13","date_gmt":"2025-04-29T09:55:13","guid":{"rendered":"https:\/\/www.europesays.com\/fr\/61494\/"},"modified":"2025-04-29T09:55:13","modified_gmt":"2025-04-29T09:55:13","slug":"un-millier-de-nicois-prives-delectricite-ce-mardi-matin-du-cote-de-nice-est","status":"publish","type":"post","link":"https:\/\/www.europesays.com\/fr\/61494\/","title":{"rendered":"Un millier de Ni\u00e7ois priv\u00e9s d&rsquo;\u00e9lectricit\u00e9 ce mardi matin, du c\u00f4t\u00e9 de Nice-Est"},"content":{"rendered":"<p>Si vous avez constat\u00e9 une coupure de courant chez vous, du c\u00f4t\u00e9 de Nice-Est, ce mardi 29 avril, pas de panique.\u00a0<\/p>\n<p>Un millier de clients ont \u00e9galement \u00e9t\u00e9 touch\u00e9 par cette panne \u00e9lectrique, dans le quartier.<\/p>\n<p>Elle touchait principalement <strong>l&rsquo;Impasse des Liserons, la Route de Turin, le Boulevard de l&rsquo;Ariane ou encore le Pont Garigliano.\u00a0<\/strong><\/p>\n<p><strong>Un incident classique<\/strong><\/p>\n<p>Contact\u00e9 par Nice-Matin, Enedis confirme cette coupure et indique qu&rsquo;au plus fort de la coupure, aux alentours de 9h45, <strong>mille clients ont \u00e9t\u00e9 touch\u00e9s<\/strong>. Quelques minutes plus tard, le courant a \u00e9t\u00e9 r\u00e9tabli.\u00a0<\/p>\n<p>\u00ab\u00a0C&rsquo;est un incident qui n&rsquo;est pas exceptionnel mais plut\u00f4t classique sur le r\u00e9seau\u00a0\u00bb, pr\u00e9cise Enedis.<\/p>\n<p>\u00ab\u00a0Les agents sont mobilis\u00e9s pour r\u00e9tablir le courant chez une centaine de clients\u00a0\u00bb, pr\u00e9cise la soci\u00e9t\u00e9 en fin de matin\u00e9e.\u00a0<\/p>\n","protected":false},"excerpt":{"rendered":"Si vous avez constat\u00e9 une coupure de courant chez vous, du c\u00f4t\u00e9 de Nice-Est, ce mardi 29 avril,&hellip;\n","protected":false},"author":2,"featured_media":61495,"comment_status":"","ping_status":"","sticky":false,"template":"","format":"standard","meta":{"footnotes":""},"categories":[2819],"tags":[1111,11,1777,674,1011,27,12,2401,882,25,3366],"class_list":{"0":"post-61494","1":"post","2":"type-post","3":"status-publish","4":"format-standard","5":"has-post-thumbnail","7":"category-nice","8":"tag-actu","9":"tag-actualites","10":"tag-eu","11":"tag-europe","12":"tag-fr","13":"tag-france","14":"tag-news","15":"tag-nice","16":"tag-provence-alpes-cote-dazur","17":"tag-republique-francaise","18":"tag-vie-locale"},"share_on_mastodon":{"url":"https:\/\/pubeurope.com\/@fr\/114420654057975811","error":""},"_links":{"self":[{"href":"https:\/\/www.europesays.com\/fr\/wp-json\/wp\/v2\/posts\/61494","targetHints":{"allow":["GET"]}}],"collection":[{"href":"https:\/\/www.europesays.com\/fr\/wp-json\/wp\/v2\/posts"}],"about":[{"href":"https:\/\/www.europesays.com\/fr\/wp-json\/wp\/v2\/types\/post"}],"author":[{"embeddable":true,"href":"https:\/\/www.europesays.com\/fr\/wp-json\/wp\/v2\/users\/2"}],"replies":[{"embeddable":true,"href":"https:\/\/www.europesays.com\/fr\/wp-json\/wp\/v2\/comments?post=61494"}],"version-history":[{"count":0,"href":"https:\/\/www.europesays.com\/fr\/wp-json\/wp\/v2\/posts\/61494\/revisions"}],"wp:featuredmedia":[{"embeddable":true,"href":"https:\/\/www.europesays.com\/fr\/wp-json\/wp\/v2\/media\/61495"}],"wp:attachment":[{"href":"https:\/\/www.europesays.com\/fr\/wp-json\/wp\/v2\/media?parent=61494"}],"wp:term":[{"taxonomy":"category","embeddable":true,"href":"https:\/\/www.europesays.com\/fr\/wp-json\/wp\/v2\/categories?post=61494"},{"taxonomy":"post_tag","embeddable":true,"href":"https:\/\/www.europesays.com\/fr\/wp-json\/wp\/v2\/tags?post=61494"}],"curies":[{"name":"wp","href":"https:\/\/api.w.org\/{rel}","templated":true}]}}