{"id":614943,"date":"2025-12-22T02:17:14","date_gmt":"2025-12-22T02:17:14","guid":{"rendered":"https:\/\/www.europesays.com\/fr\/614943\/"},"modified":"2025-12-22T02:17:14","modified_gmt":"2025-12-22T02:17:14","slug":"ces-departements-en-rouge-et-ce-geste-barriere-oublie-qui-pourrait-tout-changer","status":"publish","type":"post","link":"https:\/\/www.europesays.com\/fr\/614943\/","title":{"rendered":"ces d\u00e9partements en rouge et ce geste barri\u00e8re oubli\u00e9 qui pourrait tout changer"},"content":{"rendered":"<p>Par <a class=\"author_recette\" id=\"author_name\" href=\"https:\/\/www.nextplz.fr\/auteur\/valentin\" target=\"_blank\" rel=\"noopener\">Valentin<br \/>\nGr\u00e9goire<\/a> &#8211;<br \/>\nPubli\u00e9 le 21 D\u00e9c 2025 \u00e0<br \/>\n14:30<\/p>\n<p class=\"article-intro excerpt\">Grippe en rouge, foyers de gastro<br \/>\nen embuscade : quels d\u00e9partements sont les plus touch\u00e9s ce week-end<br \/>\net quel geste barri\u00e8re peut encore tout changer ?<\/p>\n<p>Les cabinets m\u00e9dicaux se remplissent, les urgences se tendent et<br \/>\nles virus d\u2019hiver s\u2019installent juste avant les f\u00eates. Entre<br \/>\n<strong>grippe<\/strong> et <strong>gastro-ent\u00e9rite<\/strong>, la<br \/>\nFrance aborde ce week-end avec des cartes sanitaires d\u00e9j\u00e0 tr\u00e8s<br \/>\ncharg\u00e9es, m\u00eame si toutes les maladies ne progressent pas au m\u00eame<br \/>\nrythme.<\/p>\n<p>Les derniers bulletins de Sant\u00e9 publique France et du r\u00e9seau<br \/>\nSentinelles montrent une \u00e9pid\u00e9mie de grippe g\u00e9n\u00e9ralis\u00e9e, tandis que<br \/>\nla diarrh\u00e9e aigu\u00eb reste \u00e9tonnamment calme au niveau national. Un<br \/>\ncontraste qui place un geste barri\u00e8re en particulier au centre du<br \/>\njeu.<\/p>\n<p>Grippe : la France en rouge, des d\u00e9partements sous<br \/>\npression<\/p>\n<p>Dans son point du 17 d\u00e9cembre, Sant\u00e9 publique France pr\u00e9vient<br \/>\nque les m\u00e9decins et les h\u00f4pitaux risquent la surcharge pendant les<br \/>\nf\u00eates, avec \u00ab\u00a0une nette augmentation en ville et \u00e0 l\u00a0\u00bbh\u00f4pital\u00a0\u00bb des<br \/>\ninfections respiratoires aigu\u00ebs. Le r\u00e9seau Sentinelles estime, pour<br \/>\nla semaine du 8 au 14 d\u00e9cembre 2025, \u00e0 281 cas d\u2019IRA et 163 cas de<br \/>\ngrippe pour 100 000 habitants, en hausse et \u00e0 un niveau d\u2019activit\u00e9<br \/>\nqualifi\u00e9 de mod\u00e9r\u00e9.<\/p>\n<p>Sur la carte bas\u00e9e sur les passages aux urgences, tout le<br \/>\nterritoire m\u00e9tropolitain est class\u00e9 en \u00e9pid\u00e9mie et les cinq<br \/>\nd\u00e9partements les plus touch\u00e9s sont les<br \/>\n<strong>Hautes-Pyr\u00e9n\u00e9es<\/strong> (environ 6 460 passages pour 100<br \/>\n000 habitants), Paris (6 329), la Seine-et-Marne (5 971), les<br \/>\nAlpes-de-Haute-Provence (5 602) et les Alpes-Maritimes (5 500). En<br \/>\nOutre-mer, la Guyane, Saint-Martin et Mayotte sont en phase<br \/>\n\u00e9pid\u00e9mique. Sant\u00e9 publique France note que le sous-clade K<br \/>\nrepr\u00e9sente 77,6 % des virus grippaux et pr\u00e9cise : \u00ab\u00a0Parmi les virus<br \/>\ngrippaux s\u00e9quenc\u00e9s depuis fin septembre, le sous-clade K \u00e9tait<br \/>\nmajoritaire pour le sous-type A(H3N2) et le sous-clade D.3.1 \u00e9tait<br \/>\nmajoritaire pour le sous-type A(H1N1)\u00a0\u00bb. Le Pr Antoine Flahaut<br \/>\nsouligne que ce variant a \u00e9merg\u00e9 \u00ab\u00a0apr\u00e8s que la composition<br \/>\nvaccinale a \u00e9t\u00e9 d\u00e9termin\u00e9e par les experts de l&rsquo;OMS en f\u00e9vrier<br \/>\ndernier pour le vaccin d\u00e9livr\u00e9 cet automne\u00a0\u00bb, a-t-il expliqu\u00e9 \u00e0<br \/>\nactu.fr, alors que la part de d\u00e9c\u00e8s li\u00e9s \u00e0 la grippe a doubl\u00e9 (1,8<br \/>\n% contre 0,9 % un an plus t\u00f4t).<\/p>\n<p>Gastro-ent\u00e9rite : nationale encore basse, mais trois r\u00e9gions en<br \/>\nt\u00eate<\/p>\n<p>Pour la <strong>gastro-ent\u00e9rite<\/strong>, le contraste est<br \/>\nfrappant. Sentinelles d\u00e9crit \u00ab\u00a0une activit\u00e9 faible\u00a0\u00bb avec 72 cas de<br \/>\ndiarrh\u00e9e aigu\u00eb pour 100 000 habitants en semaine 50, un niveau<br \/>\nstable et inf\u00e9rieur \u00e0 ce qui est habituellement observ\u00e9 \u00e0 cette<br \/>\np\u00e9riode. \u00ab\u00a0La surveillance des diarrh\u00e9es aigu\u00ebs a pour objectif le<br \/>\nsuivi des \u00e9pid\u00e9mies de gastro-ent\u00e9rites\u00a0\u00bb, rappelle le r\u00e9seau.<\/p>\n<p>Sur la carte r\u00e9gionale, trois zones sortent pourtant du lot : la<br \/>\nNouvelle-Aquitaine (105 cas pour 100 000 habitants), le Grand Est<br \/>\n(91) et Provence-Alpes-C\u00f4te d&rsquo;Azur (89). Ces foyers restent loin<br \/>\ndes pics observ\u00e9s certains hivers, mais ils arrivent au moment o\u00f9<br \/>\nles d\u00e9placements, repas prolong\u00e9s et r\u00e9unions familiales se<br \/>\nmultiplient.<\/p>\n<p>Le geste barri\u00e8re oubli\u00e9 qui p\u00e8se sur<br \/>\ngrippe et gastro<\/p>\n<p>A l\u2019approche des f\u00eates, Sant\u00e9 publique France remet en avant les<br \/>\nmesures de pr\u00e9vention : masque en cas de sympt\u00f4mes, a\u00e9ration,<br \/>\ntousser dans son coude et surtout <strong>lavage des<br \/>\nmains<\/strong>. L\u2019agence recommande de \u00ab\u00a0se laver correctement et<br \/>\nr\u00e9guli\u00e8rement les mains avec de l\u2019eau et du savon ou une solution<br \/>\nhydroalcoolique\u00a0\u00bb. Ce r\u00e9flexe, beaucoup moins visible que le masque,<br \/>\nreste pourtant central pour freiner \u00e0 la fois les virus<br \/>\nrespiratoires et digestifs, en particulier avant et pendant les<br \/>\ngrands repas de fin d\u2019ann\u00e9e.<\/p>\n<ul>\n<li>en rentrant des transports, des courses ou du travail ;<\/li>\n<li>avant de cuisiner ou de passer \u00e0 table ;<\/li>\n<li>apr\u00e8s \u00eatre all\u00e9 aux toilettes ou avoir chang\u00e9 un enfant ;<\/li>\n<li>apr\u00e8s s\u2019\u00eatre mouch\u00e9, avoir touss\u00e9 ou \u00e9ternu\u00e9.<\/li>\n<\/ul>\n<p>Sur le plan virologique, l\u2019Institut Pasteur confirme que \u00ab\u00a0Le<br \/>\nvirus grippal d\u00e9tect\u00e9 majoritairement est un virus de type A, connu<br \/>\npour sa virulence. Nous retrouvons plusieurs sous-types parmi les<br \/>\npr\u00e9l\u00e8vements test\u00e9s : A(H3N2) sous-clade K, et A(H1N1)pdm09\u00a0\u00bb,<br \/>\nexplique Vincent Enouf, cit\u00e9 par l\u2019Institut Pasteur. Malgr\u00e9 une<br \/>\nl\u00e9g\u00e8re diff\u00e9rence entre virus circulant et souche du vaccin, il<br \/>\npr\u00e9cise : \u00ab\u00a0Le vaccin utilis\u00e9 cette ann\u00e9e pourrait \u00eatre moins<br \/>\nefficace contre le virus A(H3N2)*. Mais, un vaccin m\u00eame peu<br \/>\nefficace \u00e9vite les formes graves\u00a0\u00bb. Sant\u00e9 publique France insiste<br \/>\nd\u2019ailleurs qu\u2019\u00a0\u00bbil n\u2019est pas trop tard pour se vacciner contre la<br \/>\ngrippe. Le vaccin est disponible en pharmacie et est pris en charge<br \/>\n\u00e0 100 % pour les populations cibles\u00a0\u00bb.<\/p>\n","protected":false},"excerpt":{"rendered":"Par Valentin Gr\u00e9goire &#8211; Publi\u00e9 le 21 D\u00e9c 2025 \u00e0 14:30 Grippe en rouge, foyers de gastro en&hellip;\n","protected":false},"author":2,"featured_media":614944,"comment_status":"","ping_status":"","sticky":false,"template":"","format":"standard","meta":{"footnotes":""},"categories":[10],"tags":[1011,27,72,71,65861],"class_list":{"0":"post-614943","1":"post","2":"type-post","3":"status-publish","4":"format-standard","5":"has-post-thumbnail","7":"category-sante","8":"tag-fr","9":"tag-france","10":"tag-health","11":"tag-sante","12":"tag-trend"},"share_on_mastodon":{"url":"https:\/\/pubeurope.com\/@fr\/115760820621935318","error":""},"_links":{"self":[{"href":"https:\/\/www.europesays.com\/fr\/wp-json\/wp\/v2\/posts\/614943","targetHints":{"allow":["GET"]}}],"collection":[{"href":"https:\/\/www.europesays.com\/fr\/wp-json\/wp\/v2\/posts"}],"about":[{"href":"https:\/\/www.europesays.com\/fr\/wp-json\/wp\/v2\/types\/post"}],"author":[{"embeddable":true,"href":"https:\/\/www.europesays.com\/fr\/wp-json\/wp\/v2\/users\/2"}],"replies":[{"embeddable":true,"href":"https:\/\/www.europesays.com\/fr\/wp-json\/wp\/v2\/comments?post=614943"}],"version-history":[{"count":0,"href":"https:\/\/www.europesays.com\/fr\/wp-json\/wp\/v2\/posts\/614943\/revisions"}],"wp:featuredmedia":[{"embeddable":true,"href":"https:\/\/www.europesays.com\/fr\/wp-json\/wp\/v2\/media\/614944"}],"wp:attachment":[{"href":"https:\/\/www.europesays.com\/fr\/wp-json\/wp\/v2\/media?parent=614943"}],"wp:term":[{"taxonomy":"category","embeddable":true,"href":"https:\/\/www.europesays.com\/fr\/wp-json\/wp\/v2\/categories?post=614943"},{"taxonomy":"post_tag","embeddable":true,"href":"https:\/\/www.europesays.com\/fr\/wp-json\/wp\/v2\/tags?post=614943"}],"curies":[{"name":"wp","href":"https:\/\/api.w.org\/{rel}","templated":true}]}}