{"id":614945,"date":"2025-12-22T02:18:15","date_gmt":"2025-12-22T02:18:15","guid":{"rendered":"https:\/\/www.europesays.com\/fr\/614945\/"},"modified":"2025-12-22T02:18:15","modified_gmt":"2025-12-22T02:18:15","slug":"top-14-en-video-le-coup-de-pied-de-mammouth-et-maitrise-de-jalibert-qui-trouve-une-sublime-touche-avec-lubb-le-figaro","status":"publish","type":"post","link":"https:\/\/www.europesays.com\/fr\/614945\/","title":{"rendered":"Top 14 : en vid\u00e9o, le coup de pied de mammouth et ma\u00eetris\u00e9 de Jalibert qui trouve une sublime touche avec l\u2019UBB &#8211; Le Figaro"},"content":{"rendered":"<ol>\n<li><a href=\"https:\/\/news.google.com\/rss\/articles\/CBMi8wFBVV95cUxOUWx0U3ZGWVdEcGp1MTJuMlhIWTZGdXBLSlpsR3ZvSVE3SWt1M1JWNU9RTXh6NDJIVFRqZk9xTmVQQk00eDZoRXBRNjZLWVRUczA5d3dWclFsZTl1QkQwaWxaQzhCTHdtOXpqMTZmRnRlNEtVMkFGV3VBcDFLQmNteXAxVi10QWFsb2xnbGNXbHpFVVlNeENLX3RoVGdPaVh2WnFJN0tfNXpOWTJRRzJ5SzFzYXlVNEZ0OXFxUHFwTjlrLXVld2QxVTIxZjU2MHd3a0RMLThxUEFKaEpydlhpci1YSk5xNzdMUjNCalFSS2RPRlU?oc=5\" target=\"_blank\" rel=\"noopener\">Top 14 : en vid\u00e9o, le coup de pied de mammouth et ma\u00eetris\u00e9 de Jalibert qui trouve une sublime touche avec l\u2019UBB<\/a>&nbsp;&nbsp;Le Figaro<\/li>\n<li><a href=\"https:\/\/news.google.com\/rss\/articles\/CBMinAFBVV95cUxOczhyalNJU1pZVGxBTFdDVHJacVJ1WFdyVXVxdDM3MFJMNHF4anA2b2pwWnNkbmJMZDBtU3pPaFlDai1NdWk5RUhEbm1NNi1WSkZKdmltVjVxWWZnQjYzUnM0WncwamFhQmVwcGY0eENMd2trZzU4RXZwMFRpSmZLTVFhVEhGbFUybHpxdWkwTXhRVnR6ZFdUUDRpam0?oc=5\" target=\"_blank\" rel=\"noopener\">Bordeaux B\u00e8gles 46-7 Toulon, Top 14 2025-2026 : r\u00e9sum\u00e9 du match (21\/12\/2025)<\/a>&nbsp;&nbsp;L&rsquo;\u00c9quipe<\/li>\n<li><a href=\"https:\/\/news.google.com\/rss\/articles\/CBMivgFBVV95cUxPVW10MGE4cG1MRVVQM3BNZ0VIY09FYUNDbTlVRmVfRF9OSkNXV3VIMkFRT1NSaWJPYkNQbDJjVzFKQXJXT2pWdmFObVFvZVpmWjJwM2w0d1BhWTZqYjJ4ZFdYdEI5dzd5XzNlWktzc0pxbnFEbWJUQWdTS2dWOUZ2TXZyM1h4SkMyZGZIaGVMYnpzTldtM2JxTWp4ODk2NGR3S2ZBSlF6YUJQRzhPWGRZYnZxbm1FeEpSeDlmaExn?oc=5\" target=\"_blank\" rel=\"noopener\">Top 14 &#8211; Bordeaux-B\u00e8gles &#8211; Toulon : revivez la large victoire de l&rsquo;UBB lors de la 12\u00e8me journ\u00e9e<\/a>&nbsp;&nbsp;Rugbyrama<\/li>\n<li><a href=\"https:\/\/news.google.com\/rss\/articles\/CBMi3wFBVV95cUxOazZleHNNSTdORVNzcXEzLXdGVkRHWjRYR1ZMTnRoM1BCTkl2NVNiX21PWFcwVW5DY05ONEhFTFhMa29lVS0zeHZFalNjUVhxNEdtblU0bW1xdnpHZllleWFxbk9mR3hMMmhOZjJSQVNSNmdJSGt2elFDNk1zZ21qTEpMNDBOTVZRX0M1TzVwMTh5LUVqRVY4SXI1SUVXQWV3dHh5U1VnNmUxME8yZUlvOE5sbmphY1lydmtaMnltREdueXFPWC1QeGRIZzFmbVVoZHlwaklwYmhYNWxTWTdz?oc=5\" target=\"_blank\" rel=\"noopener\">Il marche sur l&rsquo;eau : comment Matthieu Jalibert a sign\u00e9 un nouveau match \u00e9blouissant<\/a>&nbsp;&nbsp;Actu.fr<\/li>\n<li><a href=\"https:\/\/news.google.com\/rss\/articles\/CBMiiwFBVV95cUxPWVNzYmJrTGtVUDMzVjN5cEpmUWtwMk9rV0RZckZMbEJzNlFaQkpza090UkQxWHJLWlRHTGlXYWg1U3lxbnVDVHR0bFFpNVVJNkRPQWZkMVZJMnctaFV3dTVxbWZaeGlpUENsMGdwRHlBVDFSX0Zzd2NUMXE4UVhkSjU4RTVDdE0tekxn?oc=5\" target=\"_blank\" rel=\"noopener\">UBB-Toulon : revivez le festival des Bordelais \u00e0 Chaban Delmas<\/a>&nbsp;&nbsp;Le Figaro<\/li>\n<\/ol>\n","protected":false},"excerpt":{"rendered":"Top 14 : en vid\u00e9o, le coup de pied de mammouth et ma\u00eetris\u00e9 de Jalibert qui trouve une&hellip;\n","protected":false},"author":2,"featured_media":614946,"comment_status":"","ping_status":"","sticky":false,"template":"","format":"standard","meta":{"footnotes":""},"categories":[9],"tags":[1011,27,24802,60,4364],"class_list":{"0":"post-614945","1":"post","2":"type-post","3":"status-publish","4":"format-standard","5":"has-post-thumbnail","7":"category-sports","8":"tag-fr","9":"tag-france","10":"tag-matthieu-jalibert","11":"tag-sports","12":"tag-ubb"},"share_on_mastodon":{"url":"https:\/\/pubeurope.com\/@fr\/115760824667817509","error":""},"_links":{"self":[{"href":"https:\/\/www.europesays.com\/fr\/wp-json\/wp\/v2\/posts\/614945","targetHints":{"allow":["GET"]}}],"collection":[{"href":"https:\/\/www.europesays.com\/fr\/wp-json\/wp\/v2\/posts"}],"about":[{"href":"https:\/\/www.europesays.com\/fr\/wp-json\/wp\/v2\/types\/post"}],"author":[{"embeddable":true,"href":"https:\/\/www.europesays.com\/fr\/wp-json\/wp\/v2\/users\/2"}],"replies":[{"embeddable":true,"href":"https:\/\/www.europesays.com\/fr\/wp-json\/wp\/v2\/comments?post=614945"}],"version-history":[{"count":0,"href":"https:\/\/www.europesays.com\/fr\/wp-json\/wp\/v2\/posts\/614945\/revisions"}],"wp:featuredmedia":[{"embeddable":true,"href":"https:\/\/www.europesays.com\/fr\/wp-json\/wp\/v2\/media\/614946"}],"wp:attachment":[{"href":"https:\/\/www.europesays.com\/fr\/wp-json\/wp\/v2\/media?parent=614945"}],"wp:term":[{"taxonomy":"category","embeddable":true,"href":"https:\/\/www.europesays.com\/fr\/wp-json\/wp\/v2\/categories?post=614945"},{"taxonomy":"post_tag","embeddable":true,"href":"https:\/\/www.europesays.com\/fr\/wp-json\/wp\/v2\/tags?post=614945"}],"curies":[{"name":"wp","href":"https:\/\/api.w.org\/{rel}","templated":true}]}}