{"id":614949,"date":"2025-12-22T02:20:21","date_gmt":"2025-12-22T02:20:21","guid":{"rendered":"https:\/\/www.europesays.com\/fr\/614949\/"},"modified":"2025-12-22T02:20:21","modified_gmt":"2025-12-22T02:20:21","slug":"ils-cherchaient-des-mammiferes-disparus-ils-ont-trouve-des-abeilles-qui-squattaient-leurs-squelettes-pour-en-faire-des-nurseries","status":"publish","type":"post","link":"https:\/\/www.europesays.com\/fr\/614949\/","title":{"rendered":"Ils cherchaient des mammif\u00e8res disparus. Ils ont trouv\u00e9 des abeilles qui squattaient leurs squelettes pour en faire des nurseries"},"content":{"rendered":"<p class=\"font-claude-response-body break-words whitespace-normal leading-[1.7]\"><strong>Dans l\u2019obscurit\u00e9 d\u2019une <a href=\"https:\/\/sciencepost.fr\/ils-ont-analyse-des-excrements-vieux-de-1-300-ans-retrouves-dans-une-grotte-la-realite-etait-pire-que-ce-quils-craignaient\/\" target=\"_blank\" rel=\"noopener\">grotte<\/a> carib\u00e9enne, des scientifiques cherchaient des traces d\u2019extinctions anciennes. Ils ont trouv\u00e9 bien plus : des abeilles qui construisaient leurs nids \u00e0 l\u2019int\u00e9rieur des ossements laiss\u00e9s par des chouettes g\u00e9antes. Cette d\u00e9couverte fortuite r\u00e9v\u00e8le un comportement totalement in\u00e9dit dans le monde des insectes fossiles et bouleverse notre compr\u00e9hension de ces pollinisateurs m\u00e9connus.<\/strong><\/p>\n<p>Une trouvaille totalement inattendue<\/p>\n<p class=\"font-claude-response-body break-words whitespace-normal leading-[1.7]\">Lazaro Vi\u00f1ola Lopez ne s\u2019attendait certainement pas \u00e0 faire l\u2019histoire de la pal\u00e9ontologie des insectes ce jour-l\u00e0. Doctorant au Mus\u00e9e d\u2019histoire naturelle de Floride, il participait \u00e0 des fouilles dans la Cueva de Mono, une grotte situ\u00e9e en R\u00e9publique dominicaine. Son objectif : documenter les extinctions d\u2019esp\u00e8ces caus\u00e9es par les changements climatiques et l\u2019activit\u00e9 humaine pendant le Quaternaire r\u00e9cent. Primates, rongeurs, l\u00e9zards\u2026 voil\u00e0 ce que son \u00e9quipe esp\u00e9rait mettre au jour.<\/p>\n<p class=\"font-claude-response-body break-words whitespace-normal leading-[1.7]\">Mais la grotte recelait des milliers de fossiles d\u2019hutias, ces rongeurs apparent\u00e9s aux cobayes, une d\u00e9couverte d\u00e9j\u00e0 remarquable compte tenu de leur raret\u00e9 dans la r\u00e9gion. C\u2019est en examinant une mandibule particuli\u00e8rement bien conserv\u00e9e que Vi\u00f1ola Lopez remarqua quelque chose d\u2019\u00e9trange : sa surface \u00e9tait inhabituellement lisse et uniforme. Un d\u00e9tail qui allait le mener sur une piste totalement inattendue.<\/p>\n<p>Un puzzle pal\u00e9ontologique<\/p>\n<p class=\"font-claude-response-body break-words whitespace-normal leading-[1.7]\">Les insectes se fossilisent rarement dans ce type d\u2019environnement, ce qui explique pourquoi personne ne les cherchait activement. Vi\u00f1ola Lopez, fort de son exp\u00e9rience sur les fossiles de dinosaures, pensa d\u2019abord \u00e0 des nids de gu\u00eapes. Mais les caract\u00e9ristiques observ\u00e9es ne correspondaient pas. Il fallut du temps et plusieurs exp\u00e9ditions suppl\u00e9mentaires pour assembler les pi\u00e8ces du puzzle.<\/p>\n<p class=\"font-claude-response-body break-words whitespace-normal leading-[1.7]\">La solution se r\u00e9v\u00e9la encore plus surprenante : ces traces appartenaient \u00e0 Osnidum almontei, une esp\u00e8ce disparue d\u2019abeilles fouisseuses ayant v\u00e9cu il y a plusieurs milliers d\u2019ann\u00e9es. L\u2019\u00e9quipe d\u00e9couvrit ensuite d\u2019autres nids similaires \u00e0 l\u2019int\u00e9rieur d\u2019une vert\u00e8bre d\u2019hutia et m\u00eame dans la cavit\u00e9 pulpaire d\u2019une dent de paresseux, ces mammif\u00e8res aujourd\u2019hui disparus des Cara\u00efbes.<\/p>\n<p><img loading=\"lazy\" data-lazyloaded=\"1\" decoding=\"async\" class=\"size-full wp-image-321550\" src=\"https:\/\/www.europesays.com\/fr\/wp-content\/uploads\/2025\/12\/ancient-bees-960x640-1.webp.webp\" alt=\"abeilles\" width=\"960\" height=\"640\"  data-\/>Cr\u00e9dit : Jorge MachukyIllustration de la fa\u00e7on dont les abeilles fouisseuses primitives de l\u2019\u00eele d\u2019Hispaniola utilisaient des cavit\u00e9s fossilis\u00e9es pour construire leurs nids cavernicoles.Un cycle de vie macabre<\/p>\n<p class=\"font-claude-response-body break-words whitespace-normal leading-[1.7]\">La reconstitution du contexte apporte un \u00e9clairage fascinant sur cet \u00e9cosyst\u00e8me ancien. La Cueva de Mono servait de refuge \u00e0 une population d\u2019effraies des clochers g\u00e9antes qui y rapportaient r\u00e9guli\u00e8rement leurs proies. Ces chouettes chassaient les hutias et utilisaient la grotte comme garde-manger ou d\u00e9potoir. Les ossements s\u2019accumulaient, se m\u00e9langeaient au sol de la caverne, cr\u00e9ant involontairement un habitat id\u00e9al.<\/p>\n<p class=\"font-claude-response-body break-words whitespace-normal leading-[1.7]\">Ces abeilles solitaires, bien diff\u00e9rentes de leurs cousines sociales que nous connaissons, y trouv\u00e8rent une opportunit\u00e9 remarquable. Les cavit\u00e9s naturelles des os enterr\u00e9s \u2013 alv\u00e9oles dentaires, canaux vert\u00e9braux \u2013 offraient des structures parfaites pour y \u00e9tablir leurs nids. Bien que l\u2019environnement ext\u00e9rieur leur soit peu favorable, la grotte contenait suffisamment de terre accumul\u00e9e pour r\u00e9pondre \u00e0 leurs besoins.<\/p>\n<p><img loading=\"lazy\" data-lazyloaded=\"1\" decoding=\"async\" class=\"size-full wp-image-321553\" src=\"https:\/\/www.europesays.com\/fr\/wp-content\/uploads\/2025\/12\/rsos.251748.f004.png\" alt=\"\" width=\"2048\" height=\"3601\"  data-\/>Source: DRImages tomodensitom\u00e9triques et photographiques du cr\u00e2ne de Plagiodontia araeum (rongeur) et de l\u2019ichnofossile Osnidum almontei (MNHNSD FOS 25.6385). (a\u2013c) Cr\u00e2ne en vue occlusale. (a) Photographie. (b) Image non transparente issue du scanner, mettant en \u00e9vidence l\u2019ichnofossile en violet. (c) Image tomodensitom\u00e9trique \u00e0 95 % de transparence, mettant en \u00e9vidence l\u2019ichnofossile en violet. (d) Ichnofossile isol\u00e9 sur le scanner.Une diversit\u00e9 insoup\u00e7onn\u00e9e<\/p>\n<p class=\"font-claude-response-body break-words whitespace-normal leading-[1.7]\">Cette d\u00e9couverte, publi\u00e9e dans les <a href=\"https:\/\/dx.doi.org\/10.1098\/rsos.251748\" target=\"_blank\" rel=\"noopener\">Actes de la Royal Society B Biological Sciences<\/a>, r\u00e9v\u00e8le l\u2019extraordinaire diversit\u00e9 comportementale des abeilles. Contrairement \u00e0 l\u2019image populaire des ruches bourdonnantes et des soci\u00e9t\u00e9s organis\u00e9es, la majorit\u00e9 des esp\u00e8ces d\u2019abeilles m\u00e8nent une existence solitaire et utilisent une vari\u00e9t\u00e9 stup\u00e9fiante de mat\u00e9riaux pour construire leurs nids.<\/p>\n<p class=\"font-claude-response-body break-words whitespace-normal leading-[1.7]\">Mais Osnidum almontei se distingue m\u00eame parmi ces esp\u00e8ces solitaires. Aucune abeille connue, vivante ou fossile, n\u2019utilise r\u00e9guli\u00e8rement des ossements enfouis comme site de nidification. De plus, un seul autre cas d\u2019abeilles fouisseuses nichant dans une grotte a \u00e9t\u00e9 document\u00e9, sans impliquer de restes animaux.<\/p>\n<p>Des le\u00e7ons pour l\u2019avenir<\/p>\n<p class=\"font-claude-response-body break-words whitespace-normal leading-[1.7]\">Cette d\u00e9couverte a transform\u00e9 la m\u00e9thodologie de l\u2019\u00e9quipe. D\u00e9sormais, les chercheurs examinent chaque fossile avec une vigilance accrue avant tout nettoyage, conscients que d\u2019autres traces comportementales pourraient se cacher dans les s\u00e9diments. Ils travaillent actuellement \u00e0 d\u00e9crire les nombreuses autres esp\u00e8ces d\u00e9couvertes dans la grotte, dont certaines pourraient \u00eatre enti\u00e8rement nouvelles pour la science.<\/p>\n<p class=\"font-claude-response-body break-words whitespace-normal leading-[1.7]\">Au-del\u00e0 de l\u2019anecdote, ces abeilles pr\u00e9historiques nous rappellent que la nature r\u00e9serve toujours des surprises, m\u00eame dans les endroits o\u00f9 personne ne pense \u00e0 chercher.<\/p>\n","protected":false},"excerpt":{"rendered":"Dans l\u2019obscurit\u00e9 d\u2019une grotte carib\u00e9enne, des scientifiques cherchaient des traces d\u2019extinctions anciennes. Ils ont trouv\u00e9 bien plus :&hellip;\n","protected":false},"author":2,"featured_media":614950,"comment_status":"","ping_status":"","sticky":false,"template":"","format":"standard","meta":{"footnotes":""},"categories":[7],"tags":[1011,27,43,40,41,39,42,44],"class_list":{"0":"post-614949","1":"post","2":"type-post","3":"status-publish","4":"format-standard","5":"has-post-thumbnail","7":"category-sciences-et-technologies","8":"tag-fr","9":"tag-france","10":"tag-science","11":"tag-science-and-technology","12":"tag-sciences","13":"tag-sciences-et-technologies","14":"tag-technologies","15":"tag-technology"},"share_on_mastodon":{"url":"https:\/\/pubeurope.com\/@fr\/115760832733782607","error":""},"_links":{"self":[{"href":"https:\/\/www.europesays.com\/fr\/wp-json\/wp\/v2\/posts\/614949","targetHints":{"allow":["GET"]}}],"collection":[{"href":"https:\/\/www.europesays.com\/fr\/wp-json\/wp\/v2\/posts"}],"about":[{"href":"https:\/\/www.europesays.com\/fr\/wp-json\/wp\/v2\/types\/post"}],"author":[{"embeddable":true,"href":"https:\/\/www.europesays.com\/fr\/wp-json\/wp\/v2\/users\/2"}],"replies":[{"embeddable":true,"href":"https:\/\/www.europesays.com\/fr\/wp-json\/wp\/v2\/comments?post=614949"}],"version-history":[{"count":0,"href":"https:\/\/www.europesays.com\/fr\/wp-json\/wp\/v2\/posts\/614949\/revisions"}],"wp:featuredmedia":[{"embeddable":true,"href":"https:\/\/www.europesays.com\/fr\/wp-json\/wp\/v2\/media\/614950"}],"wp:attachment":[{"href":"https:\/\/www.europesays.com\/fr\/wp-json\/wp\/v2\/media?parent=614949"}],"wp:term":[{"taxonomy":"category","embeddable":true,"href":"https:\/\/www.europesays.com\/fr\/wp-json\/wp\/v2\/categories?post=614949"},{"taxonomy":"post_tag","embeddable":true,"href":"https:\/\/www.europesays.com\/fr\/wp-json\/wp\/v2\/tags?post=614949"}],"curies":[{"name":"wp","href":"https:\/\/api.w.org\/{rel}","templated":true}]}}