{"id":614953,"date":"2025-12-22T02:22:17","date_gmt":"2025-12-22T02:22:17","guid":{"rendered":"https:\/\/www.europesays.com\/fr\/614953\/"},"modified":"2025-12-22T02:22:17","modified_gmt":"2025-12-22T02:22:17","slug":"un-crime-odieux-une-japonaise-condamnee-pour-avoir-cache-le-corps-de-sa-fille-tuee-par-son-mari-dans-son-congelateur-pendant-20-ans","status":"publish","type":"post","link":"https:\/\/www.europesays.com\/fr\/614953\/","title":{"rendered":"Un \u00ab\u00a0crime odieux\u00a0\u00bb\u00a0: une Japonaise condamn\u00e9e pour avoir cach\u00e9 le corps de sa fille, tu\u00e9e par son mari, dans son cong\u00e9lateur pendant 20\u00a0ans"},"content":{"rendered":"<p class=\"paragraph text_align_left lp-f-body-02\">Keiko Mori, une Japonaise de 75 ans, a \u00e9t\u00e9 condamn\u00e9e \u00e0 un an de prison, assortie d\u2019un sursis de trois ans, ce jeudi, <a href=\"https:\/\/www.leparisien.fr\/faits-divers\/elle-conserve-le-corps-en-decomposition-de-sa-fille-depuis-20-ans-dans-son-congelateur-une-japonaise-se-rend-a-la-police-25-09-2025-NBZ6V25MUZG7XN7IAKOPML6ZBQ.php\" target=\"_blank\" rel=\"noreferrer noopener\">pour avoir cach\u00e9 le corps de sa fille dans un placard puis dans un cong\u00e9lateur<\/a> \u00e0 son domicile, pendant pr\u00e8s de 20 ans, <a href=\"https:\/\/www.independent.co.uk\/asia\/japan\/japan-mother-hiding-body-freezer-jail-b2887538.html\" target=\"_blank\" rel=\"noreferrer noopener\">a rapport\u00e9 The Independent, ce vendredi<\/a>.<\/p>\n<p class=\"\">D\u00e9but septembre, la septuag\u00e9naire s\u2019\u00e9tait rendue \u00e0 la police, expliquant qu\u2019elle avait conserv\u00e9 un corps dans son cong\u00e9lateur et \u00ab qu\u2019<a href=\"https:\/\/www.leparisien.fr\/faits-divers\/un-americain-recupere-gratuitement-un-congelateur-et-retrouve-la-tete-et-les-mains-dune-fille-disparue-en-2005-14-10-2024-AJAJIERCKJCC7K2MNIGKQTDQ4A.php\" target=\"_self\" rel=\"noopener\">il s\u2019agissait de sa fille<\/a> \u00bb n\u00e9e en 1975, a d\u00e9clar\u00e9 \u00e0 l\u2019\u00e9poque \u00e0 l\u2019AFP un porte-parole de la police locale.<\/p>\n<p>Violente envers ses parents<\/p>\n<p class=\"\">En se rendant dans la maison, situ\u00e9e \u00e0 Ami, dans la pr\u00e9fecture d\u2019Ibaraki, au nord-est de Tokyo, les enqu\u00eateurs ont d\u00e9couvert <a href=\"https:\/\/www.leparisien.fr\/faits-divers\/haute-vienne-le-corps-d-une-femme-en-morceaux-decouvert-dans-un-congelateur-02-01-2020-8227356.php\" rel=\"noopener\" target=\"_blank\">le corps recroquevill\u00e9 d\u2019une femme<\/a>, v\u00eatue d\u2019un tee-shirt et de sous-v\u00eatements, dans le cong\u00e9lateur. La police a pr\u00e9cis\u00e9 \u00ab le corps \u00e9tait en \u00e9tat de d\u00e9composition avanc\u00e9e \u00bb.<\/p>\n<p class=\"\">Les premi\u00e8res analyses ont permis de confirmer qu\u2019il s\u2019agissait de Makiko, la fille de Keiko Mori, d\u00e9c\u00e9d\u00e9e en 2005 \u00e0 l\u2019\u00e2ge de 29 ans. Devant les enqu\u00eateurs, Keiko Mori a expliqu\u00e9 que <a href=\"https:\/\/www.leparisien.fr\/faits-divers\/vaucluse-deux-bebes-retrouves-morts-dans-un-congelateur-parquet-01-12-2022-LVVYHWEPJRHSTHGVDK2KBAKS5M.php\" rel=\"noopener\" target=\"_blank\">l\u2019odeur \u00e9tait devenue insoutenable<\/a> et qu\u2019elle avait achet\u00e9 le cong\u00e9lateur pour y placer le corps de sa fille, selon le porte-parole de la police.<\/p>\n<p class=\"lp-card-podcast-highlighting__title  lp-f-subtitle-05\">[2\/2] Vengeance et colis pi\u00e9g\u00e9\u00a0: le myst\u00e9rieux attentat de La\u00a0Baule<\/p>\n<p><a class=\"lp-card-podcast-highlighting__call-to-action\" data-page-type=\"HP\" data-block-name=\"podcast-highlight\">\u00c9couter<\/a><\/p>\n<p class=\"\">Makiko, qui luttait contre une addiction \u00e0 des stup\u00e9fiants et se montrait physiquement violente envers ses parents, a \u00e9t\u00e9 tu\u00e9 par son propre p\u00e8re, le mari de Keiko Mori, d\u00e9c\u00e9d\u00e9 en septembre dernier. \u00c0 l\u2019\u00e9poque, l\u2019homme avait l\u2019intention de se d\u00e9noncer aux autorit\u00e9s, mais son \u00e9pouse, Keiko Mori, l\u2019en a dissuad\u00e9.<\/p>\n<p class=\"\">\u00ab Il s\u2019agit d\u2019un crime odieux \u00bb, a d\u00e9clar\u00e9 le tribunal, qui a condamn\u00e9 Keiko Mori \u00e0 un an de prison, assortie d\u2019un sursis de trois ans. Makiko, n\u00e9e en 1975, aurait eu 49 ou 50 ans au moment o\u00f9 sa m\u00e8re s\u2019est rendue \u00e0 la police, selon The Independent.<\/p>\n","protected":false},"excerpt":{"rendered":"Keiko Mori, une Japonaise de 75 ans, a \u00e9t\u00e9 condamn\u00e9e \u00e0 un an de prison, assortie d\u2019un sursis&hellip;\n","protected":false},"author":2,"featured_media":614954,"comment_status":"","ping_status":"","sticky":false,"template":"","format":"standard","meta":{"footnotes":""},"categories":[5],"tags":[11,118,1011,27,14,12,28],"class_list":{"0":"post-614953","1":"post","2":"type-post","3":"status-publish","4":"format-standard","5":"has-post-thumbnail","7":"category-international","8":"tag-actualites","9":"tag-faits-divers","10":"tag-fr","11":"tag-france","12":"tag-international","13":"tag-news","14":"tag-world"},"share_on_mastodon":{"url":"https:\/\/pubeurope.com\/@fr\/115760840379028451","error":""},"_links":{"self":[{"href":"https:\/\/www.europesays.com\/fr\/wp-json\/wp\/v2\/posts\/614953","targetHints":{"allow":["GET"]}}],"collection":[{"href":"https:\/\/www.europesays.com\/fr\/wp-json\/wp\/v2\/posts"}],"about":[{"href":"https:\/\/www.europesays.com\/fr\/wp-json\/wp\/v2\/types\/post"}],"author":[{"embeddable":true,"href":"https:\/\/www.europesays.com\/fr\/wp-json\/wp\/v2\/users\/2"}],"replies":[{"embeddable":true,"href":"https:\/\/www.europesays.com\/fr\/wp-json\/wp\/v2\/comments?post=614953"}],"version-history":[{"count":0,"href":"https:\/\/www.europesays.com\/fr\/wp-json\/wp\/v2\/posts\/614953\/revisions"}],"wp:featuredmedia":[{"embeddable":true,"href":"https:\/\/www.europesays.com\/fr\/wp-json\/wp\/v2\/media\/614954"}],"wp:attachment":[{"href":"https:\/\/www.europesays.com\/fr\/wp-json\/wp\/v2\/media?parent=614953"}],"wp:term":[{"taxonomy":"category","embeddable":true,"href":"https:\/\/www.europesays.com\/fr\/wp-json\/wp\/v2\/categories?post=614953"},{"taxonomy":"post_tag","embeddable":true,"href":"https:\/\/www.europesays.com\/fr\/wp-json\/wp\/v2\/tags?post=614953"}],"curies":[{"name":"wp","href":"https:\/\/api.w.org\/{rel}","templated":true}]}}