{"id":614955,"date":"2025-12-22T02:23:15","date_gmt":"2025-12-22T02:23:15","guid":{"rendered":"https:\/\/www.europesays.com\/fr\/614955\/"},"modified":"2025-12-22T02:23:15","modified_gmt":"2025-12-22T02:23:15","slug":"un-froid-mordant-va-debarquer-sur-la-manche-avec-possiblement-quelques-flocons-de-neige-pour-noel","status":"publish","type":"post","link":"https:\/\/www.europesays.com\/fr\/614955\/","title":{"rendered":"Un froid mordant va d\u00e9barquer sur la Manche, avec possiblement quelques flocons de neige pour No\u00ebl"},"content":{"rendered":"<p>                    Par<br \/>\n        <strong><br \/>\n            <a href=\"https:\/\/actu.fr\/auteur\/sebastien-lucot\" title=\"Consulter tous les articles de Sebastien Lucot\" target=\"_blank\" rel=\"noopener\">Sebastien Lucot<\/a><br \/>\n                    <\/strong><\/p>\n<p>        Publi\u00e9 le<\/p>\n<p>            21 d\u00e9c. 2025 \u00e0 19h49        <\/p>\n<p>Un <b>No\u00ebl blanc\u2009<\/b>? La f\u00e9erie sc\u00e9naris\u00e9e dans les films o\u00f9 les flocons virevoltent dans le ciel lors de la journ\u00e9e c\u00e9l\u00e9brant la Nativit\u00e9 pourrait, une fois n\u2019est pas coutume, s\u2019observer cette ann\u00e9e. La France, notamment en <a href=\"https:\/\/actu.fr\/normandie\/\" target=\"_blank\" rel=\"noopener\">Normandie<\/a> sous l\u2019influence d\u2019un<b> climat oc\u00e9anique<\/b>, n\u2019est pas habitu\u00e9e \u00e0 voir la neige tomber lors des<b> f\u00eates de fin d\u2019ann\u00e9e<\/b>. Une rar\u00e9faction amplifi\u00e9e par le <b>d\u00e9r\u00e8glement climatique<\/b> rendant les hivers encore plus doux compar\u00e9 au si\u00e8cle dernier.<\/p>\n<p>Un vent fort\u2026<\/p>\n<p class=\" wall-content\">Si de la <a href=\"https:\/\/actu.fr\/tag\/neige\" target=\"_blank\" rel=\"noopener\">neige<\/a> \u00e9tait encore pr\u00e9sente au sol fin d\u00e9cembre\u00a02010 \u2013 un mois avec des temp\u00e9ratures bien en de\u00e7\u00e0 des normes saisonni\u00e8res \u2013<b> il faut remonter \u00e0 1970 pour voir la neige tomber le jour de No\u00ebl dans la Manche<\/b>. D\u2019ailleurs, <b>une quarantaine de centim\u00e8tres <\/b>avaient \u00e9t\u00e9 relev\u00e9s sur les hauteurs de\u00a0<a href=\"https:\/\/actu.fr\/normandie\/cherbourg-en-cotentin_50129\" target=\"_blank\" rel=\"noopener\">Cherbourg<\/a>.<\/p>\n<p class=\" wall-content\">Sans atteindre ces quantit\u00e9s, un <b>changement de temps radical<\/b> va s\u2019op\u00e9rer cette semaine, apportant possiblement <b>quelques l\u00e9g\u00e8res chutes de neige<\/b>, notammen<b>t le jour de No\u00ebl<\/b>. En effet, les centres d\u2019actions \u2013 anticyclones et d\u00e9pressions \u2013 dans l\u2019h\u00e9misph\u00e8re nord vont \u00eatre largement bouscul\u00e9s et prendre des positionnements inhabituels ces prochains jours.<\/p>\n<p class=\" wall-content\">Un <b>vaste anticyclone <\/b>va se former en ce d\u00e9but de semaine sur la Scandinavie, conduisant ainsi, \u00e0 son sud, le flux \u00e0 prendre une composante de secteur est \u00e0 nord-est. De l\u2019air continental venu de Russie va d\u00e9ferler<b> d\u00e8s le 25\u00a0d\u00e9cembre sur la France<\/b>, avec parfois des r<b>afales proches de 70 \u00e0 80\u00a0km\/h<\/b> sur le <b>Cotentin<\/b>.<\/p>\n<p class=\" wall-content\">Si la p\u00e9ninsule du d\u00e9partement de la <a href=\"https:\/\/actu.fr\/normandie\/manche_50\" target=\"_blank\" rel=\"noopener\">Manche<\/a> va probablement \u00e9chapper au gel,<b> le mercure va plonger pour ne pas d\u00e9passer les 5 \u00e0 6 degr\u00e9s en journ\u00e9e<\/b>, proche de 2 \u00e0 3 degr\u00e9s le matin. Avec ce vent fort attendu, appel\u00e9 bise en France, le Nordet le long des c\u00f4tes de la Manche, le <b>ressenti <\/b>sera <b>glacial<\/b>.<\/p>\n<p class=\" wall-content\">De l\u2019ordre<b> de \u2013 3 \u00e0 \u2013 5<\/b>, parfois<b> jusqu\u2019\u00e0 \u2013 10<\/b> dans le Sud-Manche et les terres normandes, elles, <b>expos\u00e9es au gel <\/b>avec jusqu\u2019\u00e0 \u2013 3 degr\u00e9s sous abris \u00e0 l\u2019aube le jour de No\u00ebl.<\/p>\n<p>Vid\u00e9os : en ce moment sur Actu<\/p>\n<blockquote class=\"ac-article-quote wall-content\">\n<p>\u2009Les temp\u00e9ratures, en baisse progressive, devraient rester sous les moyennes de saison entre No\u00ebl et le Jour de l\u2019an.<\/p>\n<p>Les services de M\u00e9t\u00e9o France<\/p><\/blockquote>\n<p>\u2026 et un ressenti glacial<\/p>\n<p class=\" wall-content\">Pouss\u00e9e par ces vents d\u2019est, une<b> goutte froide en altitude<\/b> (jusqu\u2019\u00e0 \u2013 10 degr\u00e9s \u00e0 1\u2009500\u00a0m\u00e8tres) va circuler sur la moiti\u00e9 nord de la France. \u00c0 son passage au-dessus des eaux chaudes de la Manche, <b>quelques averses neigeuses <\/b>pourraient ainsi se former.<\/p>\n<p>Votre r\u00e9gion, votre actu !<\/p>\n<p>Recevez chaque jour les infos qui comptent pour vous.<\/p>\n<p>\t<a href=\"https:\/\/actu.fr\/newsletter\" class=\"ac-btn ac-btn--corner ac-btn--medium ac-btn--blue800\" target=\"_blank\" rel=\"noopener\">S&rsquo;incrire<\/a><\/p>\n<p class=\" wall-content\">Ce rapide interm\u00e8de apportant de l\u2019humidit\u00e9 et potentiellement quelques flocons \u2013 un<b> l\u00e9ger saupoudrage<\/b> tout au plus l\u00e0 o\u00f9 ces averses tomberont \u2013 laissera ensuite la place \u00e0 un<b> temps sec et toujours froid<\/b> jusqu\u2019en d\u00e9but d\u2019ann\u00e9e prochaine.<\/p>\n<p class=\" wall-content\">Personnalisez votre actualit\u00e9 en ajoutant vos villes et m\u00e9dias en favori avec <a href=\"https:\/\/moncompte.actu.fr\" title=\"D\u00e9couvez Mon Actu\" rel=\"nofollow noopener\" data-trk=\"{&quot;cta&quot;:{&quot;action&quot;:&quot;https:\\\/\\\/moncompte.actu.fr&quot;,&quot;category&quot;:&quot;mon compte&quot;,&quot;from&quot;:&quot;article footer&quot;,&quot;name&quot;:&quot;Mon actu&quot;,&quot;type&quot;:&quot;cta&quot;}}\" target=\"_blank\">Mon Actu<\/a>.<\/p>\n","protected":false},"excerpt":{"rendered":"Par Sebastien Lucot Publi\u00e9 le 21 d\u00e9c. 2025 \u00e0 19h49 Un No\u00ebl blanc\u2009? La f\u00e9erie sc\u00e9naris\u00e9e dans les&hellip;\n","protected":false},"author":2,"featured_media":614956,"comment_status":"","ping_status":"","sticky":false,"template":"","format":"standard","meta":{"footnotes":""},"categories":[4],"tags":[11,3168,1011,27,2357,10584,12,25,104],"class_list":{"0":"post-614955","1":"post","2":"type-post","3":"status-publish","4":"format-standard","5":"has-post-thumbnail","7":"category-france","8":"tag-actualites","9":"tag-cotentin","10":"tag-fr","11":"tag-france","12":"tag-meteo-france","13":"tag-neige","14":"tag-news","15":"tag-republique-francaise","16":"tag-societe"},"share_on_mastodon":{"url":"https:\/\/pubeurope.com\/@fr\/115760844294294920","error":""},"_links":{"self":[{"href":"https:\/\/www.europesays.com\/fr\/wp-json\/wp\/v2\/posts\/614955","targetHints":{"allow":["GET"]}}],"collection":[{"href":"https:\/\/www.europesays.com\/fr\/wp-json\/wp\/v2\/posts"}],"about":[{"href":"https:\/\/www.europesays.com\/fr\/wp-json\/wp\/v2\/types\/post"}],"author":[{"embeddable":true,"href":"https:\/\/www.europesays.com\/fr\/wp-json\/wp\/v2\/users\/2"}],"replies":[{"embeddable":true,"href":"https:\/\/www.europesays.com\/fr\/wp-json\/wp\/v2\/comments?post=614955"}],"version-history":[{"count":0,"href":"https:\/\/www.europesays.com\/fr\/wp-json\/wp\/v2\/posts\/614955\/revisions"}],"wp:featuredmedia":[{"embeddable":true,"href":"https:\/\/www.europesays.com\/fr\/wp-json\/wp\/v2\/media\/614956"}],"wp:attachment":[{"href":"https:\/\/www.europesays.com\/fr\/wp-json\/wp\/v2\/media?parent=614955"}],"wp:term":[{"taxonomy":"category","embeddable":true,"href":"https:\/\/www.europesays.com\/fr\/wp-json\/wp\/v2\/categories?post=614955"},{"taxonomy":"post_tag","embeddable":true,"href":"https:\/\/www.europesays.com\/fr\/wp-json\/wp\/v2\/tags?post=614955"}],"curies":[{"name":"wp","href":"https:\/\/api.w.org\/{rel}","templated":true}]}}