{"id":614957,"date":"2025-12-22T02:24:25","date_gmt":"2025-12-22T02:24:25","guid":{"rendered":"https:\/\/www.europesays.com\/fr\/614957\/"},"modified":"2025-12-22T02:24:25","modified_gmt":"2025-12-22T02:24:25","slug":"reportage-colere-des-agriculteurs-dans-le-gers-solidarite-convivialite-et-combativite-sur-le-rond-point-devenu-epicentre-de-la-mobilisation","status":"publish","type":"post","link":"https:\/\/www.europesays.com\/fr\/614957\/","title":{"rendered":"REPORTAGE. Col\u00e8re des agriculteurs dans le Gers\u00a0: solidarit\u00e9, convivialit\u00e9 et combativit\u00e9 sur le rond-point devenu \u00e9picentre de la mobilisation"},"content":{"rendered":"<p>\n                                                                    l&rsquo;essentiel<br \/>\n                                                                Apr\u00e8s plus d\u2019une semaine, la mobilisation des agriculteurs au rond-point de la Hur\u00e9e \u00e0 Auch (Gers) se poursuit. Malgr\u00e9 la fatigue, la solidarit\u00e9 et la convivialit\u00e9 dominent. Des actions coup de poing, comme le d\u00e9versement de d\u00e9chets devant le Centre des finances publiques, t\u00e9moignent de leur d\u00e9termination \u00e0 ne rien l\u00e2cher.\n                            <\/p>\n<p>\u00ab\u00a0Il y a assez d\u2019oignons, c\u2019est bon\u00a0\u00bb, assure le \u00ab\u00a0cuistot du jour\u00a0\u00bb aux cinq personnes en train d\u2019\u00e9mincer les l\u00e9gumes sous la tonnelle. Il ajoute les aliments dans la po\u00eale pos\u00e9e sur le r\u00e9chaud et donne le menu du jour\u00a0: \u00ab\u00a0Les flageolets accompagneront le mouton\u00a0\u00bb. \u00c0 quelques m\u00e8tres cuisent en effet, \u00e0 la broche, deux agneaux de 18\u00a0kg. \u00ab\u00a0Avant c\u2019\u00e9tait 24\u00a0kg, ce sont les nouvelles normes\u00a0\u00bb, indique le responsable de la viande.<\/p>\n<p>        <img decoding=\"async\" class=\"std-img__img responsive-img\" src=\"https:\/\/www.europesays.com\/fr\/wp-content\/uploads\/2025\/12\/1766370262_662_image.jpg\" alt=\"Une action a eu lieu au Centre des finances publiques dans la nuit.\"\/><\/p>\n<p>                Une action a eu lieu au Centre des finances publiques dans la nuit.<br \/>\n                                    Photo DDM &#8211; Lucie Lespinasse<\/p>\n<p>Il est midi pass\u00e9 ce dimanche 21\u00a0d\u00e9cembre et le camp du rond-point de la Hur\u00e9e \u00e0 Auch, plut\u00f4t calme dans la matin\u00e9e, voit arriver des agriculteurs et des soutiens pour partager le d\u00e9jeuner. \u00ab\u00a0La nuit a \u00e9t\u00e9 courte, t\u00e9moigne l\u2019un des manifestants. J\u2019\u00e9tais avec ma famille aux imp\u00f4ts.\u00a0\u00bb Dans la nuit, une action a en effet \u00e9t\u00e9 men\u00e9e devant le Centre des finances publiques \u00e0 Auch\u00a0: plusieurs bennes de d\u00e9chets y ont \u00e9t\u00e9 d\u00e9vers\u00e9es.<\/p>\n<p>\u00ab\u00a0Ils nous poussent \u00e0 cacher les b\u00eates\u00a0\u00bb<\/p>\n<p>Quelques participants \u00e0 la nuit sont encore pr\u00e9sents ce dimanche\u00a0sur l\u2019un des\u00a0derniers giratoires occup\u00e9s par les agriculteurs dans le Gers. Mais la plupart des personnes sont arriv\u00e9es le matin\u00a0: \u00ab\u00a0On se relaie\u00a0\u00bb, t\u00e9moigne le pr\u00e9pos\u00e9 \u00e0 l\u2019ail. Chacun participe selon ses moyens et disponibilit\u00e9s \u00e0 la vie du barrage.<\/p>\n<p>        <img decoding=\"async\" class=\"std-img__img responsive-img\" src=\"https:\/\/www.europesays.com\/fr\/wp-content\/uploads\/2025\/12\/1766370263_926_image.jpg\" alt=\"Sur le barrage, les repas sont partag\u00e9s.\"\/><\/p>\n<p>                Sur le barrage, les repas sont partag\u00e9s.<br \/>\n                                    Photo DDM &#8211; S\u00e9bastien Lapeyr\u00e8re<\/p>\n<p>Autour d\u2019une table, Denis et Lilian, bonnet jaune de la Coordination rurale sur la t\u00eate, ouvrent, eux, des hu\u00eetres, apport\u00e9es par une Gersoise solidaire. \u00ab\u00a0Je suis contre tout \u00e7a, l\u2019abattage syst\u00e9matique, la vaccination\u00a0\u00bb, explique-t-elle, un caf\u00e9 \u00e0 la main. \u00ab\u00a0On vit en absurdie.\u00a0\u00bb Ces rencontres entre agriculteurs et citoyens permettent les \u00e9changes sur les difficult\u00e9s du monde agricole et les revendications port\u00e9es.<\/p>\n<p>\u00ab\u00a0On sait que la dermatose nodulaire a une mortalit\u00e9 de moins de 10\u00a0%. Et pourtant on tue tout\u00a0!\u00a0\u00bb, s\u2019insurge Denis, un artisan landais pr\u00e9sent sur le blocage depuis vendredi, en soutien. \u00ab\u00a0Avec cette mesure, ils nous poussent \u00e0 l\u2019extr\u00eame et \u00e0 \u00eatre hors la loi\u00a0\u00bb, ajoute Lilian Goineau, \u00e9leveur bovin et porcin \u00e0 Morm\u00e8s. \u00ab\u00a0En fait, ils nous poussent \u00e0 cacher les b\u00eates\u00a0\u00bb, poursuit-il avant d\u2019\u00eatre interrompu par la musique de la tractopelle\u00a0: \u00ab\u00a0J\u2019en r\u00eave la nuit de cette m\u00e9lodie\u00a0\u00bb, rigole-t-il.<\/p>\n<p>Solidarit\u00e9 et convivialit\u00e9<\/p>\n<p>Malgr\u00e9 leurs difficult\u00e9s actuelles et la fatigue qui commence \u00e0 se faire ressentir, la bonne humeur et la convivialit\u00e9 r\u00e8gnent sur le barrage plus d\u2019une semaine apr\u00e8s le d\u00e9but de la mobilisation. Un sentiment renforc\u00e9 par les klaxons des automobilistes et la visite de Gersois solidaires\u00a0au quotidien. Ce dimanche midi, une paroissienne d\u2019Auch apporte une bougie en soutien au monde agricole. Tandis que d\u2019autres am\u00e8nent boisson ou nourriture pour le ravitaillement. Car quiconque le souhaite peut partager le repas sur le barrage.<\/p>\n<p>        <img decoding=\"async\" class=\"std-img__img responsive-img\" src=\"https:\/\/www.europesays.com\/fr\/wp-content\/uploads\/2025\/12\/1766370265_944_image.jpg\" alt=\"Les agriculteurs se sont organis\u00e9s afin de rester sur la dur\u00e9e.\"\/><\/p>\n<p>                Les agriculteurs se sont organis\u00e9s afin de rester sur la dur\u00e9e.<br \/>\n                                    Photo DDM &#8211; S\u00e9bastien Lapeyr\u00e8re<\/p>\n<p>Apr\u00e8s celle de la veille, \u00ab\u00a0tr\u00e8s sympa, avec plein de jeunes pr\u00e9sents\u00a0\u00bb, la Coordination rurale du Gers organise d\u2019ailleurs une nouvelle soir\u00e9e conviviale ce lundi 22\u00a0d\u00e9cembre, afin d\u2019\u00e9changer et de discuter. Car si certains blocages sont progressivement lev\u00e9s, comme \u00e0 Gimont ou \u00e0 Vic-Fezensac, les agriculteurs mobilis\u00e9s \u00e0 La Hur\u00e9e\u00a0ne pr\u00e9voient pas de quitter le giratoire et devraient y f\u00eater No\u00ebl. Le sapin, au milieu du rond-point, a, en tout cas, d\u00e9j\u00e0 \u00e9t\u00e9 d\u00e9cor\u00e9 dans ce sens.<\/p>\n","protected":false},"excerpt":{"rendered":"l&rsquo;essentiel Apr\u00e8s plus d\u2019une semaine, la mobilisation des agriculteurs au rond-point de la Hur\u00e9e \u00e0 Auch (Gers) se&hellip;\n","protected":false},"author":2,"featured_media":614958,"comment_status":"","ping_status":"","sticky":false,"template":"","format":"standard","meta":{"footnotes":""},"categories":[2],"tags":[11,327,16802,70814,33,1011,27,11328,12],"class_list":{"0":"post-614957","1":"post","2":"type-post","3":"status-publish","4":"format-standard","5":"has-post-thumbnail","7":"category-actualites","8":"tag-actualites","9":"tag-agriculture","10":"tag-auch","11":"tag-dermatose-nodulaire","12":"tag-economie","13":"tag-fr","14":"tag-france","15":"tag-gers","16":"tag-news"},"share_on_mastodon":{"url":"https:\/\/pubeurope.com\/@fr\/115760849042183830","error":""},"_links":{"self":[{"href":"https:\/\/www.europesays.com\/fr\/wp-json\/wp\/v2\/posts\/614957","targetHints":{"allow":["GET"]}}],"collection":[{"href":"https:\/\/www.europesays.com\/fr\/wp-json\/wp\/v2\/posts"}],"about":[{"href":"https:\/\/www.europesays.com\/fr\/wp-json\/wp\/v2\/types\/post"}],"author":[{"embeddable":true,"href":"https:\/\/www.europesays.com\/fr\/wp-json\/wp\/v2\/users\/2"}],"replies":[{"embeddable":true,"href":"https:\/\/www.europesays.com\/fr\/wp-json\/wp\/v2\/comments?post=614957"}],"version-history":[{"count":0,"href":"https:\/\/www.europesays.com\/fr\/wp-json\/wp\/v2\/posts\/614957\/revisions"}],"wp:featuredmedia":[{"embeddable":true,"href":"https:\/\/www.europesays.com\/fr\/wp-json\/wp\/v2\/media\/614958"}],"wp:attachment":[{"href":"https:\/\/www.europesays.com\/fr\/wp-json\/wp\/v2\/media?parent=614957"}],"wp:term":[{"taxonomy":"category","embeddable":true,"href":"https:\/\/www.europesays.com\/fr\/wp-json\/wp\/v2\/categories?post=614957"},{"taxonomy":"post_tag","embeddable":true,"href":"https:\/\/www.europesays.com\/fr\/wp-json\/wp\/v2\/tags?post=614957"}],"curies":[{"name":"wp","href":"https:\/\/api.w.org\/{rel}","templated":true}]}}