{"id":614965,"date":"2025-12-22T02:32:29","date_gmt":"2025-12-22T02:32:29","guid":{"rendered":"https:\/\/www.europesays.com\/fr\/614965\/"},"modified":"2025-12-22T02:32:29","modified_gmt":"2025-12-22T02:32:29","slug":"octobre-rose-7-000-e-remis-pour-soutenir-la-lutte-contre-le-cancer","status":"publish","type":"post","link":"https:\/\/www.europesays.com\/fr\/614965\/","title":{"rendered":"Octobre rose : 7 000 \u20ac remis pour soutenir la lutte contre le cancer"},"content":{"rendered":"<p>En soir\u00e9e, Marie-Pierre Tronc et Marjolaine Laffite, qui ont orchestr\u00e9 la journ\u00e9e Octobre rose du samedi 4 octobre, ont proc\u00e9d\u00e9 \u00e0 la remise d\u2019un ch\u00e8que d\u2019un montant total de 7 000 \u20ac. Cette somme a \u00e9t\u00e9 r\u00e9partie de fa\u00e7on \u00e0 soutenir deux institutions majeures : 4 500 \u20ac ont \u00e9t\u00e9 attribu\u00e9s \u00e0 l\u2019Espace de rencontres et d\u2019information (ERI) du CHU de N\u00eemes, tandis que 2 500 \u20ac ont \u00e9t\u00e9 vers\u00e9s \u00e0 l\u2019Institut du cancer de Montpellier (ICM), sp\u00e9cifiquement pour la recherche et le d\u00e9veloppement de nouvelles approches th\u00e9rapeutiques. Les organisatrices \u00e9taient entour\u00e9es des responsables des diff\u00e9rentes associations ayant contribu\u00e9 \u00e0 la r\u00e9ussite de cette journ\u00e9e, ainsi que de Camila Leclercq, responsable de l\u2019ERI sur le cancer au CHU de N\u00eemes.<\/p>\n<p><b>Une mobilisation solidaire<\/b><\/p>\n<p>Lors de la journ\u00e9e Octobre rose du samedi 4 octobre, de nombreux ateliers ont \u00e9t\u00e9 propos\u00e9s au public : marches, promenades, d\u00e9monstrations sportives et ateliers spectacles ont rythm\u00e9 l\u2019\u00e9v\u00e9nement. Le moment fort fut le d\u00e9fi photo, qui a rassembl\u00e9 plus de 500 participants au parc Blach\u00e8re, \u00e9galant ainsi le record \u00e9tabli l\u2019ann\u00e9e pr\u00e9c\u00e9dente. Les deux organisatrices pr\u00e9cisent : les dons ont \u00e9t\u00e9 collect\u00e9s non seulement lors de cette journ\u00e9e, mais \u00e9galement tout au long du mois d\u2019octobre. L\u2019\u00e9v\u00e9nement, \u00e0 la fois convivial et familial, a su mobiliser un large public. Comme les ann\u00e9es pr\u00e9c\u00e9dentes, les associations \u00e9taient pr\u00e9sentes pour organiser et animer les diff\u00e9rentes activit\u00e9s. Chacun, qu\u2019il s\u2019agisse des commer\u00e7ants, des b\u00e9n\u00e9voles, de la municipalit\u00e9 et des services techniques, a apport\u00e9 sa contribution \u00e0 la r\u00e9ussite de cette initiative solidaire. Lors de la c\u00e9r\u00e9monie, Camilla Leclercq a pris la parole pour rappeler : \u00ab\u00a0L\u2019ERI, en plus de favoriser le dialogue avec l\u2019ensemble des soignants, offre aux patients et \u00e0 leurs proches une information claire et pertinente sur le cancer, ainsi qu\u2019un accompagnement et une \u00e9coute \u00e0 chaque \u00e9tape de la maladie.\u00a0\u00bb Cette ann\u00e9e, 200 personnes ont pu b\u00e9n\u00e9ficier du programme de r\u00e9flexologie plantaire, qui vise \u00e0 att\u00e9nuer les effets secondaires des traitements. Enfin, Marie-Pierre Tronc, Marjolaine Lafitte et Camila Leclercq ont exprim\u00e9 leur gratitude envers tous les participants, b\u00e9n\u00e9voles, donateurs, associations, la municipalit\u00e9 et les services municipaux, sans lesquels la journ\u00e9e Octobre rose n\u2019aurait pu voir le jour. \u00ab\u00a0Cette belle somme t\u00e9moigne d\u2019un formidable \u00e9lan de solidarit\u00e9 dans la lutte contre le cancer\u00a0\u00bb, ont-elles soulign\u00e9 en guise de conclusion avant de donner rendez-vous \u00e0 tous pour l\u2019ann\u00e9e prochaine.<\/p>\n<p>Correspondant Midi Libre : 06 80 59 76 58<\/p>\n","protected":false},"excerpt":{"rendered":"En soir\u00e9e, Marie-Pierre Tronc et Marjolaine Laffite, qui ont orchestr\u00e9 la journ\u00e9e Octobre rose du samedi 4 octobre,&hellip;\n","protected":false},"author":2,"featured_media":614966,"comment_status":"","ping_status":"","sticky":false,"template":"","format":"standard","meta":{"footnotes":""},"categories":[9599],"tags":[1111,11,72591,1777,674,1011,27,2679,2208,12,2680,25,8755],"class_list":{"0":"post-614965","1":"post","2":"type-post","3":"status-publish","4":"format-standard","5":"has-post-thumbnail","7":"category-montpellier","8":"tag-actu","9":"tag-actualites","10":"tag-bouillargues","11":"tag-eu","12":"tag-europe","13":"tag-fr","14":"tag-france","15":"tag-gard","16":"tag-montpellier","17":"tag-news","18":"tag-occitanie","19":"tag-republique-francaise","20":"tag-santu00e9"},"share_on_mastodon":{"url":"https:\/\/pubeurope.com\/@fr\/115760879767965296","error":""},"_links":{"self":[{"href":"https:\/\/www.europesays.com\/fr\/wp-json\/wp\/v2\/posts\/614965","targetHints":{"allow":["GET"]}}],"collection":[{"href":"https:\/\/www.europesays.com\/fr\/wp-json\/wp\/v2\/posts"}],"about":[{"href":"https:\/\/www.europesays.com\/fr\/wp-json\/wp\/v2\/types\/post"}],"author":[{"embeddable":true,"href":"https:\/\/www.europesays.com\/fr\/wp-json\/wp\/v2\/users\/2"}],"replies":[{"embeddable":true,"href":"https:\/\/www.europesays.com\/fr\/wp-json\/wp\/v2\/comments?post=614965"}],"version-history":[{"count":0,"href":"https:\/\/www.europesays.com\/fr\/wp-json\/wp\/v2\/posts\/614965\/revisions"}],"wp:featuredmedia":[{"embeddable":true,"href":"https:\/\/www.europesays.com\/fr\/wp-json\/wp\/v2\/media\/614966"}],"wp:attachment":[{"href":"https:\/\/www.europesays.com\/fr\/wp-json\/wp\/v2\/media?parent=614965"}],"wp:term":[{"taxonomy":"category","embeddable":true,"href":"https:\/\/www.europesays.com\/fr\/wp-json\/wp\/v2\/categories?post=614965"},{"taxonomy":"post_tag","embeddable":true,"href":"https:\/\/www.europesays.com\/fr\/wp-json\/wp\/v2\/tags?post=614965"}],"curies":[{"name":"wp","href":"https:\/\/api.w.org\/{rel}","templated":true}]}}