{"id":614974,"date":"2025-12-22T02:44:33","date_gmt":"2025-12-22T02:44:33","guid":{"rendered":"https:\/\/www.europesays.com\/fr\/614974\/"},"modified":"2025-12-22T02:44:33","modified_gmt":"2025-12-22T02:44:33","slug":"selestat-les-jeunes-choristes-de-lime-arc-en-ciel-preparent-leur-concert-rock-du-26-janvier-au-zenith","status":"publish","type":"post","link":"https:\/\/www.europesays.com\/fr\/614974\/","title":{"rendered":"S\u00e9lestat. Les jeunes choristes de l\u2019IME Arc-en-ciel pr\u00e9parent leur concert rock du 26\u00a0janvier au Z\u00e9nith"},"content":{"rendered":"<p>Par un bel apr\u00e8s-midi du mois de novembre, Jade, Mathilde et Clara, \u00e9l\u00e8ves de l\u2019IME Arc-en-ciel \u00e0 S\u00e9lestat, \u00e9coutent, lisent les paroles et chantent, sous la direction de Raphaella Schmidt, \u00e9ducatrice sp\u00e9cialis\u00e9e. Bruce Springsteen et les Rolling Stones sont au programme. \u00ab\u00a0D\u2019habitude j\u2019\u00e9coute plut\u00f4t du rap fran\u00e7ais. C\u2019est pas facile \u00e0 apprendre des chansons rock en anglais\u00a0\u00bb, souligne Mathilde, 16 ans.<\/p>\n<p>\u00ab\u00a0On prend notre temps, elles apprennent strophe apr\u00e8s strophe avec beaucoup de s\u00e9rieux et de professionnalisme. Les \u00e9l\u00e8ves n\u2019ont pas de cours d\u2019anglais \u00e0 l\u2019IME\u00a0\u00bb, pr\u00e9cise l\u2019\u00e9ducatrice. Et alors que la complainte r\u00e9volutionnaire  I can\u2019t get no  de Jagger et Richards s\u2019\u00e9l\u00e8ve dans les airs, un peu plus loin, Yanis, Na\u00ebl, David et Steven, dans le hall au premier \u00e9tage devant l\u2019ascenseur, sont en train de travailler un medley du groupe T\u00e9l\u00e9phone.<\/p>\n<p>\u00ab\u00a0Un projet en collaboration avec les chorales des coll\u00e8ges de Dambach-la-Ville et de Matzenheim\u00a0\u00bb<\/p>\n<p>\u00ab\u00a0J\u2019aimerais mieux travailler&#8230;<\/p>\n","protected":false},"excerpt":{"rendered":"Par un bel apr\u00e8s-midi du mois de novembre, Jade, Mathilde et Clara, \u00e9l\u00e8ves de l\u2019IME Arc-en-ciel \u00e0 S\u00e9lestat,&hellip;\n","protected":false},"author":2,"featured_media":614975,"comment_status":"","ping_status":"","sticky":false,"template":"","format":"standard","meta":{"footnotes":""},"categories":[2820],"tags":[1111,11,1687,3143,1777,674,107,1011,27,775,1943,873,12,25,71,3142,3141,104,3140,640],"class_list":{"0":"post-614974","1":"post","2":"type-post","3":"status-publish","4":"format-standard","5":"has-post-thumbnail","7":"category-strasbourg","8":"tag-actu","9":"tag-actualites","10":"tag-culture-loisirs","11":"tag-edition-selestat-erstein","12":"tag-eu","13":"tag-europe","14":"tag-fil-info","15":"tag-fr","16":"tag-france","17":"tag-grand-est","18":"tag-handicap","19":"tag-musique","20":"tag-news","21":"tag-republique-francaise","22":"tag-sante","23":"tag-secteur-de-selestat","24":"tag-selestat","25":"tag-societe","26":"tag-spectacle","27":"tag-strasbourg"},"share_on_mastodon":{"url":"https:\/\/pubeurope.com\/@fr\/115760926854488006","error":""},"_links":{"self":[{"href":"https:\/\/www.europesays.com\/fr\/wp-json\/wp\/v2\/posts\/614974","targetHints":{"allow":["GET"]}}],"collection":[{"href":"https:\/\/www.europesays.com\/fr\/wp-json\/wp\/v2\/posts"}],"about":[{"href":"https:\/\/www.europesays.com\/fr\/wp-json\/wp\/v2\/types\/post"}],"author":[{"embeddable":true,"href":"https:\/\/www.europesays.com\/fr\/wp-json\/wp\/v2\/users\/2"}],"replies":[{"embeddable":true,"href":"https:\/\/www.europesays.com\/fr\/wp-json\/wp\/v2\/comments?post=614974"}],"version-history":[{"count":0,"href":"https:\/\/www.europesays.com\/fr\/wp-json\/wp\/v2\/posts\/614974\/revisions"}],"wp:featuredmedia":[{"embeddable":true,"href":"https:\/\/www.europesays.com\/fr\/wp-json\/wp\/v2\/media\/614975"}],"wp:attachment":[{"href":"https:\/\/www.europesays.com\/fr\/wp-json\/wp\/v2\/media?parent=614974"}],"wp:term":[{"taxonomy":"category","embeddable":true,"href":"https:\/\/www.europesays.com\/fr\/wp-json\/wp\/v2\/categories?post=614974"},{"taxonomy":"post_tag","embeddable":true,"href":"https:\/\/www.europesays.com\/fr\/wp-json\/wp\/v2\/tags?post=614974"}],"curies":[{"name":"wp","href":"https:\/\/api.w.org\/{rel}","templated":true}]}}