{"id":614978,"date":"2025-12-22T02:48:42","date_gmt":"2025-12-22T02:48:42","guid":{"rendered":"https:\/\/www.europesays.com\/fr\/614978\/"},"modified":"2025-12-22T02:48:42","modified_gmt":"2025-12-22T02:48:42","slug":"le-gym-retrouve-la-victoire-2-1","status":"publish","type":"post","link":"https:\/\/www.europesays.com\/fr\/614978\/","title":{"rendered":"Le Gym retrouve la victoire ! (2-1)"},"content":{"rendered":"<p class=\"scorebox_compet\">\n                        <strong>Coupe de France<\/strong> 32e de finale\n                    <\/p>\n<p>                        <img decoding=\"async\" src=\"https:\/\/www.europesays.com\/fr\/wp-content\/uploads\/2025\/04\/500208.png\" class=\"scorebox_logodom\"\/><\/p>\n<p>\n                            2 :<br \/>\n                            1\n                        <\/p>\n<p>                        <img decoding=\"async\" src=\"https:\/\/www.europesays.com\/fr\/wp-content\/uploads\/2025\/12\/500225.png\" class=\"scorebox_logoext\"\/><\/p>\n<p><strong>Diallo<\/strong> (11&prime;)<\/p>\n<p><strong>Sanson<\/strong> (73&prime;)<\/p>\n<p class=\"accroche\">L&rsquo;OGC Nice s&rsquo;est impos\u00e9 2 buts \u00e0 1 face \u00e0 l&rsquo;AS Saint-\u00c9tienne ce dimanche en 32e de finale de Coupe de France. Zoumana Diallo et Morgan Sanson ont fait trembler les filets en faveur du Gym.<\/p>\n<p>La longue attente est termin\u00e9e. Courant derri\u00e8re son premier succ\u00e8s depuis le 29 octobre dernier et une victoire face \u00e0 Lille en Ligue 1 (J10, 2-0), le Gym a profit\u00e9 de l&rsquo;arriv\u00e9e de la Coupe de France pour enfin se relancer. Oppos\u00e9s \u00e0 une formation st\u00e9phanoise deuxi\u00e8me de Ligue 2 et lanc\u00e9e \u00e0 pleine vitesse dans sa mission remont\u00e9e, les hommes de Franck Haise ont fait le travail \u00e0 l&rsquo;Allianz Riviera.\u00a0<\/p>\n<p>Organis\u00e9 en 4-3-3, avec le retour dans la cage de Maxime Dup\u00e9 mais surtout, la premi\u00e8re de Zoumana Diallo avec l&rsquo;\u00e9quipe fanion du Gym, le collectif a \u00e9t\u00e9 mis sur orbite par son jeune \u00e9l\u00e9ment de 20 ans. D\u00e9barqu\u00e9 en provenance de Strasbourg l&rsquo;\u00e9t\u00e9 dernier, l&rsquo;attaquant puissant et v\u00e9loce n&rsquo;a pas trembl\u00e9 pour convertir en but la belle offrande de Jonathan Clauss, auteur d&rsquo;un bon centre sur la droite de la surface \u00e0 la suite d&rsquo;une action collective superbement d\u00e9velopp\u00e9e (1-0, 11e). Titularis\u00e9 pour la premi\u00e8re fois, pour sa seconde apparition seulement dans le groupe ni\u00e7ois, Diallo s&rsquo;est jet\u00e9 pour couper le ballon au premier poteau comme un pur avant-centre.\u00a0<\/p>\n<p><img loading=\"lazy\" decoding=\"async\" alt=\"\" height=\"1667\" src=\"https:\/\/www.europesays.com\/fr\/wp-content\/uploads\/2025\/12\/ICONSPORT_280516_0041.jpg\" width=\"2500\"\/><\/p>\n<p>Mis en confiance par cette ouverture du score pr\u00e9coce, les Rouge et Noir ont continu\u00e9 \u00e0 se montrer dangereux. Proc\u00e9dant en contre-attaque, ils ont laiss\u00e9 le ballon \u00e0 un adversaire plus \u00e0 l&rsquo;aise pour contr\u00f4ler le jeu mais en difficult\u00e9 dans son dos. Cela aurait pu profiter \u00e0 Tanguy Ndombele, seul dans la surface pour h\u00e9riter du ballon mal d\u00e9gag\u00e9 par Gautier Larsonneur \u00e0 la suite d&rsquo;un nouveau centre bien senti de Clauss. Malheureusement pour le Gym, le milieu de terrain fran\u00e7ais a trop tergivers\u00e9 pour placer sa frappe, finalement d\u00e9vi\u00e9e juste \u00e0 c\u00f4t\u00e9 du montant for\u00e9zien (20e).\u00a0<\/p>\n<p>SANSON D\u00e9bloque son compteur<\/p>\n<p>La fin du premier acte a globalement \u00e9t\u00e9 ma\u00eetris\u00e9e par les hommes d&rsquo;Eirik Horneland, dangereux par l&rsquo;interm\u00e9diaire d&rsquo;Augustine Boakye (31e) puis de Paul Eymard (40e). Mais \u00e0 chaque fois, Dup\u00e9, tr\u00e8s vigilant, s&rsquo;est interpos\u00e9 sans trembler. Le dernier rempart azur\u00e9en n&rsquo;a malheureusement rien pu faire quelques minutes plus tard, lorsque Zuriko Davitashvili s&rsquo;est \u00e9lanc\u00e9 depuis les 11 m\u00e8tres pour transformer le p\u00e9nalty obtenu par Lucas Stassin (1-1, 45e).\u00a0<\/p>\n<p><img loading=\"lazy\" decoding=\"async\" alt=\"\" height=\"1667\" src=\"https:\/\/www.europesays.com\/fr\/wp-content\/uploads\/2025\/12\/ICONSPORT_280516_0051.jpg\" width=\"2500\"\/><\/p>\n<p>De plus en plus d\u00e9brid\u00e9 au fil des minutes &#8211; les deux \u00e9quipes souhaitant \u00e0 tout prix \u00e9viter la s\u00e9ance de tirs au but -, le match s&rsquo;est consid\u00e9rablement anim\u00e9 apr\u00e8s le repos. Morgan Sanson s&rsquo;est cr\u00e9\u00e9 une \u00e9norme occasion en profitant d&rsquo;un ballon gratt\u00e9 haut par Cho mais la reprise en premi\u00e8re intention du milieu de terrain a \u00e9t\u00e9 d\u00e9vi\u00e9e du bout des gants par Larsonneur, emp\u00eachant Sofiane Diop de couper dans le but vide au second poteau (51e).<\/p>\n<p>Ce n&rsquo;\u00e9tait que parti remise pour Sanson, dont le volume de jeu et l&rsquo;activit\u00e9 ont finalement \u00e9t\u00e9 r\u00e9compens\u00e9s \u00e0 l&rsquo;or\u00e9e du dernier quart d&rsquo;heure. Tirant profit d&rsquo;un nouveau d\u00e9bordement de Cho c\u00f4t\u00e9 droit, l&rsquo;ancien joueur d&rsquo;Aston Villa s&rsquo;est retrouv\u00e9 sur la trajectoire d&rsquo;un ballon mal d\u00e9gag\u00e9 par Larsonneur pour conclure en demi-vol\u00e9e et inscrire sa premi\u00e8re r\u00e9alisation de la saison (2-1, 73e).\u00a0<\/p>\n<p>LE GYM A R\u00e9sist\u00e9\u00a0<\/p>\n<p>Beaucoup plus r\u00e9alistes que lors de leurs derni\u00e8res sorties, les Aiglons ont ensuite solidement r\u00e9sist\u00e9 \u00e0 la pression st\u00e9phanoise. La reprise de Zuriko Davitashvili n&rsquo;a pas accroch\u00e9 le cadre (68e), tout comme celle de Mahmoud Jaber (76e). Le dernier gros frisson de l&rsquo;apr\u00e8s-midi \u00e0 l&rsquo;Allianz Riviera est venu de\u00a0Nadir El Jamali, dont la lourde frappe d\u00e9clench\u00e9e depuis la droite de la surface a fr\u00f4l\u00e9 le montant gauche de Dup\u00e9 (89e). Apr\u00e8s le dernier tir hors cadre de Stassin (90e+4), Melvin Bard et ses partenaires ont pu souffler : cette fois-ci, la victoire ne leur \u00e9chapperait pas !\u00a0<\/p>\n<p><img loading=\"lazy\" decoding=\"async\" alt=\"\" height=\"1667\" src=\"https:\/\/www.europesays.com\/fr\/wp-content\/uploads\/2025\/12\/ICONSPORT_280516_0048.jpg\" width=\"2500\"\/><\/p>\n<p>Qualifi\u00e9s pour les 16e de finale de la doyenne des comp\u00e9titions fran\u00e7aises, les Rouge et Noir concluent donc d&rsquo;une belle mani\u00e8re leur ann\u00e9e 2025. Ils n&rsquo;auront pas \u00e0 attendre longtemps pour conna\u00eetre le nom de leur futur adversaire, puisque le tirage au sort sera effectu\u00e9 ce dimanche soir \u00e0 partir de 19h45. D\u00e9sormais, place \u00e0 la tr\u00eave de No\u00ebl : le Gym retrouvera la comp\u00e9tition le 3 janvier prochain, en Ligue 1 face \u00e0 Strasbourg.\u00a0<\/p>\n<p class=\"article_credit\">Hugo Rondet<\/p>\n<p>\n        Feuille de match\n    <\/p>\n<p><strong>Coupe de France            \u2022 32e de finale<\/strong><br class=\"d-inline d-md-none\"\/><\/p>\n<p>            21 d\u00e9cembre 2025<\/p>\n<p>        14:45\n    <\/p>\n<p class=\"cr-stade_title\">\u00c0 Nice<\/p>\n<p class=\"cr-stade_name\">\n                <strong>Allianz Riviera<\/strong><br \/>Match \u00e0 huis clos            <\/p>\n<p>                                    <img decoding=\"async\" src=\"https:\/\/www.europesays.com\/fr\/wp-content\/uploads\/2025\/04\/allianz-riviera.jpg\"\/><br \/>\n                    Allianz Riviera &#8211; Nice<\/p>\n<p>                            <img decoding=\"async\" src=\"https:\/\/www.europesays.com\/fr\/wp-content\/uploads\/2025\/04\/500208.png\" alt=\"Logo OGC Nice\"\/><br \/>\n                        OGC Nice<\/p>\n<p>                            <img decoding=\"async\" src=\"https:\/\/www.europesays.com\/fr\/wp-content\/uploads\/2025\/12\/500225.png\" alt=\"Logo AS Saint-Etienne\"\/><br \/>\n                        AS Saint-Etienne<\/p>\n<p>                                    <img decoding=\"async\" src=\"https:\/\/www.europesays.com\/fr\/wp-content\/uploads\/2025\/04\/500208.png\" alt=\"Logo Nice\"\/><br \/>\n                                Nice<\/p>\n<p>Entra\u00eeneur                    <br \/><strong>Franck Haise<br \/>\n                    <\/strong><\/p>\n<p>        Remplacements<\/p>\n<ul>\n<li>\n<p>62&prime;<\/p>\n<\/li>\n<li>\n<p>62&prime;<\/p>\n<\/li>\n<li>\n<p>82&prime;<\/p>\n<\/li>\n<\/ul>\n<p>            Non-entr\u00e9s en jeu<\/p>\n<p>                    Zelazowski                    Mantsounga                    Youssouf                    Pereira                    Brignone                    Carlos<\/p>\n<p>                <img decoding=\"async\" src=\"https:\/\/www.europesays.com\/fr\/wp-content\/uploads\/2025\/12\/500225.png\" alt=\"Logo St Etienne\"\/><br \/>\n                St Etienne<\/p>\n<p>Entra\u00eeneur                    <br \/><strong>Eirik Horneland<br \/>\n                    <\/strong><\/p>\n<p>        Remplacements<\/p>\n<ul>\n<li>\n<p>77&prime;<\/p>\n<\/li>\n<li>\n<p>77&prime;<\/p>\n<\/li>\n<\/ul>\n<p>            Non-entr\u00e9s en jeu<\/p>\n<p>                    Maubleu                    Appiah                    Ma\u00e7on                    Stojkovi\u0107                    Mouton                    Gadegbeku                    N&rsquo;Guessan<\/p>\n<p class=\"cr-arbitre_title\">Arbitre<\/p>\n<p class=\"cr-arbitre_name\">Ga\u00ebl<br \/>\n                <br \/><strong>Angoula<\/strong><\/p>\n<p>                    <img decoding=\"async\" src=\"https:\/\/www.europesays.com\/fr\/wp-content\/uploads\/2025\/12\/gael-angoula.jpg\"\/><br \/>\n                    Ga\u00ebl Angoula<\/p>\n<p>        Discipline<br \/>\n        Avertissements<\/p>\n<p> <strong>Sanson<\/strong> (86&prime;) <strong>Cho<\/strong> (90&prime;)<\/p>\n<p>        Expulsions<\/p>\n<p>        Discipline<br \/>\n        Avertissements<\/p>\n<p> <strong>Old<\/strong> (55&prime;) <strong>Jaber<\/strong> (60&prime;)<\/p>\n<p>        Expulsions<\/p>\n","protected":false},"excerpt":{"rendered":"Coupe de France 32e de finale 2 : 1 Diallo (11&prime;) Sanson (73&prime;) L&rsquo;OGC Nice s&rsquo;est impos\u00e9 2&hellip;\n","protected":false},"author":2,"featured_media":614979,"comment_status":"","ping_status":"","sticky":false,"template":"","format":"standard","meta":{"footnotes":""},"categories":[2819],"tags":[1111,11,1777,674,1011,27,12,2401,882,25],"class_list":{"0":"post-614978","1":"post","2":"type-post","3":"status-publish","4":"format-standard","5":"has-post-thumbnail","7":"category-nice","8":"tag-actu","9":"tag-actualites","10":"tag-eu","11":"tag-europe","12":"tag-fr","13":"tag-france","14":"tag-news","15":"tag-nice","16":"tag-provence-alpes-cote-dazur","17":"tag-republique-francaise"},"share_on_mastodon":{"url":"https:\/\/pubeurope.com\/@fr\/115760944167358746","error":""},"_links":{"self":[{"href":"https:\/\/www.europesays.com\/fr\/wp-json\/wp\/v2\/posts\/614978","targetHints":{"allow":["GET"]}}],"collection":[{"href":"https:\/\/www.europesays.com\/fr\/wp-json\/wp\/v2\/posts"}],"about":[{"href":"https:\/\/www.europesays.com\/fr\/wp-json\/wp\/v2\/types\/post"}],"author":[{"embeddable":true,"href":"https:\/\/www.europesays.com\/fr\/wp-json\/wp\/v2\/users\/2"}],"replies":[{"embeddable":true,"href":"https:\/\/www.europesays.com\/fr\/wp-json\/wp\/v2\/comments?post=614978"}],"version-history":[{"count":0,"href":"https:\/\/www.europesays.com\/fr\/wp-json\/wp\/v2\/posts\/614978\/revisions"}],"wp:featuredmedia":[{"embeddable":true,"href":"https:\/\/www.europesays.com\/fr\/wp-json\/wp\/v2\/media\/614979"}],"wp:attachment":[{"href":"https:\/\/www.europesays.com\/fr\/wp-json\/wp\/v2\/media?parent=614978"}],"wp:term":[{"taxonomy":"category","embeddable":true,"href":"https:\/\/www.europesays.com\/fr\/wp-json\/wp\/v2\/categories?post=614978"},{"taxonomy":"post_tag","embeddable":true,"href":"https:\/\/www.europesays.com\/fr\/wp-json\/wp\/v2\/tags?post=614978"}],"curies":[{"name":"wp","href":"https:\/\/api.w.org\/{rel}","templated":true}]}}