{"id":614986,"date":"2025-12-22T02:59:16","date_gmt":"2025-12-22T02:59:16","guid":{"rendered":"https:\/\/www.europesays.com\/fr\/614986\/"},"modified":"2025-12-22T02:59:16","modified_gmt":"2025-12-22T02:59:16","slug":"lol-ne-tremble-pas-devant-saint-cyr-et-rejoint-lille","status":"publish","type":"post","link":"https:\/\/www.europesays.com\/fr\/614986\/","title":{"rendered":"l\u2019OL ne tremble pas devant Saint-Cyr et rejoint Lille"},"content":{"rendered":"<p>L\u2019<a href=\"https:\/\/www.onzemondial.com\/france\/ol.html\" target=\"_blank\" rel=\"noopener\">OL<\/a> a tenu son rang pour son entr\u00e9e en lice en Coupe de France. Face au voisin amateur de Saint-Cyr Collonges (R\u00e9gionale 1), l\u2019OL s\u2019est impos\u00e9 logiquement (2-0) ce dimanche soir au Groupama Stadium et a valid\u00e9 son billet pour les 16es de finale, o\u00f9 l\u2019attend Lille. Sans briller mais avec s\u00e9rieux, les hommes de Paulo Fonseca ont \u00e9vit\u00e9 le pi\u00e8ge classique de la comp\u00e9tition.<\/p>\n<p>Longtemps, pourtant, les Lyonnais ont d\u00fb s\u2019armer de patience. Dominateurs dans le jeu d\u00e8s les premi\u00e8res minutes, ils se sont heurt\u00e9s \u00e0 un bloc bas bien organis\u00e9 et \u00e0 un gardien saint-cyr\u00f4t appliqu\u00e9. Malgr\u00e9 plusieurs occasions franches \u2014 une barre transversale d\u2019Abner, des t\u00eates manqu\u00e9es de Karabec et Kluivert, ou encore une vol\u00e9e repouss\u00e9e de Morton \u2014 l\u2019OL est rentr\u00e9 aux vestiaires sur un score vierge, sous quelques sifflets du public.<\/p>\n<p>La belle entr\u00e9e de Sulc<\/p>\n<p>Au retour des vestiaires, Lyon a acc\u00e9l\u00e9r\u00e9. La d\u00e9livrance est venue \u00e0 la 52e minute sur coup franc : repouss\u00e9 par Chakri, le ballon est revenu dans les pieds d\u2019Abner Vin\u00edcius, qui a conclu sans trembler pour ouvrir le score. Plus lib\u00e9r\u00e9s, les Lyonnais ont ensuite multipli\u00e9 les situations dangereuses mais ont longtemps manqu\u00e9 de pr\u00e9cision dans le dernier geste.<\/p>\n<p>Il a fallu attendre la fin de match pour voir l\u2019OL se mettre d\u00e9finitivement \u00e0 l\u2019abri. \u00c0 la 85e minute, Pavel Sulc, entr\u00e9 en jeu \u00e0 la pause, a profit\u00e9 d\u2019un centre en retrait pour inscrire le deuxi\u00e8me but, puis un troisi\u00e8me en toute fin de match pour sceller la victoire lyonnaise. Une r\u00e9compense logique pour les Gones, globalement ma\u00eetres du match, face \u00e0 une vaillante \u00e9quipe de Saint-Cyr Collonges qui n\u2019a jamais renonc\u00e9.<\/p>\n<p>   Partagez cette info avec vos amis et vos proches en cliquant ici<br \/> Pour r\u00e9sumer<\/p>\n<p>L\u2019OL s\u2019est impos\u00e9 sans trembler face \u00e0 Saint-Cyr Collonges (2-0) en 32es de finale de la Coupe de France. Apr\u00e8s une premi\u00e8re p\u00e9riode poussive, l\u2019OL a fait la diff\u00e9rence gr\u00e2ce \u00e0 Abner et Sulc, validant sa qualification pour les 16es face \u00e0 Lille.<\/p>\n<p>R\u00e9dacteur<\/p>\n<p><img decoding=\"async\" width=\"76\" height=\"76\" loading=\"lazy\" src=\"https:\/\/www.europesays.com\/fr\/wp-content\/uploads\/2025\/04\/logo-julien-pedebos.jpg\" alt=\"Julien P\u00e9debos\"\/><\/p>\n","protected":false},"excerpt":{"rendered":"L\u2019OL a tenu son rang pour son entr\u00e9e en lice en Coupe de France. Face au voisin amateur&hellip;\n","protected":false},"author":2,"featured_media":614987,"comment_status":"","ping_status":"","sticky":false,"template":"","format":"standard","meta":{"footnotes":""},"categories":[2815],"tags":[1111,11,83,1777,674,1011,27,811,66,1307,12,241,25],"class_list":{"0":"post-614986","1":"post","2":"type-post","3":"status-publish","4":"format-standard","5":"has-post-thumbnail","7":"category-lille","8":"tag-actu","9":"tag-actualites","10":"tag-coupe-de-france","11":"tag-eu","12":"tag-europe","13":"tag-fr","14":"tag-france","15":"tag-hauts-de-france","16":"tag-ligue-1","17":"tag-lille","18":"tag-news","19":"tag-ol","20":"tag-republique-francaise"},"share_on_mastodon":{"url":"https:\/\/pubeurope.com\/@fr\/115760987813212910","error":""},"_links":{"self":[{"href":"https:\/\/www.europesays.com\/fr\/wp-json\/wp\/v2\/posts\/614986","targetHints":{"allow":["GET"]}}],"collection":[{"href":"https:\/\/www.europesays.com\/fr\/wp-json\/wp\/v2\/posts"}],"about":[{"href":"https:\/\/www.europesays.com\/fr\/wp-json\/wp\/v2\/types\/post"}],"author":[{"embeddable":true,"href":"https:\/\/www.europesays.com\/fr\/wp-json\/wp\/v2\/users\/2"}],"replies":[{"embeddable":true,"href":"https:\/\/www.europesays.com\/fr\/wp-json\/wp\/v2\/comments?post=614986"}],"version-history":[{"count":0,"href":"https:\/\/www.europesays.com\/fr\/wp-json\/wp\/v2\/posts\/614986\/revisions"}],"wp:featuredmedia":[{"embeddable":true,"href":"https:\/\/www.europesays.com\/fr\/wp-json\/wp\/v2\/media\/614987"}],"wp:attachment":[{"href":"https:\/\/www.europesays.com\/fr\/wp-json\/wp\/v2\/media?parent=614986"}],"wp:term":[{"taxonomy":"category","embeddable":true,"href":"https:\/\/www.europesays.com\/fr\/wp-json\/wp\/v2\/categories?post=614986"},{"taxonomy":"post_tag","embeddable":true,"href":"https:\/\/www.europesays.com\/fr\/wp-json\/wp\/v2\/tags?post=614986"}],"curies":[{"name":"wp","href":"https:\/\/api.w.org\/{rel}","templated":true}]}}