{"id":614991,"date":"2025-12-22T03:04:15","date_gmt":"2025-12-22T03:04:15","guid":{"rendered":"https:\/\/www.europesays.com\/fr\/614991\/"},"modified":"2025-12-22T03:04:15","modified_gmt":"2025-12-22T03:04:15","slug":"sgm-et-frederic-merlin-echouent-a-trouver-les-fonds-necessaires","status":"publish","type":"post","link":"https:\/\/www.europesays.com\/fr\/614991\/","title":{"rendered":"SGM et Fr\u00e9d\u00e9ric Merlin \u00e9chouent \u00e0 trouver les fonds n\u00e9cessaires"},"content":{"rendered":"<p itemprop=\"description\"><strong>Apr\u00e8s l\u2019\u00e9chec des discussions avec le groupe lyonnais SGM de Fr\u00e9d\u00e9ric Merlin, les Galeries Lafayette ont engag\u00e9 des \u00e9changes exclusifs avec un investisseur anglo-saxon pour c\u00e9der les murs du BHV Marais.<\/strong><\/p>\n<p>Le dossier du BHV Marais change de cap. Les Galeries Lafayette ont d\u00e9cid\u00e9 de tourner la page des n\u00e9gociations engag\u00e9es avec le groupe SGM, dirig\u00e9 par Fr\u00e9d\u00e9ric Merlin, ce dernier n&rsquo;ayant pas trouv\u00e9 les fonds n\u00e9cessaires alors que la promesse de vente conclue entre les deux parties arrivait \u00e0 \u00e9ch\u00e9ance.<\/p>\n<p>Un nouveau cycle de discussions d\u00e9bute avec un investisseur anglo-saxon en vue de la vente des murs du grand magasin parisien.<\/p>\n<p>Faute d\u2019avoir s\u00e9curis\u00e9 le financement n\u00e9cessaire, le groupe lyonnais n\u2019a pas pu finaliser l\u2019op\u00e9ration. Dans ce contexte, un accord exclusif a \u00e9t\u00e9 engag\u00e9 avec un acteur \u00e9tranger, dont l\u2019identit\u00e9 n\u2019a pas \u00e9t\u00e9 rendue publique, pour une cession envisag\u00e9e \u00e0 l\u2019horizon janvier 2026.<\/p>\n<p>Fr\u00e9d\u00e9ric Merlin conserverait toutefois l\u2019exploitation commerciale du BHV.<\/p>\n<p>Le projet d\u2019installation de la marque chinoise Shein au BHV a suscit\u00e9 de vives critiques, fragilisant le tour de table financier initial. Une controverse qui a notamment conduit la Banque des territoires \u00e0 se retirer des discussions et a incit\u00e9 les Galeries Lafayette \u00e0 prendre leurs distances avec le groupe lyonnais afin de pr\u00e9server leur image.<\/p>\n<p>Le partenariat entre Galeries Lafayette et SGM pour des magasins r\u00e9gionaux sous l\u2019enseigne BHV a \u00e9t\u00e9 abandonn\u00e9, tandis que la Ville de Paris a manifest\u00e9 son int\u00e9r\u00eat pour le rachat des murs, compliquant davantage le dossier.<\/p>\n","protected":false},"excerpt":{"rendered":"Apr\u00e8s l\u2019\u00e9chec des discussions avec le groupe lyonnais SGM de Fr\u00e9d\u00e9ric Merlin, les Galeries Lafayette ont engag\u00e9 des&hellip;\n","protected":false},"author":2,"featured_media":614992,"comment_status":"","ping_status":"","sticky":false,"template":"","format":"standard","meta":{"footnotes":""},"categories":[1889],"tags":[1111,11,2813,2190,2430,1109,251,1112,2811,1777,674,118,1011,27,1922,1110,1114,2428,2810,12,241,316,25,2812,517,800],"class_list":{"0":"post-614991","1":"post","2":"type-post","3":"status-publish","4":"format-standard","5":"has-post-thumbnail","7":"category-lyon","8":"tag-actu","9":"tag-actualites","10":"tag-article","11":"tag-asvel","12":"tag-auvergne-rhone-alpes","13":"tag-breves","14":"tag-culture","15":"tag-depeches","16":"tag-economique","17":"tag-eu","18":"tag-europe","19":"tag-faits-divers","20":"tag-fr","21":"tag-france","22":"tag-info","23":"tag-informations","24":"tag-infos","25":"tag-lyon","26":"tag-lyonmag","27":"tag-news","28":"tag-ol","29":"tag-politique","30":"tag-republique-francaise","31":"tag-sociale","32":"tag-sport","33":"tag-transports"},"share_on_mastodon":{"url":"https:\/\/pubeurope.com\/@fr\/115761005513125212","error":""},"_links":{"self":[{"href":"https:\/\/www.europesays.com\/fr\/wp-json\/wp\/v2\/posts\/614991","targetHints":{"allow":["GET"]}}],"collection":[{"href":"https:\/\/www.europesays.com\/fr\/wp-json\/wp\/v2\/posts"}],"about":[{"href":"https:\/\/www.europesays.com\/fr\/wp-json\/wp\/v2\/types\/post"}],"author":[{"embeddable":true,"href":"https:\/\/www.europesays.com\/fr\/wp-json\/wp\/v2\/users\/2"}],"replies":[{"embeddable":true,"href":"https:\/\/www.europesays.com\/fr\/wp-json\/wp\/v2\/comments?post=614991"}],"version-history":[{"count":0,"href":"https:\/\/www.europesays.com\/fr\/wp-json\/wp\/v2\/posts\/614991\/revisions"}],"wp:featuredmedia":[{"embeddable":true,"href":"https:\/\/www.europesays.com\/fr\/wp-json\/wp\/v2\/media\/614992"}],"wp:attachment":[{"href":"https:\/\/www.europesays.com\/fr\/wp-json\/wp\/v2\/media?parent=614991"}],"wp:term":[{"taxonomy":"category","embeddable":true,"href":"https:\/\/www.europesays.com\/fr\/wp-json\/wp\/v2\/categories?post=614991"},{"taxonomy":"post_tag","embeddable":true,"href":"https:\/\/www.europesays.com\/fr\/wp-json\/wp\/v2\/tags?post=614991"}],"curies":[{"name":"wp","href":"https:\/\/api.w.org\/{rel}","templated":true}]}}