{"id":61500,"date":"2025-04-29T09:58:08","date_gmt":"2025-04-29T09:58:08","guid":{"rendered":"https:\/\/www.europesays.com\/fr\/61500\/"},"modified":"2025-04-29T09:58:08","modified_gmt":"2025-04-29T09:58:08","slug":"ce-championnat-insolite-reunira-des-lyceens-du-monde-entier-a-merignac","status":"publish","type":"post","link":"https:\/\/www.europesays.com\/fr\/61500\/","title":{"rendered":"Ce championnat insolite r\u00e9unira des lyc\u00e9ens du monde entier \u00e0 M\u00e9rignac"},"content":{"rendered":"<p>            Par<br \/>\n        <strong><br \/>\n            <a href=\"https:\/\/actu.fr\/auteur\/aurelien-cardot\" title=\"Consulter tous les articles de Aurelien Cardot\" rel=\"nofollow noopener\" target=\"_blank\">Aurelien Cardot<\/a><br \/>\n        <\/strong><\/p>\n<p>        Publi\u00e9 le<\/p>\n<p>            29 avr. 2025 \u00e0 11h38        <\/p>\n<p>Br\u00e9sil, Argentine, Taiwan, Colombie, Mexique, \u00c9tats-Unis, Finlande, R\u00e9publique tch\u00e8que, Tha\u00eflande et Italie\u2009: <strong>des lyc\u00e9ens du monde entier<\/strong> seront r\u00e9unis en mai \u00e0 <a href=\"https:\/\/actu.fr\/nouvelle-aquitaine\/merignac_33281\" rel=\"nofollow noopener\" target=\"_blank\">M\u00e9rignac (Gironde)<\/a> pour une comp\u00e9tition insolite.<\/p>\n<p class=\" wall-content\">Le 17\u00a0mai 2025, le complexe sportif Daniel Colombier accueillera la troisi\u00e8me \u00e9dition du <strong>Championnat du monde de lancer d\u2019avion en papier<\/strong>.<\/p>\n<p class=\" wall-content\">L\u2019\u00e9v\u00e9nement est ouvert \u00e0 tous, petits et grands, avec des qualifications qui se tiendront de 12\u2009h \u00e0 15\u2009h. Parmi les participants, le <strong>champion de France<\/strong> Julien Mathieu sera \u00e9galement pr\u00e9sent.<\/p>\n<p>Un programme anim\u00e9<\/p>\n<p class=\" wall-content\">En parall\u00e8le de la comp\u00e9tition, des animations th\u00e9matiques sur l\u2019environnement seront propos\u00e9es, deux <strong>simulateurs de vol<\/strong> seront disponibles \u00e0 l\u2019essai, et des <strong>concerts<\/strong> auront lieu toute la journ\u00e9e.<\/p>\n<p class=\" wall-content\"><strong>De nombreux lots seront \u00e0 gagner<\/strong> tout au long de l\u2019\u00e9v\u00e9nement, dont des maquettes d\u2019avions, des trottinettes \u00e9lectriques, un vol au-dessus du bassin, un week-end et un des fameux simulateurs de vol.<\/p>\n<p>Vid\u00e9os : en ce moment sur Actu<\/p>\n<p class=\" wall-content\">L\u2019entr\u00e9e spectateurs est gratuite pour tous, et pour les comp\u00e9titeurs, <a href=\"https:\/\/championnatavionpapier.fr\/\" rel=\"nofollow noopener\" target=\"_blank\">le co\u00fbt d\u2019inscription<\/a> au championnat est de 8\u00a0euros. Organis\u00e9 par le Rotary de M\u00e9rignac et la Ville, l\u2019\u00e9v\u00e9nement est au <strong>profit de l\u2019association de D\u00e9fense des For\u00eats Contre les Incendies.<\/strong><\/p>\n<p class=\" wall-content\">Suivez toute l\u2019actualit\u00e9 de vos villes et m\u00e9dias favoris en vous inscrivant \u00e0 <a href=\"https:\/\/moncompte.actu.fr\" title=\"D\u00e9couvez Mon Actu\" rel=\"nofollow noopener\" data-trk=\"{&quot;cta&quot;:{&quot;action&quot;:&quot;https:\\\/\\\/moncompte.actu.fr&quot;,&quot;category&quot;:&quot;mon compte&quot;,&quot;from&quot;:&quot;article footer&quot;,&quot;name&quot;:&quot;Mon actu&quot;,&quot;type&quot;:&quot;cta&quot;}}\" target=\"_blank\">Mon Actu<\/a>.<\/p>\n","protected":false},"excerpt":{"rendered":"Par Aurelien Cardot Publi\u00e9 le 29 avr. 2025 \u00e0 11h38 Br\u00e9sil, Argentine, Taiwan, Colombie, Mexique, \u00c9tats-Unis, Finlande, R\u00e9publique&hellip;\n","protected":false},"author":2,"featured_media":61501,"comment_status":"","ping_status":"","sticky":false,"template":"","format":"standard","meta":{"footnotes":""},"categories":[2817],"tags":[1111,11,1997,1777,674,1011,27,1757,12,2219,25],"class_list":{"0":"post-61500","1":"post","2":"type-post","3":"status-publish","4":"format-standard","5":"has-post-thumbnail","7":"category-bordeaux","8":"tag-actu","9":"tag-actualites","10":"tag-bordeaux","11":"tag-eu","12":"tag-europe","13":"tag-fr","14":"tag-france","15":"tag-insolite","16":"tag-news","17":"tag-nouvelle-aquitaine","18":"tag-republique-francaise"},"share_on_mastodon":{"url":"https:\/\/pubeurope.com\/@fr\/114420666027712711","error":""},"_links":{"self":[{"href":"https:\/\/www.europesays.com\/fr\/wp-json\/wp\/v2\/posts\/61500","targetHints":{"allow":["GET"]}}],"collection":[{"href":"https:\/\/www.europesays.com\/fr\/wp-json\/wp\/v2\/posts"}],"about":[{"href":"https:\/\/www.europesays.com\/fr\/wp-json\/wp\/v2\/types\/post"}],"author":[{"embeddable":true,"href":"https:\/\/www.europesays.com\/fr\/wp-json\/wp\/v2\/users\/2"}],"replies":[{"embeddable":true,"href":"https:\/\/www.europesays.com\/fr\/wp-json\/wp\/v2\/comments?post=61500"}],"version-history":[{"count":0,"href":"https:\/\/www.europesays.com\/fr\/wp-json\/wp\/v2\/posts\/61500\/revisions"}],"wp:featuredmedia":[{"embeddable":true,"href":"https:\/\/www.europesays.com\/fr\/wp-json\/wp\/v2\/media\/61501"}],"wp:attachment":[{"href":"https:\/\/www.europesays.com\/fr\/wp-json\/wp\/v2\/media?parent=61500"}],"wp:term":[{"taxonomy":"category","embeddable":true,"href":"https:\/\/www.europesays.com\/fr\/wp-json\/wp\/v2\/categories?post=61500"},{"taxonomy":"post_tag","embeddable":true,"href":"https:\/\/www.europesays.com\/fr\/wp-json\/wp\/v2\/tags?post=61500"}],"curies":[{"name":"wp","href":"https:\/\/api.w.org\/{rel}","templated":true}]}}