{"id":615007,"date":"2025-12-22T03:14:22","date_gmt":"2025-12-22T03:14:22","guid":{"rendered":"https:\/\/www.europesays.com\/fr\/615007\/"},"modified":"2025-12-22T03:14:22","modified_gmt":"2025-12-22T03:14:22","slug":"le-premier-ministre-britannique-keir-starmer-echange-avec-trump-sur-les-efforts-de-paix-en-ukraine","status":"publish","type":"post","link":"https:\/\/www.europesays.com\/fr\/615007\/","title":{"rendered":"Le Premier ministre britannique Keir Starmer \u00e9change avec Trump sur les efforts de paix en Ukraine"},"content":{"rendered":"<p>AA\/Londres\/ Burak Bir<\/p>\n<p>Le Premier ministre britannique Keir Starmer et le pr\u00e9sident am\u00e9ricain Donald Trump ont \u00e9voqu\u00e9 dimanche les efforts en cours pour mettre fin \u00e0 la guerre entre la Russie et l\u2019Ukraine.<\/p>\n<p>Dans un communiqu\u00e9, les services du Premier ministre britannique ont indiqu\u00e9 que les deux dirigeants avaient abord\u00e9, lors d\u2019un entretien t\u00e9l\u00e9phonique dimanche apr\u00e8s-midi, les initiatives visant \u00e0 parvenir \u00e0 un r\u00e8glement du conflit en Ukraine.<\/p>\n<p>\u00ab Le Premier ministre a fait le point sur les travaux men\u00e9s par la Coalition des volontaires afin de soutenir tout accord de paix et de garantir une fin juste et durable des hostilit\u00e9s \u00bb, pr\u00e9cise le communiqu\u00e9.<\/p>\n<p>Cet \u00e9change intervient apr\u00e8s que Keir Starmer a co-pr\u00e9sid\u00e9, la semaine derni\u00e8re, une r\u00e9union virtuelle de la Coalition des volontaires. Les participants ont alors estim\u00e9 qu\u2019il s\u2019agissait d\u2019un \u00ab moment d\u00e9cisif \u00bb pour l\u2019Ukraine, son peuple et pour la s\u00e9curit\u00e9 partag\u00e9e de l\u2019ensemble de la r\u00e9gion euro-atlantique.<\/p>\n<p>Les deux dirigeants ont \u00e9galement discut\u00e9 de la situation sur le terrain \u00e0 Gaza, o\u00f9 plus de 71 000 Palestiniens ont \u00e9t\u00e9 tu\u00e9s dans les attaques isra\u00e9liennes depuis octobre 2023.<\/p>\n<p>Malgr\u00e9 le cessez-le-feu entr\u00e9 en vigueur le 10 octobre, Isra\u00ebl continue de violer l\u2019accord en n\u2019autorisant pas l\u2019entr\u00e9e des quantit\u00e9s convenues de camions d\u2019aide m\u00e9dicale, aggravant ce que le minist\u00e8re de la Sant\u00e9 qualifie d\u2019\u00ab urgence sanitaire critique et persistante \u00bb.<\/p>\n<p>Le communiqu\u00e9 indique enfin que Keir Starmer a inform\u00e9 son interlocuteur de la nomination du nouveau ambassadeur britannique aux \u00c9tats-Unis, Christian Turner, soulignant que cette d\u00e9signation contribuera \u00e0 renforcer davantage les relations entre les deux pays.<\/p>\n<p>Le gouvernement britannique a nomm\u00e9 Christian Turner jeudi, en remplacement de Peter Mandelson, limog\u00e9 en septembre dans un contexte de controverse li\u00e9e \u00e0 ses relations avec le d\u00e9linquant sexuel condamn\u00e9 Jeffrey Epstein, aujourd\u2019hui d\u00e9c\u00e9d\u00e9.<\/p>\n<p>*Traduit de l&rsquo;anglais par Sanaa Amir<\/p>\n<p>                            &#13;<br \/>\n                                <a href=\"https:\/\/www.aa.com.tr\/fr\/p\/abonnement\/1001\" target=\"_blank\" style=\"font-size:12px; color:#444; text-decoration:none;\" rel=\"noopener\">&#13;<br \/>\n                                    Seulement une partie des d\u00e9p\u00eaches, que l&rsquo;Agence Anadolu diffuse \u00e0 ses abonn\u00e9s via le Syst\u00e8me de Diffusion interne (HAS), est diffus\u00e9e sur le site de l&rsquo;AA, de mani\u00e8re r\u00e9sum\u00e9e. <b style=\"color:#1897F7\">Contactez-nous s&rsquo;il vous pla\u00eet pour vous abonner.<\/b>&#13;<br \/>\n                                <\/a>&#13;<\/p>\n","protected":false},"excerpt":{"rendered":"AA\/Londres\/ Burak Bir Le Premier ministre britannique Keir Starmer et le pr\u00e9sident am\u00e9ricain Donald Trump ont \u00e9voqu\u00e9 dimanche&hellip;\n","protected":false},"author":2,"featured_media":615008,"comment_status":"","ping_status":"","sticky":false,"template":"","format":"standard","meta":{"footnotes":""},"categories":[1590],"tags":[11,1785,75,1777,674,2581,12,3518,132,220],"class_list":{"0":"post-615007","1":"post","2":"type-post","3":"status-publish","4":"format-standard","5":"has-post-thumbnail","7":"category-ukraine","8":"tag-actualites","9":"tag-anadolu-ajansi","10":"tag-donald-trump","11":"tag-eu","12":"tag-europe","13":"tag-keir-starmer","14":"tag-news","15":"tag-palestine","16":"tag-russie","17":"tag-ukraine"},"share_on_mastodon":{"url":"https:\/\/pubeurope.com\/@fr\/115761044764142422","error":""},"_links":{"self":[{"href":"https:\/\/www.europesays.com\/fr\/wp-json\/wp\/v2\/posts\/615007","targetHints":{"allow":["GET"]}}],"collection":[{"href":"https:\/\/www.europesays.com\/fr\/wp-json\/wp\/v2\/posts"}],"about":[{"href":"https:\/\/www.europesays.com\/fr\/wp-json\/wp\/v2\/types\/post"}],"author":[{"embeddable":true,"href":"https:\/\/www.europesays.com\/fr\/wp-json\/wp\/v2\/users\/2"}],"replies":[{"embeddable":true,"href":"https:\/\/www.europesays.com\/fr\/wp-json\/wp\/v2\/comments?post=615007"}],"version-history":[{"count":0,"href":"https:\/\/www.europesays.com\/fr\/wp-json\/wp\/v2\/posts\/615007\/revisions"}],"wp:featuredmedia":[{"embeddable":true,"href":"https:\/\/www.europesays.com\/fr\/wp-json\/wp\/v2\/media\/615008"}],"wp:attachment":[{"href":"https:\/\/www.europesays.com\/fr\/wp-json\/wp\/v2\/media?parent=615007"}],"wp:term":[{"taxonomy":"category","embeddable":true,"href":"https:\/\/www.europesays.com\/fr\/wp-json\/wp\/v2\/categories?post=615007"},{"taxonomy":"post_tag","embeddable":true,"href":"https:\/\/www.europesays.com\/fr\/wp-json\/wp\/v2\/tags?post=615007"}],"curies":[{"name":"wp","href":"https:\/\/api.w.org\/{rel}","templated":true}]}}