{"id":61502,"date":"2025-04-29T09:59:10","date_gmt":"2025-04-29T09:59:10","guid":{"rendered":"https:\/\/www.europesays.com\/fr\/61502\/"},"modified":"2025-04-29T09:59:10","modified_gmt":"2025-04-29T09:59:10","slug":"les-herbiers-bordeaux-sur-quelle-chaine-et-comment-regarder-le-match-des-girondins","status":"publish","type":"post","link":"https:\/\/www.europesays.com\/fr\/61502\/","title":{"rendered":"Les Herbiers-Bordeaux : sur quelle cha\u00eene et comment regarder le match des Girondins ?"},"content":{"rendered":"<p><img decoding=\"async\" src=\"https:\/\/www.europesays.com\/fr\/wp-content\/uploads\/2025\/04\/671_d6702845ec1f8be477ddfb9a593bebc9.jpg\" alt=\"Les Herbiers-Bordeaux : sur quelle cha\u00eene et comment regarder le match des Girondins ?\" class=\"img-responsive mt-3\"\/><\/p>\n<p class=\"text-center mb-3\" style=\"font-size: 14px\">\u00a9 Iconsport<\/p>\n<p>      <strong>Sur TV7, avant match et D\u00e9brief \u00e0 Chaud sur WebGirondins<\/strong><\/p>\n<p style=\"text-align: justify;\">\u00a0<\/p>\n<p style=\"text-align: justify;\">Pour cette rencontre qui se joue \u00e0 l&rsquo;ext\u00e9rieur, si vous n&rsquo;\u00eates pas au stade, vous pouvez voir le match sur la cha\u00eene locale TV7. La cha\u00eene est accessible sur le site de Sud Ouest et sur le canal 33 de la TNT.<\/p>\n<p style=\"text-align: justify;\">Voici comment la trouver sur les diff\u00e9rentes box Internet : SFR (canal 491), Orange (Canal 355), Bbox (canal 334), free (canal 901).<\/p>\n<p style=\"text-align: justify;\">De plus, nous vous proposons un avant-match en direct \u00e0 17h15 sur WebGirondins, ainsi qu&rsquo;un live texte sur WebGirondins d\u00e8s 17h45, et le D\u00e9brief \u00e0 Chaud du match d\u00e8s 20h en direct sur\u00a0<a href=\"https:\/\/www.youtube.com\/channel\/UCkyRgJ6uhixmPRaSKiEI9aw?view_as=subscriber\" target=\"_blank\" rel=\"noopener\">notre cha\u00eene YouTube<\/a> avec les r\u00e9actions en live d\u00e8s le coup de sifflet final. Nous serons en duplex depuis le Stade Massabielle aux Herbiers.<\/p>\n<p class=\"p1\">\u00c0 lire &gt;&gt;\u00a0<strong><a href=\"https:\/\/www.webgirondins.com\/actualite-girondins-girondins-gerard-lopez-recherche-des-investisseurs-pour-bordeaux-127833\" target=\"_blank\" rel=\"noopener\">G\u00e9rard Lopez recherche des investisseurs pour Bordeaux<\/a><\/strong><\/p>\n<p>Notre podcast court \u00e0 \u00e9couter :<\/p>\n<p>\u00a0<\/p>\n","protected":false},"excerpt":{"rendered":"\u00a9 Iconsport Sur TV7, avant match et D\u00e9brief \u00e0 Chaud sur WebGirondins \u00a0 Pour cette rencontre qui se&hellip;\n","protected":false},"author":2,"featured_media":30140,"comment_status":"","ping_status":"","sticky":false,"template":"","format":"standard","meta":{"footnotes":""},"categories":[2817],"tags":[1111,11,1997,3839,20,15921,15919,1777,674,2823,1011,27,1987,2705,14979,3465,3289,15920,955,3238,12,2219,3837,10432,5486,25,3982,6690,2858],"class_list":{"0":"post-61502","1":"post","2":"type-post","3":"status-publish","4":"format-standard","5":"has-post-thumbnail","7":"category-bordeaux","8":"tag-actu","9":"tag-actualites","10":"tag-bordeaux","11":"tag-chaine","12":"tag-comment","13":"tag-diffusee","14":"tag-disputent","15":"tag-eu","16":"tag-europe","17":"tag-face","18":"tag-fr","19":"tag-france","20":"tag-girondins","21":"tag-groupe","22":"tag-herbiers","23":"tag-journee","24":"tag-leur","25":"tag-massabielle","26":"tag-match","27":"tag-national","28":"tag-news","29":"tag-nouvelle-aquitaine","30":"tag-quelle","31":"tag-regarder","32":"tag-rencontre","33":"tag-republique-francaise","34":"tag-samedi","35":"tag-sera","36":"tag-stade"},"share_on_mastodon":{"url":"https:\/\/pubeurope.com\/@fr\/114420669759101640","error":""},"_links":{"self":[{"href":"https:\/\/www.europesays.com\/fr\/wp-json\/wp\/v2\/posts\/61502","targetHints":{"allow":["GET"]}}],"collection":[{"href":"https:\/\/www.europesays.com\/fr\/wp-json\/wp\/v2\/posts"}],"about":[{"href":"https:\/\/www.europesays.com\/fr\/wp-json\/wp\/v2\/types\/post"}],"author":[{"embeddable":true,"href":"https:\/\/www.europesays.com\/fr\/wp-json\/wp\/v2\/users\/2"}],"replies":[{"embeddable":true,"href":"https:\/\/www.europesays.com\/fr\/wp-json\/wp\/v2\/comments?post=61502"}],"version-history":[{"count":0,"href":"https:\/\/www.europesays.com\/fr\/wp-json\/wp\/v2\/posts\/61502\/revisions"}],"wp:featuredmedia":[{"embeddable":true,"href":"https:\/\/www.europesays.com\/fr\/wp-json\/wp\/v2\/media\/30140"}],"wp:attachment":[{"href":"https:\/\/www.europesays.com\/fr\/wp-json\/wp\/v2\/media?parent=61502"}],"wp:term":[{"taxonomy":"category","embeddable":true,"href":"https:\/\/www.europesays.com\/fr\/wp-json\/wp\/v2\/categories?post=61502"},{"taxonomy":"post_tag","embeddable":true,"href":"https:\/\/www.europesays.com\/fr\/wp-json\/wp\/v2\/tags?post=61502"}],"curies":[{"name":"wp","href":"https:\/\/api.w.org\/{rel}","templated":true}]}}