{"id":615026,"date":"2025-12-22T03:31:13","date_gmt":"2025-12-22T03:31:13","guid":{"rendered":"https:\/\/www.europesays.com\/fr\/615026\/"},"modified":"2025-12-22T03:31:13","modified_gmt":"2025-12-22T03:31:13","slug":"les-manchois-realisent-un-carton-au-championnat-de-normandie","status":"publish","type":"post","link":"https:\/\/www.europesays.com\/fr\/615026\/","title":{"rendered":"les Manchois r\u00e9alisent un carton au championnat de Normandie"},"content":{"rendered":"<p>                    Par<br \/>\n        <strong><br \/>\n            <a href=\"https:\/\/actu.fr\/auteur\/b-hue\" title=\"Consulter tous les articles de Baptiste Hue\" target=\"_blank\" rel=\"noopener\">Baptiste Hue<\/a><br \/>\n                    <\/strong><\/p>\n<p>        Publi\u00e9 le<\/p>\n<p>            21 d\u00e9c. 2025 \u00e0 17h51        <\/p>\n<p>Le roi <a href=\"https:\/\/actu.fr\/normandie\/bricquebec-en-cotentin_50082\/en-images-cyclisme-cyprien-gilles-remporte-le-gp-de-la-sainte-anne_62962096.html\" target=\"_blank\" rel=\"noopener\">Cyprien Gilles<\/a> est tomb\u00e9 de son fauteuil\u2009! Vainqueur des trois pr\u00e9c\u00e9dentes \u00e9ditions du <b>championnat de Normandie<\/b>, le coureur de l\u2019ES Torigni a \u00e9t\u00e9 domin\u00e9 ce <b>dimanche 21 d\u00e9cembre 2025 <\/b>\u00e0 <a href=\"https:\/\/actu.fr\/normandie\/fecamp_76259\" target=\"_blank\" rel=\"noopener\">F\u00e9camp<\/a> (Seine-Maritime) par le Saint-Lois <b>Maxence Lemardel\u00e9<\/b>, 2e l\u2019an pass\u00e9.<\/p>\n<p class=\" wall-content\">Le podium est 100\u2009% manchois puisque<b> le Brion Th\u00e9o Gu\u00e9ret (ES Torigni) prend une magnifique 3e place<\/b>.<\/p>\n<p class=\" wall-content\">Chez les femmes, la Digosvillaise <a href=\"https:\/\/actu.fr\/normandie\/digosville_50162\/cyclo-cross-pauline-bramoulle-affiche-ses-ambitions-avant-la-coupe-de-france_63569074.html\" target=\"_blank\" rel=\"noopener\">Pauline Bramoull\u00e9<\/a> termine 2e mais se console avec le maillot de championne de Normandie U23.<\/p>\n<p class=\" wall-content\"><b>\u00c0 noter \u00e9galement les titres d\u00e9croch\u00e9s par les jeunes Saint-Lois Timoth\u00e9 Mary (U19) et Kimmy Letouz\u00e9 (U17). <\/b>Trois titres repartent \u00e9galement dans le Sud-Manche, en U15 avec <b>Lilian Clouard<\/b> (VC Saint-Hilaire), en U15 filles avec <b>Tana\u00efs Yvai<\/b> (VC Le Teilleul) et en U17 filles avec <b>Louna Baby<\/b> (Mortain).<\/p>\n<p>Classements<\/p>\n<ul class=\" wall-content\">\n<li><b>Hommes\u2009: <\/b>1. Maxence Lemardel\u00e9 (VC Saint-L\u00f4-Pont-H\u00e9bert)\u2009; 2. Cyprien Gilles (ES Torigni) \u00e0 49\u00a0\u00bb\u2009; 3. Th\u00e9o Gu\u00e9ret (ES Torigni) \u00e0 1\u201929\u00a0\u00bb\u2009; 4. Arthur Tropardy (VC Rouen, 1er Master) \u00e0 2\u201938\u00a0\u00bb\u2009; 5. Gabin Dubosq (Vire, 1er U23) \u00e0 2\u201944\u00a0\u00bb\u2009; 6. Joris Lepoittevin-Dubost (Team Bricquebec Cotentin)\u2009; 7. Simon Lepoittevin-Dubost (EC Saint-Vigor)\u2009; 8. Sohan Herpin (Moyon-Percy VC, 2e U23)\u2009; 9. Martin Levillain (VC Saint-L\u00f4-Pont-H\u00e9bert, 3e U23)\u2009; 10. Ronan Fauvel (ES Torigni)\u2009; 11. Tom Busnel (Vire)\u2009; 12. L\u00e9o Delprat (ES Torigni)\u2009; 13. Jean-Jacques M\u00e9dard (AS Tourlaville, 2e Master)\u2009; 14. Toby Chatonnet (Team Bricquebec Cotentin)\u2009; 15. Jules Radoux (AS Tr\u00e9port)\u2009; 16. Audric Fouquet (VC Saint-L\u00f4-Pont-H\u00e9bert)\u2009; 17. Aur\u00e9lien Vauquelin (VC Saulc\u00e9en les Elbeuf, 3e Master)\u2009; 18. Matis Louvel (Isra\u00ebl-Premier Tech)\u2009; 19. Vincent Rignault (ES Caen)\u2009; 20. Pierre Bouffay (AC Montivilliers)\u2009; 21. Nicolas Douville (Moyon-Percy VC)\u2009; 22. Paul Simonne (VC Saint-L\u00f4-Pont-H\u00e9bert)\u2009; 23. Baptiste Gallais (La Feuilie)\u2009; 24. Cl\u00e9ment Martin (AS Tourlaville)\u2009; 25. Alexis Mouchard (Coeur de Caux)\u2026 57 partants, 48 class\u00e9s.<\/li>\n<li><b>Femmes\u2009:<\/b> 1. Hugoline Roger (Briouze)\u2009; 2. Pauline Bramoull\u00e9 (UC Alen\u00e7on-Damigny, 1re U23) \u00e0 1\u201905\u00a0\u00bb\u2009; 3. Elisa Duchemin (ESM Gonfreville l\u2019Orcher, 1re U19)\u2009; 4. Manon Bramoull\u00e9 (UC Alen\u00e7on Damigny, 2e U23)\u2009; 5. Elsa Bonnelier Caron (AS Tr\u00e9port, 3e U23)\u2009; 6. Jade Auvray (Briouze, 2e U19)\u2026 ; 8. No\u00ebmie Delafosse (VC Saint-L\u00f4-Pont-H\u00e9bert, 3e U19)\u2026<\/li>\n<li><b>Masters (+ 50\u00a0ans) : <\/b>1. Cyrille Bonnand (VC Trouville-Deauville)\u2009; 2. G\u00e9rard Bramoull\u00e9 (VCC Les Pieux)\u2009; 3. Franck Motard (UC Landellaise)\u2009; 4. Gr\u00e9gory Martin (AS Tourlaville)\u2026<\/li>\n<li><b>U19 gar\u00e7ons\u2009: <\/b>1. Timoth\u00e9 Mary (VC Saint-L\u00f4-Pont-H\u00e9bert)\u2009; 2. Charlie Dugay (Moyon-Percy VC) \u00e0 1\u201946\u00a0\u00bb\u2009; 3. Clovis Dhondt (AS Tr\u00e9port) \u00e0 2\u201901\u00a0\u00bb\u2009; 4. Cl\u00e9ment Tessier (VC Avranches)\u2009; 5. Thomas Chesnel (Vire)\u2009; 6. Noa Lemouton (VC Saint-L\u00f4-Pont-H\u00e9bert)\u2009; 7. Lucas Delahais (VC Saint-L\u00f4-Pont-H\u00e9bert)\u2009; 8. Ana\u00ebl Boisivon (VC Avranches)\u2026 ; 10. Alexandre Lecollinet (VC Avranches)\u2009; 11. Alexandre Brice (VC Saint-L\u00f4-Pont-H\u00e9bert)\u2009; 13. Hugo Brotin (VC Saint-L\u00f4-Pont-H\u00e9bert)\u2009; 14. Cl\u00e9ment Binet (AG Orval Coutances)\u2026<\/li>\n<li><b>U17 gar\u00e7ons\u2009: <\/b>1. Kimmy Letouz\u00e9 (VC Saint-L\u00f4-Pont-H\u00e9bert)\u2009; 2. Aaron Codabey (AS Tourlaville) \u00e0 22\u00a0\u00bb\u2009; 3. Nathan Roussel (Briouze) \u00e0 58\u00a0\u00bb\u2009; 4. Antoine Abraham (USSAPB)\u2009; 5. Evan Berhault (VC Saint-Hilaire)\u2009; 6. Nathan Chauvel (VC Saint-Hilaire)\u2009; 7. Guillaume Marie (ES Torigni)\u2026 ; 11. K\u00e9zian Boisloret (VC Saint-Hilaire)\u2009; 16. Elouan Corbet (AS Tourlaville)\u2009; 19. L\u00e9opold Lavillonni\u00e8re (AS Tourlaville)\u2026<\/li>\n<li><b>U17 filles\u2009: <\/b>1. Louna Baby (Mortain)\u2009; 2. Hermine Gille (UV Neubourg) \u00e0 2\u201945\u00a0\u00bb\u2009; 3. Pauline Mongreville (USSAPB)\u2009; 4. Ad\u00e9lie Martin (AS Tourlaville)\u2026<\/li>\n<li><b>U15 gar\u00e7ons\u2009: <\/b>1. Lilian Clouard (VC Saint-Hilaire)\u2009; 2. Erwan Caron de Fromentel (AS Tr\u00e9port) \u00e0 24\u00a0\u00bb\u2009; 3. Simon Bebin (Vire) \u00e0 28\u00a0\u00bb\u2009; 4. Tim\u00e9o Geslin (VC Le Teilleul)\u2009; 5. Antonin Chabot Toullier (Vire)\u2009; 6. Hugo Pestel (VC Saint-Hilaire)\u2026 ; 8. Titouan Fautrat (AS Tourlaville)\u2009; 10. Axel Barbier (Moyon-Percy VC)\u2009; 13. Lony Douville (Moyon-Percy VC)\u2009; 18. Noa Marie (P\u00e9riers)\u2026<\/li>\n<li><b>U15 filles\u2009:<\/b> 1. Tana\u00efs Yvai (VC Le Teilleul)\u2009; 2. Elo\u00efse Duchand (P\u00e9riers)\u2009; 3. Zia B\u00e9atrix (VC Le Teilleul)\u2009; 4. Ninon Dugay (P\u00e9riers).<\/li>\n<\/ul>\n<p class=\" wall-content\">Personnalisez votre actualit\u00e9 en ajoutant vos villes et m\u00e9dias en favori avec <a href=\"https:\/\/moncompte.actu.fr\" title=\"D\u00e9couvez Mon Actu\" rel=\"nofollow noopener\" data-trk=\"{&quot;cta&quot;:{&quot;action&quot;:&quot;https:\\\/\\\/moncompte.actu.fr&quot;,&quot;category&quot;:&quot;mon compte&quot;,&quot;from&quot;:&quot;article footer&quot;,&quot;name&quot;:&quot;Mon actu&quot;,&quot;type&quot;:&quot;cta&quot;}}\" target=\"_blank\">Mon Actu<\/a>.<\/p>\n","protected":false},"excerpt":{"rendered":"Par Baptiste Hue Publi\u00e9 le 21 d\u00e9c. 2025 \u00e0 17h51 Le roi Cyprien Gilles est tomb\u00e9 de son&hellip;\n","protected":false},"author":2,"featured_media":615027,"comment_status":"","ping_status":"","sticky":false,"template":"","format":"standard","meta":{"footnotes":""},"categories":[1411],"tags":[3168,1154,207,1011,27,60],"class_list":{"0":"post-615026","1":"post","2":"type-post","3":"status-publish","4":"format-standard","5":"has-post-thumbnail","7":"category-cyclisme","8":"tag-cotentin","9":"tag-cycling","10":"tag-cyclisme","11":"tag-fr","12":"tag-france","13":"tag-sports"},"share_on_mastodon":{"url":"https:\/\/pubeurope.com\/@fr\/115761111644391881","error":""},"_links":{"self":[{"href":"https:\/\/www.europesays.com\/fr\/wp-json\/wp\/v2\/posts\/615026","targetHints":{"allow":["GET"]}}],"collection":[{"href":"https:\/\/www.europesays.com\/fr\/wp-json\/wp\/v2\/posts"}],"about":[{"href":"https:\/\/www.europesays.com\/fr\/wp-json\/wp\/v2\/types\/post"}],"author":[{"embeddable":true,"href":"https:\/\/www.europesays.com\/fr\/wp-json\/wp\/v2\/users\/2"}],"replies":[{"embeddable":true,"href":"https:\/\/www.europesays.com\/fr\/wp-json\/wp\/v2\/comments?post=615026"}],"version-history":[{"count":0,"href":"https:\/\/www.europesays.com\/fr\/wp-json\/wp\/v2\/posts\/615026\/revisions"}],"wp:featuredmedia":[{"embeddable":true,"href":"https:\/\/www.europesays.com\/fr\/wp-json\/wp\/v2\/media\/615027"}],"wp:attachment":[{"href":"https:\/\/www.europesays.com\/fr\/wp-json\/wp\/v2\/media?parent=615026"}],"wp:term":[{"taxonomy":"category","embeddable":true,"href":"https:\/\/www.europesays.com\/fr\/wp-json\/wp\/v2\/categories?post=615026"},{"taxonomy":"post_tag","embeddable":true,"href":"https:\/\/www.europesays.com\/fr\/wp-json\/wp\/v2\/tags?post=615026"}],"curies":[{"name":"wp","href":"https:\/\/api.w.org\/{rel}","templated":true}]}}