{"id":615032,"date":"2025-12-22T03:36:19","date_gmt":"2025-12-22T03:36:19","guid":{"rendered":"https:\/\/www.europesays.com\/fr\/615032\/"},"modified":"2025-12-22T03:36:19","modified_gmt":"2025-12-22T03:36:19","slug":"je-suis-fiere-de-toi-jeanne-eliminee-de-la-star-academy-lucie-bernardoni-lui-adresse-un-touchant-message","status":"publish","type":"post","link":"https:\/\/www.europesays.com\/fr\/615032\/","title":{"rendered":"\u00ab\u00a0Je suis fi\u00e8re de toi\u00a0\u00bb : Jeanne \u00e9limin\u00e9e de la Star Academy, Lucie Bernardoni lui adresse un touchant message"},"content":{"rendered":"<p class=\"mb-4 text-lg md:leading-8 break-words\">Elle \u00e9tait pourtant la favorite de nombreux t\u00e9l\u00e9spectateurs. Pour la premi\u00e8re fois dans l\u2019histoire du t\u00e9l\u00e9-crochet, <a href=\"https:\/\/fr.style.yahoo.com\/certains-propos-intol%C3%A9rables-tf1-porte-141238288.html\" data-ylk=\"slk:les \u00e9l\u00e8ves de la Star Academy;elm:context_link;itc:0;sec:content-canvas;outcm:mb_qualified_link;_E:mb_qualified_link;ct:story;\" class=\"link  yahoo-link\" target=\"_blank\" rel=\"noopener\">les \u00e9l\u00e8ves de la Star Academy<\/a> ont d\u00fb s\u2019affronter en duel lors du prime des \u00ab\u00a0faces \u00e0 faces\u00a0\u00bb, diffus\u00e9 en direct ce vendredi 5 d\u00e9cembre sur TF1. Seule Anouk a \u00e9t\u00e9 immunis\u00e9e \u00e0 l\u2019issue des \u00e9valuations a cappella r\u00e9alis\u00e9es dans la semaine.<strong> Ainsi, L\u00e9a s\u2019est retrouv\u00e9e face \u00e0 Bastiann, Victor face \u00e0 Th\u00e9o P., Sarah face \u00e0 M\u00e9lissa, et Ambre face \u00e0 Jeanne.<\/strong> La soir\u00e9e a \u00e9galement r\u00e9serv\u00e9 une surprise de taille aux acad\u00e9miciens : leurs anciens camarades de promotion sont venus les rejoindre sur sc\u00e8ne pour interpr\u00e9ter le titre Happy Xmas de John Lennon, offrant un moment de retrouvailles tr\u00e8s \u00e9mouvant.<\/p>\n<p class=\"mb-4 text-lg md:leading-8 break-words\">\u00c0 l\u2019issue des prestations,<a href=\"https:\/\/fr.style.yahoo.com\/envie-faire-%C3%A9val-jeanne-star-103950997.html\" data-ylk=\"slk:c\u2019est Jeanne qui a \u00e9t\u00e9 \u00e9limin\u00e9e;elm:context_link;itc:0;sec:content-canvas;outcm:mb_qualified_link;_E:mb_qualified_link;ct:story;\" class=\"link  yahoo-link\" target=\"_blank\" rel=\"noopener\"> c\u2019est Jeanne qui a \u00e9t\u00e9 \u00e9limin\u00e9e<\/a> de l\u2019aventure. Partag\u00e9e entre la tristesse de quitter le ch\u00e2teau de Dammarie-les-Lys et la joie de retrouver ses proches ainsi que les projets qui l\u2019attendent \u00e0 l\u2019ext\u00e9rieur, la jeune chanteuse originaire d\u2019Agen a r\u00e9ussi \u00e0 garder le sourire. <strong>Et pour lui remonter le moral,<\/strong><a href=\"https:\/\/fr.style.yahoo.com\/voyais-p%C3%A8re-%C3%A0-travers-yeux-092831240.html\" data-ylk=\"slk:Nikos Aliagas lui a annonc\u00e9;elm:context_link;itc:0;sec:content-canvas;outcm:mb_qualified_link;_E:mb_qualified_link;ct:story;\" class=\"link  yahoo-link\" target=\"_blank\" rel=\"noopener\"><strong> Nikos Aliagas lui a annonc\u00e9 <\/strong><\/a><strong>que son titre <\/strong><strong>Respire fort<\/strong><strong>, sorti en juillet 2025 cumulait d\u00e9j\u00e0 <\/strong><strong>\u00ab\u00a0plus de six millions d&rsquo;\u00e9coutes\u00a0\u00bb<\/strong><strong> sur les plateformes de streaming audio. <\/strong>Quelques heures seulement apr\u00e8s sa sortie, <a href=\"https:\/\/fr.style.yahoo.com\/deux-programmes-diffus%C3%A9s-m%C3%AAme-temps-180355728.html\" data-ylk=\"slk:Lucie Bernardoni lui a adress\u00e9 un message;elm:context_link;itc:0;sec:content-canvas;outcm:mb_qualified_link;_E:mb_qualified_link;ct:story;\" class=\"link  yahoo-link\" target=\"_blank\" rel=\"noopener\">Lucie Bernardoni lui a adress\u00e9 un message<\/a> rempli d\u2019amour sur les r\u00e9seaux sociaux.<\/p>\n<p>\u00ab\u00a0Moi aussi, tu vas me manquer dans ce ch\u00e2teau\u00a0\u00bb : Lucie Bernardoni exprime toute son affection pour Jeanne<\/p>\n<p class=\"mb-4 text-lg md:leading-8 break-words\">\u00ab\u00a0Ma ch\u00e8re Jeanne, tu as v\u00e9cu une aventure magnifique et jusqu&rsquo;au bout, tu as gard\u00e9 le sourire\u00a0\u00bb, a-t-elle \u00e9crit la r\u00e9p\u00e9titrice en story Instagram. Elle a ensuite poursuivi : \u00ab\u00a0hier soir, en te prenant dans mes bras, j&rsquo;ai aussi compris que tu allais nous surprendre avec tes cr\u00e9ations, tes chansons et sur la tourn\u00e9e\u00a0\u00bb. Lucie Bernardoni a \u00e9galement tenue \u00e0 lui faire part de tout son amour. <strong>\u00ab\u00a0<\/strong><strong>Moi aussi, tu vas me manquer dans ce ch\u00e2teau. Tr\u00e8s tr\u00e8s tr\u00e8s fort. Et moi aussi, je veux un t-shirt Jeanne comme toi avec ma photo dessus, je veux le I love Jeanne<\/strong><strong>\u00ab\u00a0, peut-on lire. <\/strong>Pour rappel, le 18 d\u00e9cembre 2025, l&rsquo;acad\u00e9micienne avait port\u00e9 un haut \u00e0 l&rsquo;effigie de sa r\u00e9p\u00e9titrice. Elle avait ensuite confi\u00e9 aux autres \u00e9l\u00e8ves : \u00ab\u00a0apparemment, je ressemble \u00e0 sa fille. Et \u00e0 elle quand elle \u00e9tait jeune\u00a0\u00bb. Celle qui foulera le parquet de <a href=\"https:\/\/fr.style.yahoo.com\/retour-important-nombreuses-surprises-quil-080143331.html\" data-ylk=\"slk:la 15\u00e8me saison de Danse avec les stars;elm:context_link;itc:0;sec:content-canvas;outcm:mb_qualified_link;_E:mb_qualified_link;ct:story;\" class=\"link  yahoo-link\" target=\"_blank\" rel=\"noopener\">la 15\u00e8me saison de Danse avec les stars <\/a>a ensuite conclu : <strong>\u00ab\u00a0je suis fi\u00e8re de toi et je t&rsquo;aime de tout mon c\u0153ur. Ta r\u00e9p\u00e9titrice qui te refait aussi bien que tu me refais.<\/strong><strong>\u00a0\u00bb <\/strong><\/p>\n<p>Source :<\/p>\n<ul class=\"mb-4\">\n<li class=\"ml-4 list-disc\">\n<p class=\"mb-4 text-lg md:leading-8 break-words\">Instagram &#8211; 21\/12\/2025 : compte @luciebernardoni<\/p>\n<\/li>\n<\/ul>\n<p class=\"mb-4 text-lg md:leading-8 break-words\"><a href=\"https:\/\/www.femmeactuelle.fr\/actu\/news-actu\/je-suis-fiere-de-toi-jeanne-eliminee-de-la-star-academy-lucie-bernardoni-lui-adresse-un-touchant-message-2202505\" rel=\"nofollow noopener\" target=\"_blank\" data-ylk=\"slk:Lire l&#039;article sur le site de Femme Actuelle;elm:context_link;itc:0;sec:content-canvas\" class=\"link \">Lire l&rsquo;article sur le site de Femme Actuelle<\/a><\/p>\n","protected":false},"excerpt":{"rendered":"Elle \u00e9tait pourtant la favorite de nombreux t\u00e9l\u00e9spectateurs. Pour la premi\u00e8re fois dans l\u2019histoire du t\u00e9l\u00e9-crochet, les \u00e9l\u00e8ves&hellip;\n","protected":false},"author":2,"featured_media":615033,"comment_status":"","ping_status":"","sticky":false,"template":"","format":"standard","meta":{"footnotes":""},"categories":[1356],"tags":[194,58,59,1011,27,5568,6246,9052,5095,252,1364],"class_list":{"0":"post-615032","1":"post","2":"type-post","3":"status-publish","4":"format-standard","5":"has-post-thumbnail","7":"category-television","8":"tag-danse-avec-les-stars","9":"tag-divertissement","10":"tag-entertainment","11":"tag-fr","12":"tag-france","13":"tag-jeanne","14":"tag-john-lennon","15":"tag-lucie-bernardoni","16":"tag-star-academy","17":"tag-television","18":"tag-tv"},"share_on_mastodon":{"url":"https:\/\/pubeurope.com\/@fr\/115761131430143033","error":""},"_links":{"self":[{"href":"https:\/\/www.europesays.com\/fr\/wp-json\/wp\/v2\/posts\/615032","targetHints":{"allow":["GET"]}}],"collection":[{"href":"https:\/\/www.europesays.com\/fr\/wp-json\/wp\/v2\/posts"}],"about":[{"href":"https:\/\/www.europesays.com\/fr\/wp-json\/wp\/v2\/types\/post"}],"author":[{"embeddable":true,"href":"https:\/\/www.europesays.com\/fr\/wp-json\/wp\/v2\/users\/2"}],"replies":[{"embeddable":true,"href":"https:\/\/www.europesays.com\/fr\/wp-json\/wp\/v2\/comments?post=615032"}],"version-history":[{"count":0,"href":"https:\/\/www.europesays.com\/fr\/wp-json\/wp\/v2\/posts\/615032\/revisions"}],"wp:featuredmedia":[{"embeddable":true,"href":"https:\/\/www.europesays.com\/fr\/wp-json\/wp\/v2\/media\/615033"}],"wp:attachment":[{"href":"https:\/\/www.europesays.com\/fr\/wp-json\/wp\/v2\/media?parent=615032"}],"wp:term":[{"taxonomy":"category","embeddable":true,"href":"https:\/\/www.europesays.com\/fr\/wp-json\/wp\/v2\/categories?post=615032"},{"taxonomy":"post_tag","embeddable":true,"href":"https:\/\/www.europesays.com\/fr\/wp-json\/wp\/v2\/tags?post=615032"}],"curies":[{"name":"wp","href":"https:\/\/api.w.org\/{rel}","templated":true}]}}