{"id":615042,"date":"2025-12-22T03:41:19","date_gmt":"2025-12-22T03:41:19","guid":{"rendered":"https:\/\/www.europesays.com\/fr\/615042\/"},"modified":"2025-12-22T03:41:19","modified_gmt":"2025-12-22T03:41:19","slug":"les-dernieres-nouvelles-sur-letat-de-sante-de-lactrice-de-68-ans","status":"publish","type":"post","link":"https:\/\/www.europesays.com\/fr\/615042\/","title":{"rendered":"les derni\u00e8res nouvelles sur l&rsquo;\u00e9tat de sant\u00e9 de l&rsquo;actrice de 68\u00a0ans"},"content":{"rendered":"<p class=\"app_entry_lead\">\n<p>                    <a title=\"\u00a0\u00a9\u00a0Moritz Thibaud\/ABACA\" href=\"https:\/\/www.europesays.com\/fr\/wp-content\/uploads\/2025\/12\/83983368.jpg\" class=\"fancy\"><\/p>\n<p>                            <img loading=\"lazy\" decoding=\"async\" src=\"https:\/\/www.europesays.com\/fr\/wp-content\/uploads\/2025\/12\/83983368.jpg\" alt=\"Mimi Mathy\u00a0: les derni\u00e8res nouvelles sur l'\u00e9tat de sant\u00e9 de l'actrice de 68\u00a0ans\" width=\"1500\" height=\"1000\"\/><\/p>\n<p>                    <\/a><\/p>\n<p>                                    La com\u00e9dienne, star de \u00ab\u00a0Jos\u00e9phine ange gardien\u00a0\u00bb, se fait discr\u00e8te depuis plusieurs ann\u00e9es \u00e0 la t\u00e9l\u00e9vision.\n                            <\/p>\n<p>                Je m&rsquo;abonne \u00e0 la newsletter Bons Plans<\/p>\n<p>Apr\u00e8s deux ans d&rsquo;absence, Mimi Mathy revient dans un \u00e9pisode in\u00e9dit de Jos\u00e9phine Ange Gardien sur TF1\u00a0en cette fin d&rsquo;ann\u00e9e 2025.\u00a0Dans le nouvel \u00e9pisode programm\u00e9 le lundi 29\u00a0d\u00e9cembre, l&rsquo;intr\u00e9pide f\u00e9e viendra en aide \u00e0 Lisa, une m\u00e8re c\u00e9libataire qui veut prouver \u00e0 sa fille de 17\u00a0ans qu&rsquo;elle peut prendre sa vie en mains. Pour cela, Lisa va monter et entra\u00eener une \u00e9quipe de natation synchronis\u00e9e.<\/p>\n<p>Mais si les t\u00e9l\u00e9spectateurs seront ravis de retrouver leur h\u00e9ro\u00efne apr\u00e8s une si longue absence, la sant\u00e9 fragile de l&rsquo;actrice de 68\u00a0ans a n\u00e9cessit\u00e9 des changements sur le tournage de la s\u00e9rie. Les fans\u00a0constateront peut-\u00eatre que Mimie Mathy, qui incarne l&rsquo;ange gardien depuis 1997, rencontre d\u00e9sormais d&rsquo;importantes difficult\u00e9s \u00e0 se d\u00e9placer. Interrog\u00e9e par TV Magazine pour ce retour de Jos\u00e9phine Ange Gardien, l&rsquo;actrice a tent\u00e9 de rassurer\u00a0: \u00ab\u00a0\u00c7a va bien merci. \u00c0 part mes jambes qui sont un peu faibles, tout va bien\u00a0\u00bb.<\/p>\n<p>Mais Mimi Mathy a aussi r\u00e9v\u00e9l\u00e9 que le tournage avait d\u00fb \u00eatre adapt\u00e9 \u00e0 ses probl\u00e8mes de mobilit\u00e9. \u00ab\u00a0Je tiens debout, il n&rsquo;y a pas de soucis, mais c&rsquo;est vrai que les choses ont \u00e9t\u00e9 adapt\u00e9es\u00a0\u00bb, reconnait la com\u00e9dienne, <a href=\"https:\/\/www.linternaute.com\/television\/magazine\/7428076-les-enfoires-ces-petits-et-gros-details-que-vous-ne-verrez-peut-etre-pas-a-la-tele-les-images-en-avant-premiere\/7428116-mimi-mathy-en-fauteuil-roulant-lors-du-concert-des-enfoires\" target=\"_blank\" rel=\"noopener\">d\u00e9j\u00e0 vue en fauteuil roulant au dernier spectacle des Enfoir\u00e9s<\/a>. \u00ab\u00a0L&rsquo;avantage de Jos\u00e9phine, c&rsquo;est qu&rsquo;il lui suffit de claquer des doigts pour se retrouver ailleurs.\u00a0\u00bb<\/p>\n<p>Mimie Mathy a \u00e9galement indiqu\u00e9 marcher \u00ab\u00a0difficilement\u00a0\u00bb dans son quotidien d\u00e9sormais, tout en assurant que \u00ab\u00a0juste les jambes sont d\u00e9faillantes\u00a0\u00bb.\u00a0Aupr\u00e8s de T\u00e9l\u00e9 Loisirs l&rsquo;ann\u00e9e derni\u00e8re, elle avait d\u00e9j\u00e0 \u00e9voqu\u00e9 ces probl\u00e8mes li\u00e9s \u00e0 son\u00a0achondroplasie, une maladie g\u00e9n\u00e9tique \u00e0 l&rsquo;origine de son nanisme.\u00a0\u00ab\u00a0C&rsquo;est d\u00fb \u00e0 ma configuration\u00a0\u00bb, avait plaisant\u00e9 la com\u00e9dienne. \u00ab\u00a0J&rsquo;ai des petits soucis techniques, donc entre les moments importants, je me m\u00e9nage.\u00a0\u00bb<\/p>\n<p>Dans Vivement dimanche\u00a0ou dans Le Parisien il y a quelques mois,\u00a0 elle avait aussi avou\u00e9 avoir\u00a0\u00ab\u00a0moins de mobilit\u00e9\u00a0\u00bb et devoir se \u00ab\u00a0m\u00e9nager\u00a0\u00bb en raison d&rsquo;une \u00ab\u00a0faiblesse dans les jambes qui s&rsquo;est un peu accentu\u00e9e\u00a0\u00bb. Mais toujours en assurant aller \u00ab\u00a0tr\u00e8s bien\u00a0\u00bb. Avant ce retour de Jos\u00e9phine, la star a tenu de nouveau \u00e0 ne rien dramatiser\u00a0: \u00ab\u00a0Plus je tourne, plus je suis heureuse (&#8230;) Comme on a l&rsquo;habitude de le dire, quand le moral va, tout va\u00a0\u00bb.<\/p>\n<p>Mimie Mathy n&rsquo;a d&rsquo;ailleurs aucunement l&rsquo;intention de raccrocher le tablier de sit\u00f4t. Elle a ainsi annonc\u00e9 qu&rsquo;elle serait bien pr\u00e9sente aux prochains concerts des Enfoir\u00e9s mi-janvier 2026, une cause qui lui \u00ab\u00a0tient \u00e0 c\u0153ur\u00a0\u00bb. \u00ab\u00a0Je serai toujours pr\u00e9sente tant qu&rsquo;on voudra de moi et tant que je pourrais venir\u00a0\u00bb, a-t-elle promis.<\/p>\n<p>Quant \u00e0 l&rsquo;avenir de Jos\u00e9phine Ange Gardien, Mimie Mathy esp\u00e8re que la s\u00e9rie pourra f\u00eater ses 30\u00a0ans en 2027, une rare long\u00e9vit\u00e9 pour une fiction fran\u00e7aise. \u00ab\u00a0Je serais ravie de f\u00eater les 30\u00a0ans\u00a0\u00bb, a-t-elle confi\u00e9, assurant ainsi vouloir continuer \u00e0 apporter du r\u00e9confort aux t\u00e9l\u00e9spectateurs malgr\u00e9 les \u00e9preuves.<\/p>\n","protected":false},"excerpt":{"rendered":"La com\u00e9dienne, star de \u00ab\u00a0Jos\u00e9phine ange gardien\u00a0\u00bb, se fait discr\u00e8te depuis plusieurs ann\u00e9es \u00e0 la t\u00e9l\u00e9vision. Je m&rsquo;abonne&hellip;\n","protected":false},"author":2,"featured_media":615043,"comment_status":"","ping_status":"","sticky":false,"template":"","format":"standard","meta":{"footnotes":""},"categories":[8],"tags":[72593,51761,58,59,51763,1011,27,51979,51767,3287],"class_list":{"0":"post-615042","1":"post","2":"type-post","3":"status-publish","4":"format-standard","5":"has-post-thumbnail","7":"category-divertissement","8":"tag-cms-linternaute-9472646","9":"tag-controller-content","10":"tag-divertissement","11":"tag-entertainment","12":"tag-format-papier","13":"tag-fr","14":"tag-france","15":"tag-les-histoires-de-linternaute","16":"tag-parallaxeinfeed","17":"tag-stars"},"share_on_mastodon":{"url":"https:\/\/pubeurope.com\/@fr\/115761151668361011","error":""},"_links":{"self":[{"href":"https:\/\/www.europesays.com\/fr\/wp-json\/wp\/v2\/posts\/615042","targetHints":{"allow":["GET"]}}],"collection":[{"href":"https:\/\/www.europesays.com\/fr\/wp-json\/wp\/v2\/posts"}],"about":[{"href":"https:\/\/www.europesays.com\/fr\/wp-json\/wp\/v2\/types\/post"}],"author":[{"embeddable":true,"href":"https:\/\/www.europesays.com\/fr\/wp-json\/wp\/v2\/users\/2"}],"replies":[{"embeddable":true,"href":"https:\/\/www.europesays.com\/fr\/wp-json\/wp\/v2\/comments?post=615042"}],"version-history":[{"count":0,"href":"https:\/\/www.europesays.com\/fr\/wp-json\/wp\/v2\/posts\/615042\/revisions"}],"wp:featuredmedia":[{"embeddable":true,"href":"https:\/\/www.europesays.com\/fr\/wp-json\/wp\/v2\/media\/615043"}],"wp:attachment":[{"href":"https:\/\/www.europesays.com\/fr\/wp-json\/wp\/v2\/media?parent=615042"}],"wp:term":[{"taxonomy":"category","embeddable":true,"href":"https:\/\/www.europesays.com\/fr\/wp-json\/wp\/v2\/categories?post=615042"},{"taxonomy":"post_tag","embeddable":true,"href":"https:\/\/www.europesays.com\/fr\/wp-json\/wp\/v2\/tags?post=615042"}],"curies":[{"name":"wp","href":"https:\/\/api.w.org\/{rel}","templated":true}]}}