{"id":615049,"date":"2025-12-22T03:45:18","date_gmt":"2025-12-22T03:45:18","guid":{"rendered":"https:\/\/www.europesays.com\/fr\/615049\/"},"modified":"2025-12-22T03:45:18","modified_gmt":"2025-12-22T03:45:18","slug":"un-motard-gravement-blesse-dans-un-accident-avec-une-voiture-en-dordogne","status":"publish","type":"post","link":"https:\/\/www.europesays.com\/fr\/615049\/","title":{"rendered":"Un motard gravement bless\u00e9 dans un accident avec une voiture en Dordogne"},"content":{"rendered":"<p>Un motard a \u00e9t\u00e9 gravement bless\u00e9 dans un accident avec une voiture ce dimanche 21 d\u00e9cembre \u00e0 Brant\u00f4me. La D939, la route des Charentes a \u00e9t\u00e9 coup\u00e9e \u00e0 la circulation pour permettre l&rsquo;intervention des secours. <\/p>\n<p>Un accident de la route s&rsquo;est produit ce dimanche 21 d\u00e9cembre \u00e0 Brant\u00f4me. Les pompiers ont \u00e9t\u00e9 appel\u00e9s peu avant 17h30 pour <strong>une collision entre une voiture et une moto<\/strong> sur la tr\u00e8s passante route des Charentes, la D939, au carrefour de Limeuil \u00e0 Brant\u00f4me.<\/p>\n<p>Le motard gravement bless\u00e9<\/p>\n<p>Selon les premiers \u00e9l\u00e9ments, le motard de 47 ans a \u00e9t\u00e9 percut\u00e9 par une voiture qui arrivait du carrefour. Le motard souffre de plusieurs fractures, aux poignets. Il a \u00e9t\u00e9 transport\u00e9 \u00e0 l&rsquo;h\u00f4pital de P\u00e9rigueux. Le conducteur de la voiture est tr\u00e8s choqu\u00e9. <strong>La circulation a \u00e9t\u00e9 interrompue sur la d\u00e9partementale<\/strong>, le temps de l&rsquo;intervention des secours.<\/p>\n","protected":false},"excerpt":{"rendered":"Un motard a \u00e9t\u00e9 gravement bless\u00e9 dans un accident avec une voiture ce dimanche 21 d\u00e9cembre \u00e0 Brant\u00f4me.&hellip;\n","protected":false},"author":2,"featured_media":615050,"comment_status":"","ping_status":"","sticky":false,"template":"","format":"standard","meta":{"footnotes":""},"categories":[4],"tags":[11,1011,27,12,25],"class_list":{"0":"post-615049","1":"post","2":"type-post","3":"status-publish","4":"format-standard","5":"has-post-thumbnail","7":"category-france","8":"tag-actualites","9":"tag-fr","10":"tag-france","11":"tag-news","12":"tag-republique-francaise"},"share_on_mastodon":{"url":"https:\/\/pubeurope.com\/@fr\/115761166681487801","error":""},"_links":{"self":[{"href":"https:\/\/www.europesays.com\/fr\/wp-json\/wp\/v2\/posts\/615049","targetHints":{"allow":["GET"]}}],"collection":[{"href":"https:\/\/www.europesays.com\/fr\/wp-json\/wp\/v2\/posts"}],"about":[{"href":"https:\/\/www.europesays.com\/fr\/wp-json\/wp\/v2\/types\/post"}],"author":[{"embeddable":true,"href":"https:\/\/www.europesays.com\/fr\/wp-json\/wp\/v2\/users\/2"}],"replies":[{"embeddable":true,"href":"https:\/\/www.europesays.com\/fr\/wp-json\/wp\/v2\/comments?post=615049"}],"version-history":[{"count":0,"href":"https:\/\/www.europesays.com\/fr\/wp-json\/wp\/v2\/posts\/615049\/revisions"}],"wp:featuredmedia":[{"embeddable":true,"href":"https:\/\/www.europesays.com\/fr\/wp-json\/wp\/v2\/media\/615050"}],"wp:attachment":[{"href":"https:\/\/www.europesays.com\/fr\/wp-json\/wp\/v2\/media?parent=615049"}],"wp:term":[{"taxonomy":"category","embeddable":true,"href":"https:\/\/www.europesays.com\/fr\/wp-json\/wp\/v2\/categories?post=615049"},{"taxonomy":"post_tag","embeddable":true,"href":"https:\/\/www.europesays.com\/fr\/wp-json\/wp\/v2\/tags?post=615049"}],"curies":[{"name":"wp","href":"https:\/\/api.w.org\/{rel}","templated":true}]}}